{"id":28960,"date":"2025-10-23T08:48:10","date_gmt":"2025-10-23T08:48:10","guid":{"rendered":"https:\/\/www.europesays.com\/lv\/28960\/"},"modified":"2025-10-23T08:48:10","modified_gmt":"2025-10-23T08:48:10","slug":"notiks-trenera-ulda-drusta-pieminas-sacensibas-dzudo","status":"publish","type":"post","link":"https:\/\/www.europesays.com\/lv\/28960\/","title":{"rendered":"Notiks trenera Ulda Drusta piemi\u0146as sacens\u012bbas d\u017eudo"},"content":{"rendered":"<p>Notiks trenera Ulda Drusta piemi\u0146as sacens\u012bbas d\u017eudo<\/p>\n<p>N\u0101kamned\u0113\u013c, 1. novembr\u012b, Jelgavas sporta hall\u0113 norisin\u0101sies Jelgavas atkl\u0101tais \u010dempion\u0101ts un trenera Ulda Drusta piemi\u0146as sacens\u012bbas d\u017eudo, kas \u0161ogad iek\u013cautas Latvijas D\u017eudo feder\u0101cijas r\u012bkotaj\u0101 Latvijas d\u017eudo t\u016br\u0113 un b\u016bs desmitais no vienpadsmit posmiem.<\/p>\n<p>Jelgavas \u010dempion\u0101ta un U.Drusta piemi\u0146as sacens\u012bbu r\u012bkot\u0101ju c\u012b\u0146as sporta kluba \u201cJelgavas d\u017eudo\u201d p\u0101rst\u0101vis Sergejs Vasjkovs prognoz\u0113, ka sacens\u012bb\u0101s Jelgav\u0101 piedal\u012bsies ap 300 dal\u012bbnieku no vis\u0101m trim Baltijas valst\u012bm. Sacens\u012bbas s\u0101ksies pulksten 10:00 ar startiem U-9 grupas z\u0113niem, U-13 grupas z\u0113niem un meiten\u0113m un U-18 grupas jaunie\u0161iem un jauniet\u0113m. Pulksten 15:00 s\u0101ksies sacens\u012bbas U-11 grupas z\u0113niem un meiten\u0113m, U-15 grupas jaunie\u0161iem un jauniet\u0113m un U-21 grupas pui\u0161iem. Skat\u012bt\u0101jiem ieeja ir bez maksas.<\/p>\n<p>S.Vasjkovs st\u0101sta, ka Latvijas d\u017eudo t\u016bre s\u0101k\u0101s janv\u0101r\u012b un taj\u0101 iek\u013cautas 11 sacens\u012bbas. Lai populariz\u0113tu sporta veidu, d\u017eudo t\u016br\u0113 tiek noskaidroti top 10 z\u0113ni un top 5 meitenes tr\u012bs vecuma grup\u0101s: U-11, U-13 un U-15. T\u016bres kopv\u0113rt\u0113juma lab\u0101kie sportisti tiks sveikti Latvijas D\u017eudo feder\u0101cijas \u201cGada balv\u0101\u201d 25. decembr\u012b. Feder\u0101cij\u0101 l\u0113\u0161, ka gada laik\u0101 pa visiem 11 posmiem kop\u0101 dal\u012bbnieku skaits p\u0101rsniegs 5000 sportistu.<\/p>\n<p>Jelgavas atkl\u0101to \u010dempion\u0101tu un trenera Ulda Drusta piemi\u0146as sacens\u012bbas d\u017eudo organiz\u0113 c\u012b\u0146as sporta klubs \u201cJelgavas d\u017eudo\u201d sadarb\u012bb\u0101 ar Jelgavas Sporta servisa centru.<\/p>\n","protected":false},"excerpt":{"rendered":"Notiks trenera Ulda Drusta piemi\u0146as sacens\u012bbas d\u017eudo N\u0101kamned\u0113\u013c, 1. novembr\u012b, Jelgavas sporta hall\u0113 norisin\u0101sies Jelgavas atkl\u0101tais \u010dempion\u0101ts un&hellip;\n","protected":false},"author":2,"featured_media":28961,"comment_status":"","ping_status":"","sticky":false,"template":"","format":"standard","meta":{"footnotes":""},"categories":[17],"tags":[35,39,38,36,37,34,40,67],"class_list":{"0":"post-28960","1":"post","2":"type-post","3":"status-publish","4":"format-standard","5":"has-post-thumbnail","7":"category-sports","8":"tag-latvia","9":"tag-latvian","10":"tag-latviesu","11":"tag-latviesu-valoda","12":"tag-latviesuvaloda","13":"tag-latvija","14":"tag-lv","15":"tag-sports"},"share_on_mastodon":{"url":"https:\/\/pubeurope.com\/@lv\/115422619524405841","error":""},"_links":{"self":[{"href":"https:\/\/www.europesays.com\/lv\/wp-json\/wp\/v2\/posts\/28960","targetHints":{"allow":["GET"]}}],"collection":[{"href":"https:\/\/www.europesays.com\/lv\/wp-json\/wp\/v2\/posts"}],"about":[{"href":"https:\/\/www.europesays.com\/lv\/wp-json\/wp\/v2\/types\/post"}],"author":[{"embeddable":true,"href":"https:\/\/www.europesays.com\/lv\/wp-json\/wp\/v2\/users\/2"}],"replies":[{"embeddable":true,"href":"https:\/\/www.europesays.com\/lv\/wp-json\/wp\/v2\/comments?post=28960"}],"version-history":[{"count":0,"href":"https:\/\/www.europesays.com\/lv\/wp-json\/wp\/v2\/posts\/28960\/revisions"}],"wp:featuredmedia":[{"embeddable":true,"href":"https:\/\/www.europesays.com\/lv\/wp-json\/wp\/v2\/media\/28961"}],"wp:attachment":[{"href":"https:\/\/www.europesays.com\/lv\/wp-json\/wp\/v2\/media?parent=28960"}],"wp:term":[{"taxonomy":"category","embeddable":true,"href":"https:\/\/www.europesays.com\/lv\/wp-json\/wp\/v2\/categories?post=28960"},{"taxonomy":"post_tag","embeddable":true,"href":"https:\/\/www.europesays.com\/lv\/wp-json\/wp\/v2\/tags?post=28960"}],"curies":[{"name":"wp","href":"https:\/\/api.w.org\/{rel}","templated":true}]}}