{"id":28991,"date":"2025-10-23T09:22:11","date_gmt":"2025-10-23T09:22:11","guid":{"rendered":"https:\/\/www.europesays.com\/lv\/28991\/"},"modified":"2025-10-23T09:22:11","modified_gmt":"2025-10-23T09:22:11","slug":"gids-izglabj-9-menesus-vecu-bernu-pec-tam-kad-lietuviesu-vecaki-ar-vinu-bija-uzkapusi-polijas-augstakaja-virsotne","status":"publish","type":"post","link":"https:\/\/www.europesays.com\/lv\/28991\/","title":{"rendered":"Gids izgl\u0101bj 9 m\u0113ne\u0161us vecu b\u0113rnu p\u0113c tam, kad lietuvie\u0161u vec\u0101ki ar vi\u0146u bija uzk\u0101pu\u0161i Polijas augst\u0101kaj\u0101 virsotn\u0113"},"content":{"rendered":"<p>    <img decoding=\"async\" src=\"https:\/\/www.europesays.com\/lv\/wp-content\/uploads\/2025\/10\/Screenshot-2025-10-23-at-10.09.06-1024x612.png\" alt=\"&#10;\"\/><\/p>\n<p>FOTO: Ekr\u0101n\u0161\u0101vi\u0146i no video\/ @tatromaniak\n<\/p>\n<p>Kalnu gids Polijas Tatru kalnos izgl\u0101bis 9 m\u0113ne\u0161us vecu b\u0113rnu, p\u0113c tam kad vi\u0146a vec\u0101ki non\u0101ca nepatik\u0161an\u0101s, m\u0113\u0123inot nok\u0101pt no Mount Rysy \u2013 augst\u0101k\u0101s Polijas virsotnes \u2013 pa ledus un sniega kl\u0101taj\u0101m tak\u0101m. Gids \u0160imons Stohs (Szymon Stoch) sestdien satika \u0123imeni, kas bija no Lietuvas, vadot grupu pa to pa\u0161u mar\u0161rutu, v\u0113sta \u0101rvalstu prese.<\/p>\n<p>        Las\u012bt\u0101kie<br \/>\n        <a data-imagesrc=\"{&quot;300&quot;:&quot;https:\\\/\\\/lastatic.ams3.cdn.digitaloceanspaces.com\\\/2025\\\/10\\\/man-with-light-bulb-1-300x209.jpg&quot;,&quot;1024&quot;:&quot;https:\\\/\\\/lastatic.ams3.cdn.digitaloceanspaces.com\\\/2025\\\/10\\\/man-with-light-bulb-1-1024x714.jpg&quot;,&quot;1536&quot;:&quot;https:\\\/\\\/lastatic.ams3.cdn.digitaloceanspaces.com\\\/2025\\\/10\\\/man-with-light-bulb-1-1536x1071.jpg&quot;,&quot;500&quot;:&quot;https:\\\/\\\/lastatic.ams3.cdn.digitaloceanspaces.com\\\/2025\\\/10\\\/man-with-light-bulb-1-500x349.jpg&quot;,&quot;800&quot;:&quot;https:\\\/\\\/lastatic.ams3.cdn.digitaloceanspaces.com\\\/2025\\\/10\\\/man-with-light-bulb-1-800x558.jpg&quot;,&quot;2560&quot;:&quot;https:\\\/\\\/lastatic.ams3.cdn.digitaloceanspaces.com\\\/2025\\\/10\\\/man-with-light-bulb-1-scaled.jpg&quot;}\" data-focuspoint=\"&quot;&quot;\" data-p=\"2447317\" href=\"https:\/\/www.la.lv\/ludzu-ludzu-kaut-es-butu-viens-no-viniem-cilveki-kas-dzimusi-sajos-trijos-datumos-tiek-uzskatiti-par-visgudrakajiem-pasaule\" class=\"content-item lazy-load\" wp_automatic_readability=\"28.5\" rel=\"nofollow noopener\" target=\"_blank\"><\/p>\n<p>                                <img decoding=\"async\" src=\"\" alt=\"\" style=\"\" data-imageid=\"\"\/><\/p>\n<p>                                Kokteilis<\/p>\n<p>\n                                                L\u016bdzu, l\u016bdzu, kaut es b\u016btu viens no vi\u0146iem: cilv\u0113ki, kas dzimu\u0161i \u0161ajos trijos datumos, tiek uzskat\u012bti par visgudr\u0101kajiem pasaul\u0113\n                            <\/p>\n<p><\/a><a data-imagesrc=\"{&quot;300&quot;:&quot;https:\\\/\\\/lastatic.ams3.cdn.digitaloceanspaces.com\\\/2025\\\/10\\\/autoplacis-1-300x177.jpg&quot;,&quot;1024&quot;:&quot;https:\\\/\\\/lastatic.ams3.cdn.digitaloceanspaces.com\\\/2025\\\/10\\\/autoplacis-1-1024x606.jpg&quot;,&quot;500&quot;:&quot;https:\\\/\\\/lastatic.ams3.cdn.digitaloceanspaces.com\\\/2025\\\/10\\\/autoplacis-1-500x296.jpg&quot;,&quot;800&quot;:&quot;https:\\\/\\\/lastatic.ams3.cdn.digitaloceanspaces.com\\\/2025\\\/10\\\/autoplacis-1-800x473.jpg&quot;,&quot;1300&quot;:&quot;https:\\\/\\\/lastatic.ams3.cdn.digitaloceanspaces.com\\\/2025\\\/10\\\/autoplacis-1.jpg&quot;}\" data-focuspoint=\"&quot;&quot;\" data-p=\"2449216\" href=\"https:\/\/www.la.lv\/rezultati-ir-parsteidzosi-vacu-eksperti-nosaukusi-auto-kuri-nav-varejusi-izturet-100-000-kilometru-nobraukuma-testu\" class=\"content-item lazy-load\" wp_automatic_readability=\"27\" rel=\"nofollow noopener\" target=\"_blank\"><\/p>\n<p>                                <img decoding=\"async\" src=\"\" alt=\"\" style=\"\" data-imageid=\"\"\/><\/p>\n<p>\n                                                Rezult\u0101ti ir p\u0101rsteidzo\u0161i: v\u0101cu eksperti nosauku\u0161i auto, kuri nav var\u0113ju\u0161i iztur\u0113t  100 000 kilometru nobraukuma testu\n                            <\/p>\n<p><\/a><a data-imagesrc=\"{&quot;300&quot;:&quot;https:\\\/\\\/lastatic.ams3.cdn.digitaloceanspaces.com\\\/2016\\\/03\\\/avarija34-300x187.jpg&quot;,&quot;80&quot;:&quot;https:\\\/\\\/lastatic.ams3.cdn.digitaloceanspaces.com\\\/2016\\\/03\\\/avarija34-80x48.jpg&quot;,&quot;112&quot;:&quot;https:\\\/\\\/lastatic.ams3.cdn.digitaloceanspaces.com\\\/2016\\\/03\\\/avarija34-112x64.jpg&quot;,&quot;664&quot;:&quot;https:\\\/\\\/lastatic.ams3.cdn.digitaloceanspaces.com\\\/2016\\\/03\\\/avarija34-664x413.jpg&quot;,&quot;256&quot;:&quot;https:\\\/\\\/lastatic.ams3.cdn.digitaloceanspaces.com\\\/2016\\\/03\\\/avarija34-256x160.jpg&quot;,&quot;263&quot;:&quot;https:\\\/\\\/lastatic.ams3.cdn.digitaloceanspaces.com\\\/2016\\\/03\\\/avarija34-263x163.jpg&quot;,&quot;542&quot;:&quot;https:\\\/\\\/lastatic.ams3.cdn.digitaloceanspaces.com\\\/2016\\\/03\\\/avarija34-542x338.jpg&quot;,&quot;118&quot;:&quot;https:\\\/\\\/lastatic.ams3.cdn.digitaloceanspaces.com\\\/2016\\\/03\\\/avarija34-118x70.jpg&quot;,&quot;348&quot;:&quot;https:\\\/\\\/lastatic.ams3.cdn.digitaloceanspaces.com\\\/2016\\\/03\\\/avarija34-348x225.jpg&quot;,&quot;640&quot;:&quot;https:\\\/\\\/lastatic.ams3.cdn.digitaloceanspaces.com\\\/2016\\\/03\\\/avarija34-640x561.jpg&quot;,&quot;90&quot;:&quot;https:\\\/\\\/lastatic.ams3.cdn.digitaloceanspaces.com\\\/2016\\\/03\\\/avarija34-90x58.jpg&quot;,&quot;900&quot;:&quot;https:\\\/\\\/lastatic.ams3.cdn.digitaloceanspaces.com\\\/2016\\\/03\\\/avarija34.jpg&quot;}\" data-focuspoint=\"&quot;&quot;\" data-p=\"2454496\" href=\"https:\/\/www.la.lv\/letala-avarija-pie-strenciem-pa-sosejas-malu-izsvaiditas-darba-mantas-kivere-slota-lapsta-un-merinstrumenti\" class=\"content-item lazy-load\" wp_automatic_readability=\"27.5\" rel=\"nofollow noopener\" target=\"_blank\"><\/p>\n<p>                                <img decoding=\"async\" src=\"\" alt=\"\" style=\"\" data-imageid=\"\"\/><\/p>\n<p>\n                                                Let\u0101la av\u0101rija pie Stren\u010diem: pa \u0161osejas malu izsvaid\u012btas darba mantas \u2013 \u0137ivere, slota, l\u0101psta un m\u0113rinstrumenti\n                            <\/p>\n<p><\/a><br \/>\n        <a class=\"read-more\" href=\"https:\/\/www.la.lv\/top\" rel=\"nofollow noopener\" target=\"_blank\">Las\u012bt citas zi\u0146as<\/a><\/p>\n<p>Taj\u0101 br\u012bd\u012b taka bija cieta un ledaina, apst\u0101k\u013ci, kas, p\u0113c k\u0101da \u201cFacebook\u201d lietot\u0101ja, kur\u0161 sevi d\u0113v\u0113 par Tatromaniaku, koment\u0101riem \u201cpras\u012bja ne tikai pareizu ekip\u0113jumu, bet ar\u012b pieredzi un modr\u012bbu.\u201d Neskatoties uz atk\u0101rtotiem br\u012bdin\u0101jumiem no Stoha, cita gida, Slov\u0101kijas kalnu gl\u0101b\u0113ja un person\u0101la kalnu nami\u0146\u0101 \u201cChata pod Rysami\u201d, vec\u0101ki turpin\u0101ja k\u0101pienu.<\/p>\n<p>\u201cVi\u0146i nesa b\u0113rnu un teica, ka dodas uz virsotni,\u201d \u201cFacebook\u201d profils Tatromaniak, atsaucoties uz st\u0101stiem no Polijas Tatriem, cit\u0113ja Stohu.<br \/>P\u0113c virsotnes sasnieg\u0161anas p\u0101ris saprata, ka nok\u0101p\u0161ana ir p\u0101r\u0101k b\u012bstama, un l\u016bdza Stoham aizdot ledus nagus un pal\u012bdz\u0113t tikt lej\u0101. Gids atteic\u0101s, jo saprata, ka grupas savieno\u0161ana virv\u0113m var\u0113tu izrais\u012bt kritienu visiem, ja k\u0101ds pasl\u012bd\u0113tu.<\/p>\n<p>    Nauda p\u0101rsp\u0113j dro\u0161\u012bbu<br \/>\n    CITI \u0160OBR\u012aD LASA<\/p>\n<p>\u0160tohs ieteica vi\u0146iem izsaukt gl\u0101b\u0161anas dienestus \u2013 vien\u012bgo dro\u0161o iesp\u0113ju \u2013, ta\u010du vec\u0101ki atteic\u0101s, jo nebija ce\u013cojumu apdro\u0161in\u0101\u0161anas. \u201cVi\u0146i lab\u0101k risk\u0113ja ar sava b\u0113rna dz\u012bv\u012bbu, nek\u0101 maks\u0101tu par gl\u0101b\u0161anu,\u201d rakst\u012bja Tatromaniak.<\/p>\n<p>Non\u0101cis dz\u012bv\u012bbai b\u012bstam\u0101 situ\u0101cij\u0101, Stohs pats pa\u0146\u0113ma b\u0113rnu un nesa to lej\u0101 pa kalnu uz dro\u0161\u0101ku vietu. \u201cSolis pa solim, piln\u012bb\u0101 koncentr\u0113joties, vi\u0146\u0161 nog\u0101d\u0101ja b\u0113rnu dro\u0161\u012bb\u0101,\u201d rakst\u012bja Tatromaniak, piebilstot, ka ar lielu varb\u016bt\u012bbu vi\u0146\u0161 izgl\u0101ba \u0161\u012b b\u0113rna dz\u012bv\u012bbu.<\/p>\n<p>Soci\u0101lo mediju sa\u0161utums<\/p>\n<p>Notikums izrais\u012bja pla\u0161u sabiedr\u012bbas kritiku pret vec\u0101kiem, kuri apdraud\u0113ja 9 m\u0113ne\u0161us veca b\u0113rna dz\u012bv\u012bbu. \u201c\u017d\u0113l t\u0101 b\u0113rna, kuram t\u0101di vec\u0101ki,\u201d teica viens lietot\u0101js. V\u0113l k\u0101ds koment\u0113ja: \u201cCilv\u0113ki gal\u012bgi p\u0101rv\u0113rt\u0113.\u201d<\/p>\n<p>Daudzi lietot\u0101ji ieteica par vec\u0101kiem zi\u0146ot policijai par b\u0113rna dz\u012bv\u012bbas apdraud\u0113\u0161anu. Tom\u0113r viens lietot\u0101js pauda, ka, t\u0101 k\u0101 viss beidz\u0101s labi un neviens necieta, vec\u0101ki, visticam\u0101k, atcer\u0113sies \u0161o k\u0101 skaistu \u0123imenes piedz\u012bvojumu\u2026 <\/p>\n<p> Kalns Rysy<\/p>\n<p>Kalns Rysy, kas atrodas Polijas un Slov\u0101kijas robe\u017e\u0101, ir popul\u0101ra, bet tehniski pras\u012bga k\u0101piena vieta. Ruden\u012b un agr\u0101 ziem\u0101 ledain\u0101s takas padara to par vienu no b\u012bstam\u0101kajiem mar\u0161rutiem re\u0123ion\u0101. Polijas kalnu gl\u0101b\u0161anas dienests (TOPR) regul\u0101ri br\u012bdina p\u0101rg\u0101j\u0113jus p\u0101rbaud\u012bt apst\u0101k\u013cus un neveikt augstkalnu p\u0101rg\u0101jienus bez ziemas ekip\u0113juma, piem\u0113ram, ledus nagiem, \u0137iver\u0113m un ledus cirv\u012b\u0161iem.<\/p>\n<p>Tatromaniak dibin\u0101t\u0101js, kur\u0161 dal\u012bj\u0101s ar \u0161o st\u0101stu, aprakst\u012bja gad\u012bjumu k\u0101 \u0161ok\u0113jo\u0161\u0101ko situ\u0101ciju, kas jebkad piedz\u012bvota. Vi\u0146\u0161 piebilda, ka notikums vi\u0146u atst\u0101ja bez v\u0101rdiem \u2013 ne tikai k\u0101 k\u0101du, kas raksta par Tatriem, bet ar\u012b k\u0101 t\u0113vu.<\/p>\n<p>T\u0113mas<\/p>\n<p>    SAIST\u012aTIE RAKSTI<\/p>\n","protected":false},"excerpt":{"rendered":"FOTO: Ekr\u0101n\u0161\u0101vi\u0146i no video\/ @tatromaniak Kalnu gids Polijas Tatru kalnos izgl\u0101bis 9 m\u0113ne\u0161us vecu b\u0113rnu, p\u0113c tam kad&hellip;\n","protected":false},"author":2,"featured_media":28992,"comment_status":"","ping_status":"","sticky":false,"template":"","format":"standard","meta":{"footnotes":""},"categories":[5],"tags":[23,28,29,32,33,22,30,31,35,39,38,36,37,34,40,20,26,27,24,25,21],"class_list":{"0":"post-28991","1":"post","2":"type-post","3":"status-publish","4":"format-standard","5":"has-post-thumbnail","7":"category-aktualitates","8":"tag-aktualitates","9":"tag-breaking-news","10":"tag-breakingnews","11":"tag-featured-news","12":"tag-featurednews","13":"tag-headlines","14":"tag-latest-news","15":"tag-latestnews","16":"tag-latvia","17":"tag-latvian","18":"tag-latviesu","19":"tag-latviesu-valoda","20":"tag-latviesuvaloda","21":"tag-latvija","22":"tag-lv","23":"tag-news","24":"tag-popularakas-zinas","25":"tag-popularakaszinas","26":"tag-top-stories","27":"tag-topstories","28":"tag-zinas"},"share_on_mastodon":{"url":"https:\/\/pubeurope.com\/@lv\/115422753213964646","error":""},"_links":{"self":[{"href":"https:\/\/www.europesays.com\/lv\/wp-json\/wp\/v2\/posts\/28991","targetHints":{"allow":["GET"]}}],"collection":[{"href":"https:\/\/www.europesays.com\/lv\/wp-json\/wp\/v2\/posts"}],"about":[{"href":"https:\/\/www.europesays.com\/lv\/wp-json\/wp\/v2\/types\/post"}],"author":[{"embeddable":true,"href":"https:\/\/www.europesays.com\/lv\/wp-json\/wp\/v2\/users\/2"}],"replies":[{"embeddable":true,"href":"https:\/\/www.europesays.com\/lv\/wp-json\/wp\/v2\/comments?post=28991"}],"version-history":[{"count":0,"href":"https:\/\/www.europesays.com\/lv\/wp-json\/wp\/v2\/posts\/28991\/revisions"}],"wp:featuredmedia":[{"embeddable":true,"href":"https:\/\/www.europesays.com\/lv\/wp-json\/wp\/v2\/media\/28992"}],"wp:attachment":[{"href":"https:\/\/www.europesays.com\/lv\/wp-json\/wp\/v2\/media?parent=28991"}],"wp:term":[{"taxonomy":"category","embeddable":true,"href":"https:\/\/www.europesays.com\/lv\/wp-json\/wp\/v2\/categories?post=28991"},{"taxonomy":"post_tag","embeddable":true,"href":"https:\/\/www.europesays.com\/lv\/wp-json\/wp\/v2\/tags?post=28991"}],"curies":[{"name":"wp","href":"https:\/\/api.w.org\/{rel}","templated":true}]}}