{"id":29011,"date":"2025-10-23T09:41:08","date_gmt":"2025-10-23T09:41:08","guid":{"rendered":"https:\/\/www.europesays.com\/lv\/29011\/"},"modified":"2025-10-23T09:41:08","modified_gmt":"2025-10-23T09:41:08","slug":"krievija-nikni-reage-uz-trampa-sankcijam-medvedevs-pazino-tas-ir-kara-akts","status":"publish","type":"post","link":"https:\/\/www.europesays.com\/lv\/29011\/","title":{"rendered":"Krievija nikni rea\u0123\u0113 uz Trampa sankcij\u0101m, Medvedevs pazi\u0146o \u2013 \u201ctas ir kara akts\u201d"},"content":{"rendered":"<p>Ministrija piebilda, \u2013 ja Trampa administr\u0101cija sekos iepriek\u0161\u0113jo ASV administr\u0101ciju piem\u0113ram, \u201ctad tas nes\u012bs neveiksmi\u201d.<\/p>\n<p>Tikm\u0113r ska\u013c\u0101ku retoriku pau\u017e viens no Putina sabiedrotajiem\u00a0 \u2013 \u00a0Krievijas Dro\u0161\u012bbas padomes priek\u0161s\u0113d\u0113t\u0101ja vietnieks Dmitrijs Medvedevs.<\/p>\n<p>Noskaties: ASV nosaka sankcijas naftas mil\u017eiem<\/p>\n<p>Vietn\u0113 \u201cTelegram\u201d Medvedevs pazi\u0146oja, ka ASV ir Krievijas \u201cpretinieks\u201d un \u201cmiera nes\u0113js\u201d Tramps \u201ctagad piln\u012bb\u0101 s\u0101cis kara ce\u013cu pret Krieviju\u201d.<\/p>\n<p>\u201cJa k\u0101dam no neskait\u0101majiem koment\u0113t\u0101jiem v\u0113l bija il\u016bzijas, l\u016bk, t\u0101s ir izklied\u0113tas. ASV ir m\u016bsu pretinieks, un vi\u0146u run\u012bgais \u201cmiera n\u0113s\u0101t\u0101js\u201d tagad piln\u012bb\u0101 devies kara ce\u013c\u0101 pret Krieviju. J\u0101, vi\u0146\u0161 ne vienm\u0113r akt\u012bvi karo Kijivas pus\u0113, bet \u0161is tagad ir vi\u0146a konflikts, nevis Baidena! Vi\u0146i, protams, teiks, ka vi\u0146am neizdev\u0101s izb\u0113gt no spiediena Kongres\u0101 un t\u0101 t\u0101l\u0101k. Tas nemaina galveno \u2014 pie\u0146emtie l\u0113mumi ir kara akts pret Krieviju. Un tagad Tramps piln\u012bb\u0101 piel\u012bdzin\u0101jies \u0101rpr\u0101t\u012bgajai Eiropai,\u201d pazi\u0146oja Medvedevs.<\/p>\n<p class=\"ad-desc ad-desc-main\">Saturs turpin\u0101s p\u0113c rekl\u0101mas<\/p>\n<p class=\"ad-desc ad-desc-sec\">Rekl\u0101ma<\/p>\n<p>Medvedevs apgalvo, ka Krievijas uzvaras ce\u013c\u0161 ir izn\u012bcin\u0101t Ukrainu un neveidot \u201cbezj\u0113dz\u012bgas vieno\u0161an\u0101s\u201d.<\/p>\n<p>K\u0101 zi\u0146ots, ASV prezidents Donalds Tramps tre\u0161dien pazi\u0146oja par iespaid\u012bg\u0101m jaun\u0101m sankcij\u0101m pret diviem no Krievijas liel\u0101kajiem naftas uz\u0146\u0113mumiem \u201cRos\u0146eftj\u201d un \u201cLukoil\u201d, cen\u0161oties izdar\u012bt spiedienu uz Maskavu, lai t\u0101 izbeigtu karu Ukrain\u0101.<\/p>\n<p>Sankcijas, kas tika pazi\u0146otas Trampa platform\u0101 \u201cTruth Social\u201d, ir\u00a0v\u0113rstas pret <a href=\"https:\/\/tv3.lv\/zinas\/arvalstis\/asv-nosaka-sankcijas-krievijas-naftas-milziem\/\" rel=\"nofollow noopener\" target=\"_blank\">\u201cRos\u0146eftj\u201d un \u201cLukoil\u201d<\/a>\u00a0\u2013 diviem galvenajiem naftas uz\u0146\u0113mumiem, kas, p\u0113c ASV finan\u0161u ministra Skota Besenta teikt\u0101, finans\u0113 Krem\u013ca \u201ckara ma\u0161\u012bnu\u201d.<\/p>\n<p>Tas noticis dienu p\u0113c tam, kad Tramps pazi\u0146oja, ka\u00a0pl\u0101not\u0101 tik\u0161an\u0101s ar <a href=\"https:\/\/tv3.lv\/zinas\/arvalstis\/tramps-iedod-kurviti-putinam-planota-tiksanas-tuvakaja-laika-nenotiks\/\" rel=\"nofollow noopener\" target=\"_blank\">Putinu Budape\u0161t\u0101 tiks atlikta\u00a0uz nenoteiktu laiku.<\/a> \u201cKatru reizi, kad run\u0101ju ar Vladimiru, mums ir labas sarunas, bet t\u0101s ne pie k\u0101 nenoved. Vienk\u0101r\u0161i ne pie k\u0101,\u201d tre\u0161dien sac\u012bja Tramps p\u0113c tik\u0161an\u0101s ar NATO \u0123ener\u0101lsekret\u0101ru Marku Ruti, lai p\u0101rrun\u0101tu miera sarunas. \u201cEs vienk\u0101r\u0161i jutu, ka ir pien\u0101cis laiks. M\u0113s gaid\u012bj\u0101m ilgi,\u201d sac\u012bja Tramps.<\/p>\n<p class=\"tv3-fw-500\">Zi\u0146o par k\u013c\u016bdu rakst\u0101<\/p>\n<p class=\"d-md-block d-none\">Iez\u012bm\u0113 k\u013c\u016bdaino tekstu un spied Ctrl+Enter.<\/p>\n<p class=\"d-md-none d-block\">Iez\u012bm\u0113 k\u013c\u016bdaino tekstu un zi\u0146o par to!<\/p>\n","protected":false},"excerpt":{"rendered":"Ministrija piebilda, \u2013 ja Trampa administr\u0101cija sekos iepriek\u0161\u0113jo ASV administr\u0101ciju piem\u0113ram, \u201ctad tas nes\u012bs neveiksmi\u201d. Tikm\u0113r ska\u013c\u0101ku retoriku&hellip;\n","protected":false},"author":2,"featured_media":29012,"comment_status":"","ping_status":"","sticky":false,"template":"","format":"standard","meta":{"footnotes":""},"categories":[5],"tags":[23,28,29,8902,32,33,22,30,31,35,39,38,36,37,34,40,20,26,27,24,25,21],"class_list":{"0":"post-29011","1":"post","2":"type-post","3":"status-publish","4":"format-standard","5":"has-post-thumbnail","7":"category-aktualitates","8":"tag-aktualitates","9":"tag-breaking-news","10":"tag-breakingnews","11":"tag-donalds-trampskars-ukrainanaftas-cenasvladimirs-putins","12":"tag-featured-news","13":"tag-featurednews","14":"tag-headlines","15":"tag-latest-news","16":"tag-latestnews","17":"tag-latvia","18":"tag-latvian","19":"tag-latviesu","20":"tag-latviesu-valoda","21":"tag-latviesuvaloda","22":"tag-latvija","23":"tag-lv","24":"tag-news","25":"tag-popularakas-zinas","26":"tag-popularakaszinas","27":"tag-top-stories","28":"tag-topstories","29":"tag-zinas"},"share_on_mastodon":{"url":"https:\/\/pubeurope.com\/@lv\/115422827879598768","error":""},"_links":{"self":[{"href":"https:\/\/www.europesays.com\/lv\/wp-json\/wp\/v2\/posts\/29011","targetHints":{"allow":["GET"]}}],"collection":[{"href":"https:\/\/www.europesays.com\/lv\/wp-json\/wp\/v2\/posts"}],"about":[{"href":"https:\/\/www.europesays.com\/lv\/wp-json\/wp\/v2\/types\/post"}],"author":[{"embeddable":true,"href":"https:\/\/www.europesays.com\/lv\/wp-json\/wp\/v2\/users\/2"}],"replies":[{"embeddable":true,"href":"https:\/\/www.europesays.com\/lv\/wp-json\/wp\/v2\/comments?post=29011"}],"version-history":[{"count":0,"href":"https:\/\/www.europesays.com\/lv\/wp-json\/wp\/v2\/posts\/29011\/revisions"}],"wp:featuredmedia":[{"embeddable":true,"href":"https:\/\/www.europesays.com\/lv\/wp-json\/wp\/v2\/media\/29012"}],"wp:attachment":[{"href":"https:\/\/www.europesays.com\/lv\/wp-json\/wp\/v2\/media?parent=29011"}],"wp:term":[{"taxonomy":"category","embeddable":true,"href":"https:\/\/www.europesays.com\/lv\/wp-json\/wp\/v2\/categories?post=29011"},{"taxonomy":"post_tag","embeddable":true,"href":"https:\/\/www.europesays.com\/lv\/wp-json\/wp\/v2\/tags?post=29011"}],"curies":[{"name":"wp","href":"https:\/\/api.w.org\/{rel}","templated":true}]}}