{"id":29021,"date":"2025-10-23T09:48:07","date_gmt":"2025-10-23T09:48:07","guid":{"rendered":"https:\/\/www.europesays.com\/lv\/29021\/"},"modified":"2025-10-23T09:48:07","modified_gmt":"2025-10-23T09:48:07","slug":"filmas-straume-kakis-paradas-jaunaja-apple-macbook-reklama-lente-lv","status":"publish","type":"post","link":"https:\/\/www.europesays.com\/lv\/29021\/","title":{"rendered":"Filmas &#8220;Straume&#8221; ka\u0137is par\u0101d\u0101s jaunaj\u0101 Apple MacBook rekl\u0101m\u0101\u00a0\u2014\u00a0Lente.lv"},"content":{"rendered":"<p>Latvie\u0161u animations varonis iekarojis pasaules ekr\u0101nu: MacBok rekl\u0101m\u0101 par\u0101d\u0101s &#8220;Straumes&#8221; ka\u0137is<\/p>\n<p>Pasaules m\u0113roga tehnolo\u0123iju gigants Apple ir izv\u0113l\u0113jies vienu no visiecien\u012bt\u0101kajiem \u0161\u012b gada animations varo\u0146iem \u2013 tum\u0161i pel\u0113ko ka\u0137i no latvie\u0161u re\u017eisora Ginta Zirba\u013coda filmas &#8220;Straume&#8221; \u2013 lai demonstr\u0113tu jaun\u0101ko MacBook jaudu un potenci\u0101lu. \u0160is negaid\u012btais, bet \u013coti izsv\u0113rtais l\u0113mums uzsver gan filmas glob\u0101lo atzin\u012bbu, gan Apple sp\u0113ju saskat\u012bt rado\u0161umu un iedvesmu ikvien\u0101 deta\u013c\u0101.<\/p>\n<p>Rekl\u0101mas klip\u0101, kas pau\u017e atzi\u0146u: &#8220;No revolucion\u0101riem atkl\u0101jumiem l\u012bdz godalgotiem film\u0101m \u2013 viss s\u0101kas no nulles. Bezgal\u012bgas iesp\u0113jas gaida \u2013 ko tu ar t\u0101m dar\u012bsi? Lieliskas idejas s\u0101kas ar Mac&#8221;, \u012bsu br\u012bdi redzams ar\u012b m\u016bsu titulvaronis. \u0160\u012b vieno\u0161an\u0101s ir ne tikai z\u012bm\u012bgs br\u012bdis latvie\u0161u animations v\u0113stur\u0113, bet ar\u012b apliecin\u0101jums tam, cik sp\u0113c\u012bgi m\u0101kslas darbi var ietekm\u0113t glob\u0101lo kult\u016bras telpu.<\/p>\n<p>Starptautiska atzin\u012bba un jaunas virsotnes<\/p>\n<p>Filma &#8220;Straume&#8221; ir sp\u0113jusi iekarot gan kriti\u0137u, gan skat\u012bt\u0101ju sirdis, izc\u012bnot vair\u0101k nek\u0101 simts presti\u017eas balvas, tostarp gan Amerikas Kinoakad\u0113mijas &#8220;Oskara&#8221;, gan &#8220;Zelta globusa&#8221;, gan Eiropas Kinoakad\u0113mijas apbalvojumus. T\u0101s ce\u013c\u0161 uz slavu s\u0101k\u0101s 2024. gada pavasar\u012b Kannu kinofestiv\u0101l\u0101, un kop\u0161 t\u0101 laika filma ir guvusi pla\u0161u atzin\u012bbu vis\u0101 pasaul\u0113. Ka\u0137a par\u0101d\u012b\u0161an\u0101s Apple rekl\u0101m\u0101 ir v\u0113l viens \u0161\u012bs fenomen\u0101l\u0101s veiksmes apliecin\u0101jums, par\u0101dot, k\u0101 neatkar\u012bgs m\u0101kslas darbs var sasniegt jaunus auditorijas sl\u0101\u0146us un iekarot pat vispras\u012bg\u0101kos.<\/p>\n<p>Simboliskais v\u0113st\u012bjums un pasaules atbalsts<\/p>\n<p>Rekl\u0101mas klip\u0101 izskan amerik\u0101\u0146u komponista Em\u012bla Moseri m\u016bzika, bet aizkadra tekstu lasa nesen m\u016b\u017e\u012bb\u0101 aizg\u0101jus\u012b pasaulslaven\u0101 britu primatolo\u0123e un antroplo\u0123e D\u017eeina Gud\u0101la (1934\u20132025). \u0160\u0101ds sast\u0101vs v\u0113l vair\u0101k izce\u013c rekl\u0101mas v\u0113st\u012bjuma dzi\u013cumu un noz\u012bm\u012bgumu. Tas ir st\u0101sts par ideju dzim\u0161anu, par rado\u0161o procesu un par to, k\u0101 nepiecie\u0161amie r\u012bki var pal\u012bdz\u0113t \u0161\u012bm idej\u0101m materializ\u0113ties. Ka\u0137a, simboliz\u0113jot neatkar\u012bbu, zin\u0101tk\u0101ri un sp\u0113ju adapt\u0113ties, par\u0101d\u012b\u0161an\u0101s \u0161aj\u0101 kontekst\u0101 ir \u013coti metaforiska.<\/p>\n<p>\u0160\u012b sadarb\u012bba atspogu\u013co tendenci, ka glob\u0101lie z\u012bmoli arvien bie\u017e\u0101k mekl\u0113 un integr\u0113 sav\u0101s kampa\u0146\u0101s unik\u0101lus un ori\u0123in\u0101lus m\u0101kslas darbus. Tas ne tikai pie\u0161\u0137ir rekl\u0101m\u0101m svaigumu un autentiskumu, bet ar\u012b atbalsta un populariz\u0113 neatkar\u012bgos m\u0101ksliniekus un vi\u0146u rad\u012btos projektus. Ka\u0137a no &#8220;Straumes&#8221; k\u013c\u016b\u0161ana par ikonu glob\u0101laj\u0101 rekl\u0101m\u0101 ir spilgts piem\u0113rs tam, k\u0101 augstas kvalit\u0101tes saturs var atrast ce\u013cu pie pla\u0161as auditorijas, papildinot pat pasaules liel\u0101ko tehnolo\u0123iju z\u012bmolu komunik\u0101ciju.<\/p>\n","protected":false},"excerpt":{"rendered":"Latvie\u0161u animations varonis iekarojis pasaules ekr\u0101nu: MacBok rekl\u0101m\u0101 par\u0101d\u0101s &#8220;Straumes&#8221; ka\u0137is Pasaules m\u0113roga tehnolo\u0123iju gigants Apple ir izv\u0113l\u0113jies&hellip;\n","protected":false},"author":2,"featured_media":29022,"comment_status":"","ping_status":"","sticky":false,"template":"","format":"standard","meta":{"footnotes":""},"categories":[19],"tags":[2122,89,8904,90,35,39,38,4192,36,37,34,40,8903,2709],"class_list":{"0":"post-29021","1":"post","2":"type-post","3":"status-publish","4":"format-standard","5":"has-post-thumbnail","7":"category-izklaide","8":"tag-apple","9":"tag-entertainment","10":"tag-gints-zirbalodis","11":"tag-izklaide","12":"tag-latvia","13":"tag-latvian","14":"tag-latviesu","15":"tag-latviesu-animacija","16":"tag-latviesu-valoda","17":"tag-latviesuvaloda","18":"tag-latvija","19":"tag-lv","20":"tag-macbook-reklama","21":"tag-straume"},"share_on_mastodon":{"url":"https:\/\/pubeurope.com\/@lv\/115422855326538220","error":""},"_links":{"self":[{"href":"https:\/\/www.europesays.com\/lv\/wp-json\/wp\/v2\/posts\/29021","targetHints":{"allow":["GET"]}}],"collection":[{"href":"https:\/\/www.europesays.com\/lv\/wp-json\/wp\/v2\/posts"}],"about":[{"href":"https:\/\/www.europesays.com\/lv\/wp-json\/wp\/v2\/types\/post"}],"author":[{"embeddable":true,"href":"https:\/\/www.europesays.com\/lv\/wp-json\/wp\/v2\/users\/2"}],"replies":[{"embeddable":true,"href":"https:\/\/www.europesays.com\/lv\/wp-json\/wp\/v2\/comments?post=29021"}],"version-history":[{"count":0,"href":"https:\/\/www.europesays.com\/lv\/wp-json\/wp\/v2\/posts\/29021\/revisions"}],"wp:featuredmedia":[{"embeddable":true,"href":"https:\/\/www.europesays.com\/lv\/wp-json\/wp\/v2\/media\/29022"}],"wp:attachment":[{"href":"https:\/\/www.europesays.com\/lv\/wp-json\/wp\/v2\/media?parent=29021"}],"wp:term":[{"taxonomy":"category","embeddable":true,"href":"https:\/\/www.europesays.com\/lv\/wp-json\/wp\/v2\/categories?post=29021"},{"taxonomy":"post_tag","embeddable":true,"href":"https:\/\/www.europesays.com\/lv\/wp-json\/wp\/v2\/tags?post=29021"}],"curies":[{"name":"wp","href":"https:\/\/api.w.org\/{rel}","templated":true}]}}