{"id":29047,"date":"2025-10-23T10:29:08","date_gmt":"2025-10-23T10:29:08","guid":{"rendered":"https:\/\/www.europesays.com\/lv\/29047\/"},"modified":"2025-10-23T10:29:08","modified_gmt":"2025-10-23T10:29:08","slug":"varam-ministrs-digitalaja-laikmeta-pat-maza-valsts-var-klut-par-lielas-nakotnes-veidotaju","status":"publish","type":"post","link":"https:\/\/www.europesays.com\/lv\/29047\/","title":{"rendered":"VARAM ministrs: digit\u0101laj\u0101 laikmet\u0101 pat maza valsts var k\u013c\u016bt par lielas n\u0101kotnes veidot\u0101ju"},"content":{"rendered":"<p>22. un 23. oktobr\u012b R\u012bg\u0101 notiek Zieme\u013ceiropas vado\u0161ais tehnolo\u0123iju un inov\u0101ciju forums \u201cTechritory\u201d, kas pulc\u0113 politikas veidot\u0101jus, uz\u0146\u0113m\u0113jus un digit\u0101lo inov\u0101ciju ekspertus, lai diskut\u0113tu par Eiropas digit\u0101l\u0101s transform\u0101cijas un ilgtsp\u0113jas n\u0101kotni. Forum\u0101 piedal\u0101s ar\u012b vied\u0101s administr\u0101cijas un re\u0123ion\u0101l\u0101s att\u012bst\u012bbas ministrs Raimonds \u010cudars un ministrijas p\u0101rst\u0101vji, akcent\u0113jot Latvijas redz\u0113jumu par dro\u0161u digit\u0101lo identit\u0101ti un atbild\u012bgu digit\u0101lo inov\u0101ciju izmanto\u0161anu uz\u0146\u0113m\u0113jdarb\u012bb\u0101 un publiskaj\u0101 p\u0101rvald\u0113.<\/p>\n<p>Vied\u0101s administr\u0101cijas un re\u0123ion\u0101l\u0101s att\u012bst\u012bbas ministrs Raimonds \u010cudars: \u201cKad tehnolo\u0123ijas balst\u0101s uz uztic\u0113\u0161anos un zin\u0101\u0161an\u0101m, pat maz\u0101k\u0101 valsts var k\u013c\u016bt par lielas n\u0101kotnes veidot\u0101ju. M\u0113s ne tikai sekojam digit\u0101lajam laikmetam \u2013 m\u0113s to veidojam kop\u0101, savienojot cilv\u0113kus, idejas un iesp\u0113jas ilgtsp\u0113j\u012bg\u0101, iek\u013caujo\u0161\u0101 Eirop\u0101. Tehnolo\u0123ij\u0101m j\u0101kalpo sabiedr\u012bbai, nodro\u0161inot efekt\u012bvus, iek\u013caujo\u0161us un dro\u0161us publiskos pakalpojumus.\u201d\u00a0<\/p>\n<p>Sav\u0101 uzrun\u0101 ministrs uzsv\u0113ra, ka digit\u0101l\u0101s tehnolo\u0123ijas ir Eiropas notur\u012bbas un konkur\u0113tsp\u0113jas pamats, kas pal\u012bdz stiprin\u0101t sabiedr\u012bbas uztic\u012bbu, veicina inov\u0101ciju un nodro\u0161ina dro\u0161\u012bbu. T\u0101d\u0113\u013c Latvija ar da\u017e\u0101du programmu pal\u012bdz\u012bbu iegulda\u00a0 cilv\u0113ku digt\u0101lo prasmju att\u012bst\u012bb\u0101. Latvija akt\u012bvi virza ar\u012b atbild\u012bgu m\u0101ksl\u012bg\u0101 intelekta ievie\u0161anu, att\u012bsta kvantu un valodu tehnolo\u0123ijas, k\u0101 ar\u012b piedal\u0101s digit\u0101l\u0101s identit\u0101tes maka izstr\u0101d\u0113, kas iedz\u012bvot\u0101jiem vis\u0101 Eiropas Savien\u012bb\u0101 nodro\u0161in\u0101s dro\u0161u un \u0113rtu piek\u013cuvi digit\u0101lajiem pakalpojumiem.\u00a0<br \/>\u00a0<br \/>Foruma Techritory ietvaros, VARAM ministrs Raimonds \u010cudars tik\u0101s ar Eiropas Komisijas izpildviceprezidenti tehnolo\u0123isk\u0101s suverenit\u0101tes, dro\u0161\u012bbas un demokr\u0101tijas jaut\u0101jumos\u00a0 Hennu Virkunenu (Henna Virkkunen), lai p\u0101rrun\u0101tu digit\u0101l\u0101s infrastrukt\u016bras un m\u0101ksl\u012bg\u0101 intelekta att\u012bst\u012bbas priorit\u0101tes n\u0101kamaj\u0101 Eiropas Savien\u012bbas daudzgadu bud\u017eet\u0101. Sarun\u0101 tika uzsv\u0113rta nepiecie\u0161am\u012bba nodro\u0161in\u0101t l\u012bdzsvarotu digit\u0101lo invest\u012bciju pieejam\u012bbu vis\u0101 Eirop\u0101, \u012bpa\u0161i Austrumu pierobe\u017eas re\u0123ionos, k\u0101 ar\u012b turpin\u0101t strat\u0113\u0123iskos ieguld\u012bjumus kiberdro\u0161\u012bb\u0101, savienojam\u012bb\u0101 un 5G infrastrukt\u016br\u0101.\u00a0<\/p>\n<p>Ministrs pauda, ka Latvija augstu nov\u0113rt\u0113 Eiropas Komisijas atbalstu projektam \u201cM\u0101ksl\u012bg\u0101 intelekta r\u016bpn\u012bcas antena \u2013 Latvija\u201d, kas stiprina valsts sp\u0113jas m\u0101ksl\u012bg\u0101 intelekta un augstas veiktsp\u0113jas skait\u013co\u0161anas jom\u0101. T\u0101pat tika apspriesta Latvijas l\u012bdzdal\u012bba\u00a0 Baltijas MI Gigafabrikas iniciat\u012bv\u0101, kas veicin\u0101tu ilgtsp\u0113j\u012bgu re\u0123ion\u0101lo att\u012bst\u012bbu un stiprin\u0101tu Eiropas digit\u0101lo suverenit\u0101ti.\u00a0<\/p>\n<p>Savuk\u0101rt VARAM p\u0101rst\u0101vji piedal\u012bj\u0101s vair\u0101k\u0101s diskusij\u0101s un semin\u0101ros par digit\u0101l\u0101s transform\u0101cijas un ilgtsp\u0113jas jaut\u0101jumiem.\u00a0<\/p>\n<p>Rinalds Celmi\u0146\u0161, VARAM Digit\u0101l\u0101s politikas departamenta direktors, piedal\u012bj\u0101s diskusij\u0101 \u201cDigitalization &amp; Sustainability: Driving Tomorrow\u2019s Competitiveness\u201d, kur\u0101 uzsv\u0113ra, ka digit\u0101lie risin\u0101jumi var b\u016bt b\u016btisks dzin\u0113jsp\u0113ks uz\u0146\u0113mumu ilgtsp\u0113j\u012bgai izaugsmei un konkur\u0113tsp\u0113jai, ja tie tiek izmantoti atbild\u012bgi un ar kvalitat\u012bviem datiem. Diskusij\u0101 tika akcent\u0113ta ar\u012b sadarb\u012bbas noz\u012bme starp publisko un priv\u0101to sektoru, lai digit\u0101l\u0101 transform\u0101cija sniegtu ieguvumus visai sabiedr\u012bbai.\u00a0<\/p>\n<p>Gatis Ozols, VARAM valsts sekret\u0101ra vietnieks digit\u0101l\u0101s transform\u0101cijas jaut\u0101jumos, piedal\u012bj\u0101s pane\u013cdiskusij\u0101 \u201cFuture of Identity \u2013 Why Yet Another Digital Identity?\u201d, kur\u0101 tika run\u0101ts par digit\u0101l\u0101s identit\u0101tes att\u012bst\u012bbu Eirop\u0101. Diskusij\u0101 uzsv\u0113rts, ka ES digit\u0101l\u0101s identit\u0101tes maks k\u013c\u016bs par dro\u0161u un \u0113rtu veidu, k\u0101 iedz\u012bvot\u0101ji var\u0113s izmantot savus digit\u0101los dokumentus vis\u0101 Eiropas Savien\u012bb\u0101, nodro\u0161inot datu dro\u0161\u012bbu un priv\u0101tumu.\u00a0<\/p>\n<p>Savuk\u0101rt VARAM projektu vad\u012bt\u0101ja Santa Bileskalne piedal\u012bj\u0101s semin\u0101r\u0101 \u201cFrom Obligation to Opportunity: How Sustainability Drives Competitive Advantage\u201d, kur\u0101 tika apspriests, k\u0101 uz\u0146\u0113mumi var p\u0101rv\u0113rst ilgtsp\u0113jas pras\u012bbas par konkur\u0113tsp\u0113jas priek\u0161roc\u012bb\u0101m, izmantojot kvalitat\u012bvus datus un digit\u0101los risin\u0101jumus. Tika prezent\u0113ts ar\u012b ESG nov\u0113rt\u0113\u0161anas r\u012bks (<a href=\"https:\/\/www.esgtool.eu\/lv\" target=\"_blank\" data-auth=\"NotApplicable\" data-linkindex=\"0\" rel=\"nofollow noopener\">esgtool.eu<\/a>), kas pal\u012bdz nov\u0113rt\u0113t sava uz\u0146\u0113muma darb\u012bbas ietekmi uz vides, soci\u0101lo un p\u0101rvald\u012bbas (ESG) aspektiem, kuri j\u0101iek\u013cauj ilgtsp\u0113jas zi\u0146ojum\u0101, balstoties dubult\u0101 b\u016btiskuma nov\u0113rt\u0113juma ietvaros.\u00a0<\/p>\n<p>Foruma diskusiju ieraksti un ministra atkl\u0101\u0161anas runa pieejami\u00a0<a href=\"https:\/\/www.youtube.com\/@techritoryforum\/videos\" target=\"_blank\" data-auth=\"NotApplicable\" data-linkindex=\"1\" rel=\"nofollow noopener\">Techritory YouTube kan\u0101l\u0101.<\/a>\u00a0<\/p>\n<p>          <img decoding=\"async\" src=\"https:\/\/www.europesays.com\/lv\/wp-content\/uploads\/2025\/10\/1761133806_557_logo-lv.png\" alt=\"\"\/><\/p>\n<p>                  \u0160\u012b inform\u0101cija ir publisks pazi\u0146ojums un neatspogu\u013co LV port\u0101la viedokli. Par t\u0101s saturu atbild ies\u016bt\u012bt\u0101js. <a data-popup=\"rules\">Public\u0113\u0161anas noteikumi<\/a><\/p>\n","protected":false},"excerpt":{"rendered":"22. un 23. oktobr\u012b R\u012bg\u0101 notiek Zieme\u013ceiropas vado\u0161ais tehnolo\u0123iju un inov\u0101ciju forums \u201cTechritory\u201d, kas pulc\u0113 politikas veidot\u0101jus, uz\u0146\u0113m\u0113jus&hellip;\n","protected":false},"author":2,"featured_media":29048,"comment_status":"","ping_status":"","sticky":false,"template":"","format":"standard","meta":{"footnotes":""},"categories":[5],"tags":[23,28,29,32,33,22,30,31,35,39,38,36,37,34,40,20,26,27,24,25,21],"class_list":{"0":"post-29047","1":"post","2":"type-post","3":"status-publish","4":"format-standard","5":"has-post-thumbnail","7":"category-aktualitates","8":"tag-aktualitates","9":"tag-breaking-news","10":"tag-breakingnews","11":"tag-featured-news","12":"tag-featurednews","13":"tag-headlines","14":"tag-latest-news","15":"tag-latestnews","16":"tag-latvia","17":"tag-latvian","18":"tag-latviesu","19":"tag-latviesu-valoda","20":"tag-latviesuvaloda","21":"tag-latvija","22":"tag-lv","23":"tag-news","24":"tag-popularakas-zinas","25":"tag-popularakaszinas","26":"tag-top-stories","27":"tag-topstories","28":"tag-zinas"},"share_on_mastodon":{"url":"https:\/\/pubeurope.com\/@lv\/115423016721505816","error":""},"_links":{"self":[{"href":"https:\/\/www.europesays.com\/lv\/wp-json\/wp\/v2\/posts\/29047","targetHints":{"allow":["GET"]}}],"collection":[{"href":"https:\/\/www.europesays.com\/lv\/wp-json\/wp\/v2\/posts"}],"about":[{"href":"https:\/\/www.europesays.com\/lv\/wp-json\/wp\/v2\/types\/post"}],"author":[{"embeddable":true,"href":"https:\/\/www.europesays.com\/lv\/wp-json\/wp\/v2\/users\/2"}],"replies":[{"embeddable":true,"href":"https:\/\/www.europesays.com\/lv\/wp-json\/wp\/v2\/comments?post=29047"}],"version-history":[{"count":0,"href":"https:\/\/www.europesays.com\/lv\/wp-json\/wp\/v2\/posts\/29047\/revisions"}],"wp:featuredmedia":[{"embeddable":true,"href":"https:\/\/www.europesays.com\/lv\/wp-json\/wp\/v2\/media\/29048"}],"wp:attachment":[{"href":"https:\/\/www.europesays.com\/lv\/wp-json\/wp\/v2\/media?parent=29047"}],"wp:term":[{"taxonomy":"category","embeddable":true,"href":"https:\/\/www.europesays.com\/lv\/wp-json\/wp\/v2\/categories?post=29047"},{"taxonomy":"post_tag","embeddable":true,"href":"https:\/\/www.europesays.com\/lv\/wp-json\/wp\/v2\/tags?post=29047"}],"curies":[{"name":"wp","href":"https:\/\/api.w.org\/{rel}","templated":true}]}}