{"id":29053,"date":"2025-10-23T10:36:07","date_gmt":"2025-10-23T10:36:07","guid":{"rendered":"https:\/\/www.europesays.com\/lv\/29053\/"},"modified":"2025-10-23T10:36:07","modified_gmt":"2025-10-23T10:36:07","slug":"diona-liepina-noliedz-skirsanos-no-ivara-krasta-baumas-izradijusas-parpratums-lente-lv","status":"publish","type":"post","link":"https:\/\/www.europesays.com\/lv\/29053\/","title":{"rendered":"Diona Liepi\u0146a noliedz \u0161\u0137ir\u0161anos no Ivara Krasta: baumas izr\u0101d\u012bju\u0161\u0101s p\u0101rpratums\u00a0\u2014\u00a0Lente.lv"},"content":{"rendered":"<p>P\u0101rpratums par \u0161\u0137ir\u0161anos: Diona Liepi\u0146a noliedz baumas par attiec\u012bb\u0101m ar Ivaru Krastu<\/p>\n<p>Neseni medijos izskan\u0113ju\u0161ie apgalvojumi par dzied\u0101t\u0101jas Dionas Liepi\u0146as un aktiera Ivara Krasta \u0161\u0137ir\u0161anos ir izr\u0101d\u012bju\u0161ies nepamatoti. Diona Liepi\u0146a person\u012bgi noliedz baumas, uzsverot, ka vi\u0146u attiec\u012bbas turpin\u0101s. \u0160ie izteikumi non\u0101ku\u0161i pretrun\u0101 ar iepriek\u0161 izskan\u0113ju\u0161o inform\u0101ciju, kas liecin\u0101ja par p\u0101ra sarun\u0101m par attiec\u012bbu kr\u012bzi un iesp\u0113jamu atvad\u012b\u0161anos.<\/p>\n<p>Dionas jaunais albums un attiec\u012bbu skaidrojums<\/p>\n<p>M\u016bzi\u0137e Diona Liepi\u0146a \u017eurn\u0101lam &#8220;Priv\u0101t\u0101 Dz\u012bve&#8221; sniegusi skaidrojumu par sav\u0101m attiec\u012bb\u0101m ar Ivaru Krastu, uzsverot, ka viss ir k\u0101rt\u012bb\u0101. \u0160ie izteikumi ir \u012bpa\u0161i noz\u012bm\u012bgi, \u0146emot v\u0113r\u0101, ka nesen izdotais Dionas otrais studijas albums &#8220;M\u0101ko\u0146os&#8221; da\u013c\u0113ji pau\u017e \u0161\u0137ir\u0161an\u0101s saj\u016btas un ilgas p\u0113c m\u012b\u013cot\u0101. Albums, kas tapis k\u0101 dzi\u013ci personisks darbs, p\u0113ta robe\u017eas starp dz\u012bvi un n\u0101vi, s\u0101p\u0113m un dziedin\u0101\u0161anu, un da\u013ca t\u0101 iecer\u0113ta k\u0101 saruna pa\u0161ai ar sevi, atkl\u0101jot ar\u012b attiec\u012bbu l\u012bklo\u010dus.<\/p>\n<p>Attiec\u012bbu s\u0101kums un publiskais atspulgs<\/p>\n<p>Dionas un Ivara attiec\u012bbas s\u0101k\u0101s pirms aptuveni diviem gadiem, un publiski k\u0101 p\u0101ris vi\u0146i pirmoreiz par\u0101d\u012bj\u0101s 2023. gada \u201cZelta Mikrofona\u201d ball\u012bt\u0113. \u0160\u012bs attiec\u012bbas vienm\u0113r ir biju\u0161as mediju uzman\u012bbas centr\u0101, \u012bpa\u0161i t\u0101d\u0113\u013c, ka starp abiem m\u0101ksliniekiem ir iev\u0113rojama vecuma starp\u012bba \u2013 Ivars Krasts ir par 22 gadiem vec\u0101ks par Dionu. Lai gan iepriek\u0161 ir izskan\u0113ju\u0161as runas par \u0161\u0137ir\u0161anos un dz\u012bvo\u0161anu &#8220;katram sav\u0101 telp\u0101&#8221;, Diona tagad stingri noliedz, ka vi\u0146u attiec\u012bbas b\u016btu nosl\u0113gu\u0161\u0101s.<\/p>\n","protected":false},"excerpt":{"rendered":"P\u0101rpratums par \u0161\u0137ir\u0161anos: Diona Liepi\u0146a noliedz baumas par attiec\u012bb\u0101m ar Ivaru Krastu Neseni medijos izskan\u0113ju\u0161ie apgalvojumi par dzied\u0101t\u0101jas&hellip;\n","protected":false},"author":2,"featured_media":29054,"comment_status":"","ping_status":"","sticky":false,"template":"","format":"standard","meta":{"footnotes":""},"categories":[19],"tags":[262,6269,89,6701,90,35,39,38,36,37,34,40,8916,3434],"class_list":{"0":"post-29053","1":"post","2":"type-post","3":"status-publish","4":"format-standard","5":"has-post-thumbnail","7":"category-izklaide","8":"tag-attiecibas","9":"tag-diona-liepina","10":"tag-entertainment","11":"tag-ivars-krasts","12":"tag-izklaide","13":"tag-latvia","14":"tag-latvian","15":"tag-latviesu","16":"tag-latviesu-valoda","17":"tag-latviesuvaloda","18":"tag-latvija","19":"tag-lv","20":"tag-muzike","21":"tag-skirsanas"},"share_on_mastodon":{"url":"https:\/\/pubeurope.com\/@lv\/115423044126252630","error":""},"_links":{"self":[{"href":"https:\/\/www.europesays.com\/lv\/wp-json\/wp\/v2\/posts\/29053","targetHints":{"allow":["GET"]}}],"collection":[{"href":"https:\/\/www.europesays.com\/lv\/wp-json\/wp\/v2\/posts"}],"about":[{"href":"https:\/\/www.europesays.com\/lv\/wp-json\/wp\/v2\/types\/post"}],"author":[{"embeddable":true,"href":"https:\/\/www.europesays.com\/lv\/wp-json\/wp\/v2\/users\/2"}],"replies":[{"embeddable":true,"href":"https:\/\/www.europesays.com\/lv\/wp-json\/wp\/v2\/comments?post=29053"}],"version-history":[{"count":0,"href":"https:\/\/www.europesays.com\/lv\/wp-json\/wp\/v2\/posts\/29053\/revisions"}],"wp:featuredmedia":[{"embeddable":true,"href":"https:\/\/www.europesays.com\/lv\/wp-json\/wp\/v2\/media\/29054"}],"wp:attachment":[{"href":"https:\/\/www.europesays.com\/lv\/wp-json\/wp\/v2\/media?parent=29053"}],"wp:term":[{"taxonomy":"category","embeddable":true,"href":"https:\/\/www.europesays.com\/lv\/wp-json\/wp\/v2\/categories?post=29053"},{"taxonomy":"post_tag","embeddable":true,"href":"https:\/\/www.europesays.com\/lv\/wp-json\/wp\/v2\/tags?post=29053"}],"curies":[{"name":"wp","href":"https:\/\/api.w.org\/{rel}","templated":true}]}}