{"id":29055,"date":"2025-10-23T10:39:12","date_gmt":"2025-10-23T10:39:12","guid":{"rendered":"https:\/\/www.europesays.com\/lv\/29055\/"},"modified":"2025-10-23T10:39:12","modified_gmt":"2025-10-23T10:39:12","slug":"iekslietu-ministrs-gaidis-dienesta-parbaudes-rezultatus-par-satiriska-video-autoram-piespriesto-sodu","status":"publish","type":"post","link":"https:\/\/www.europesays.com\/lv\/29055\/","title":{"rendered":"Iek\u0161lietu ministrs gaid\u012bs dienesta p\u0101rbaudes rezult\u0101tus par sat\u012briska video autoram piespriesto sodu"},"content":{"rendered":"<p>Kozlovskis a\u0123ent\u016brai LETA teica, ka <a href=\"https:\/\/www.apollo.lv\/term\/555407\/valsts-policija\" class=\"topicLink\" target=\"_blank\" rel=\"nofollow noopener\">Valsts policija<\/a> (VP) ir atzinusi savu k\u013c\u016bdu, turkl\u0101t papildus tiek veikta dienesta p\u0101rbaude, lai var\u0113tu saprast, k\u0101 \u0161\u012b k\u013c\u016bda var\u0113ja izveidoties. T\u0101pat personai tiks atl\u012bdzin\u0101ti izdevumi.<\/p>\n<p>&#8220;Gaid\u012b\u0161u dienesta p\u0101rbaudes beigas, lai var\u0113tu saprast, vai nepiecie\u0161amas izmai\u0146as proced\u016br\u0101s, lai nepie\u013cautu \u0161\u0101du gad\u012bjumu atk\u0101rto\u0161anos vai ar\u012b tas ir uzskat\u0101ms k\u0101 atsevi\u0161\u0137s gad\u012bjums, ko k\u013c\u016bdas p\u0113c pie\u013c\u0101vusi amatpersona. Rezonanse bijusi un es ar\u012b varu tikai atvainoties,&#8221; uzsv\u0113ra ministrs.<\/p>\n<p>K\u0101 v\u0113st\u012bts, video autors Kristaps Bi\u010dkausks soci\u0101lajos medijos atkl\u0101ja, ka pirms gada ir publiskojis video, kur\u0101 ir sarkastiski aprakst\u012bjis Gulaga nometnes, t\u0101d\u0113j\u0101di rea\u0123\u0113jot uz Krievijas \u012bstenot\u0101s politikas atbalst\u012bt\u0101ju koment\u0101riem. \u0160ogad vi\u0146\u0161 atkl\u0101jis, ka vi\u0146am ir piem\u0113rots sods par PSRS slavin\u0101\u0161anu, no bankas konta atskaitot 350 eiro.<\/p>\n<p>Video, par kuru Kristaps sa\u0146\u0113ma sodu:<\/p>\n<p>Rea\u0123\u0113jot uz soci\u0101lajos medijos izskan\u0113ju\u0161\u0101m zi\u0146\u0101m par piem\u0113roto sodu saist\u012bb\u0101 ar sat\u012bras video, izv\u0113rt\u0113jot par to pieejamo inform\u0101ciju un apst\u0101k\u013cus, VP ir konstat\u0113jusi, ka konkr\u0113tais l\u0113mums ir pie\u0146emts p\u0101rsteidz\u012bgi. Policija nor\u0101da, ka lieta izskat\u012bta procesu\u0101li pareizi, bet neiedzi\u013cinoties apst\u0101k\u013cu kopum\u0101.<\/p>\n<blockquote class=\"quote ck-widget\" contenteditable=\"false\">\n<p>VP atz\u012bst, ka sods ir piem\u0113rots nepamatoti un \u0161is l\u0113mums tiks atcelts, k\u0101 ar\u012b tiks atl\u012bdzin\u0101ti radu\u0161ies izdevumi. Savuk\u0101rt policijas priek\u0161nieks Armands Ruks ir uzdevis veikt dienesta p\u0101rbaudi, un turpin\u0101s apst\u0101k\u013cu noskaidro\u0161ana.<\/p>\n<\/blockquote>\n<p>Policija gan aicina iedz\u012bvot\u0101jus p\u0101rliecin\u0101ties, ka vi\u0146u kontaktinform\u0101cija ir aktu\u0101la un pieejama, lai nepiecie\u0161am\u012bbas gad\u012bjum\u0101 iest\u0101des var\u0113tu sazin\u0101ties un noskaidrot radu\u0161os jaut\u0101jumus, k\u0101 tas var\u0113ja notikt \u0161aj\u0101 gad\u012bjum\u0101, kad persona tika inform\u0113ta, bet s\u016bt\u012bjumi uz nor\u0101d\u012bto deklar\u0113to dz\u012bvesvietas adresi personu nesasniedza.<\/p>\n","protected":false},"excerpt":{"rendered":"Kozlovskis a\u0123ent\u016brai LETA teica, ka Valsts policija (VP) ir atzinusi savu k\u013c\u016bdu, turkl\u0101t papildus tiek veikta dienesta p\u0101rbaude,&hellip;\n","protected":false},"author":2,"featured_media":29056,"comment_status":"","ping_status":"","sticky":false,"template":"","format":"standard","meta":{"footnotes":""},"categories":[14],"tags":[23,57,28,29,32,33,22,30,31,35,39,38,36,37,34,40,20,26,27,5328,24,25,138,54,55,56,21,58],"class_list":{"0":"post-29055","1":"post","2":"type-post","3":"status-publish","4":"format-standard","5":"has-post-thumbnail","7":"category-zinas-no-arvalstim","8":"tag-aktualitates","9":"tag-arvalstim","10":"tag-breaking-news","11":"tag-breakingnews","12":"tag-featured-news","13":"tag-featurednews","14":"tag-headlines","15":"tag-latest-news","16":"tag-latestnews","17":"tag-latvia","18":"tag-latvian","19":"tag-latviesu","20":"tag-latviesu-valoda","21":"tag-latviesuvaloda","22":"tag-latvija","23":"tag-lv","24":"tag-news","25":"tag-popularakas-zinas","26":"tag-popularakaszinas","27":"tag-tiktok","28":"tag-top-stories","29":"tag-topstories","30":"tag-valsts-policija","31":"tag-world","32":"tag-world-news","33":"tag-worldnews","34":"tag-zinas","35":"tag-zinas-no-arvalstim"},"share_on_mastodon":{"url":"https:\/\/pubeurope.com\/@lv\/115423055983349230","error":""},"_links":{"self":[{"href":"https:\/\/www.europesays.com\/lv\/wp-json\/wp\/v2\/posts\/29055","targetHints":{"allow":["GET"]}}],"collection":[{"href":"https:\/\/www.europesays.com\/lv\/wp-json\/wp\/v2\/posts"}],"about":[{"href":"https:\/\/www.europesays.com\/lv\/wp-json\/wp\/v2\/types\/post"}],"author":[{"embeddable":true,"href":"https:\/\/www.europesays.com\/lv\/wp-json\/wp\/v2\/users\/2"}],"replies":[{"embeddable":true,"href":"https:\/\/www.europesays.com\/lv\/wp-json\/wp\/v2\/comments?post=29055"}],"version-history":[{"count":0,"href":"https:\/\/www.europesays.com\/lv\/wp-json\/wp\/v2\/posts\/29055\/revisions"}],"wp:featuredmedia":[{"embeddable":true,"href":"https:\/\/www.europesays.com\/lv\/wp-json\/wp\/v2\/media\/29056"}],"wp:attachment":[{"href":"https:\/\/www.europesays.com\/lv\/wp-json\/wp\/v2\/media?parent=29055"}],"wp:term":[{"taxonomy":"category","embeddable":true,"href":"https:\/\/www.europesays.com\/lv\/wp-json\/wp\/v2\/categories?post=29055"},{"taxonomy":"post_tag","embeddable":true,"href":"https:\/\/www.europesays.com\/lv\/wp-json\/wp\/v2\/tags?post=29055"}],"curies":[{"name":"wp","href":"https:\/\/api.w.org\/{rel}","templated":true}]}}