{"id":29117,"date":"2025-10-23T12:15:08","date_gmt":"2025-10-23T12:15:08","guid":{"rendered":"https:\/\/www.europesays.com\/lv\/29117\/"},"modified":"2025-10-23T12:15:08","modified_gmt":"2025-10-23T12:15:08","slug":"ministru-prezidente-evika-silina-piedalas-eiropadomes-sanaksme","status":"publish","type":"post","link":"https:\/\/www.europesays.com\/lv\/29117\/","title":{"rendered":"Ministru prezidente Evika Sili\u0146a piedal\u0101s Eiropadomes san\u0101ksm\u0113"},"content":{"rendered":"<p>Ministru prezidente Evika Sili\u0146a ceturtdien, 23. oktobr\u012b, piedal\u0101s Eiropadomes san\u0101ksm\u0113 Be\u013c\u0123ijas galvaspils\u0113t\u0101 Brisel\u0113.<\/p>\n<p>\u201cEiropadomes san\u0101ksme ir s\u0101kusies ar lab\u0101m zi\u0146\u0101m. Ir apstiprin\u0101ta jau 19. Eiropas Savien\u012bbas sankciju pakotne pret Krieviju, v\u0113r\u0161oties pret agresorsvalsts ener\u0123\u0113tikas un finan\u0161u sektoriem,\u201d uzsver Ministru prezidente.<\/p>\n<p>V\u0113l pirms ofici\u0101l\u0101s programmas s\u0101kuma E. Sili\u0146a piedal\u012bj\u0101s Eiropas Tautas partijas (EPP) san\u0101ksm\u0113, lai p\u0101rrun\u0101tu svar\u012bg\u0101kos darba k\u0101rt\u012bbas jaut\u0101jumus ar kol\u0113\u0123iem.<\/p>\n<p>Ministru prezidente ar\u012b sniedza intervijas Latvijas un \u0101rvalstu medijiem par Eiropadomes san\u0101ksmes darba k\u0101rt\u012bbas jaut\u0101jumiem, tostarp par iesald\u0113to Krievijas l\u012bdzek\u013cu izmanto\u0161anu Ukrainas atbalstam, migr\u0101cijas politiku, klimatu un citiem jaut\u0101jumiem.<\/p>\n<p>T\u0101pat pirms Eiropadomes san\u0101ksmes ceturtdienas r\u012bt\u0101 Ministru prezidente piedal\u012bj\u0101s D\u0101nijas organiz\u0113t\u0101 neform\u0101l\u0101 l\u012bderu sarun\u0101 par migr\u0101ciju. E. Sili\u0146a uzsv\u0113ra nepiecie\u0161am\u012bbu p\u0101rskat\u012bt migr\u0101cijas politiku un aicin\u0101ja uz vienotu izpratni par Austrumu robe\u017eas, kas ir ar\u012b Eiropas Savien\u012bbas \u0101r\u0113j\u0101 robe\u017ea, noz\u012bmi.<\/p>\n<p>E. Sili\u0146a piedal\u012bj\u0101s ar\u012b NB6 valstu l\u012bderu san\u0101ksm\u0113 ar \u012arijas un Polijas p\u0101rst\u0101vju dal\u012bbu. Taj\u0101 amatpersonas bija vienispr\u0101tis, ka j\u0101virz\u0101s uz priek\u0161u ar Krievijas iesald\u0113to akt\u012bvu izmanto\u0161anu Ukrainas atbalstam un j\u0101stiprina Austrumu flangs. \u201cKrievija arvien ir drauds m\u016bsu kop\u0113jai dro\u0161\u012bbai,\u201d uzsv\u0113ra Ministru prezidente.<\/p>\n<p>          <img decoding=\"async\" src=\"https:\/\/www.europesays.com\/lv\/wp-content\/uploads\/2025\/10\/1761133806_557_logo-lv.png\" alt=\"\"\/><\/p>\n<p>                  \u0160\u012b inform\u0101cija ir publisks pazi\u0146ojums un neatspogu\u013co LV port\u0101la viedokli. Par t\u0101s saturu atbild ies\u016bt\u012bt\u0101js. <a data-popup=\"rules\">Public\u0113\u0161anas noteikumi<\/a><\/p>\n","protected":false},"excerpt":{"rendered":"Ministru prezidente Evika Sili\u0146a ceturtdien, 23. oktobr\u012b, piedal\u0101s Eiropadomes san\u0101ksm\u0113 Be\u013c\u0123ijas galvaspils\u0113t\u0101 Brisel\u0113. \u201cEiropadomes san\u0101ksme ir s\u0101kusies ar&hellip;\n","protected":false},"author":2,"featured_media":29118,"comment_status":"","ping_status":"","sticky":false,"template":"","format":"standard","meta":{"footnotes":""},"categories":[14],"tags":[23,57,28,29,32,33,22,30,31,35,39,38,36,37,34,40,20,26,27,24,25,54,55,56,21,58],"class_list":{"0":"post-29117","1":"post","2":"type-post","3":"status-publish","4":"format-standard","5":"has-post-thumbnail","7":"category-zinas-no-arvalstim","8":"tag-aktualitates","9":"tag-arvalstim","10":"tag-breaking-news","11":"tag-breakingnews","12":"tag-featured-news","13":"tag-featurednews","14":"tag-headlines","15":"tag-latest-news","16":"tag-latestnews","17":"tag-latvia","18":"tag-latvian","19":"tag-latviesu","20":"tag-latviesu-valoda","21":"tag-latviesuvaloda","22":"tag-latvija","23":"tag-lv","24":"tag-news","25":"tag-popularakas-zinas","26":"tag-popularakaszinas","27":"tag-top-stories","28":"tag-topstories","29":"tag-world","30":"tag-world-news","31":"tag-worldnews","32":"tag-zinas","33":"tag-zinas-no-arvalstim"},"share_on_mastodon":{"url":"https:\/\/pubeurope.com\/@lv\/115423433422799921","error":""},"_links":{"self":[{"href":"https:\/\/www.europesays.com\/lv\/wp-json\/wp\/v2\/posts\/29117","targetHints":{"allow":["GET"]}}],"collection":[{"href":"https:\/\/www.europesays.com\/lv\/wp-json\/wp\/v2\/posts"}],"about":[{"href":"https:\/\/www.europesays.com\/lv\/wp-json\/wp\/v2\/types\/post"}],"author":[{"embeddable":true,"href":"https:\/\/www.europesays.com\/lv\/wp-json\/wp\/v2\/users\/2"}],"replies":[{"embeddable":true,"href":"https:\/\/www.europesays.com\/lv\/wp-json\/wp\/v2\/comments?post=29117"}],"version-history":[{"count":0,"href":"https:\/\/www.europesays.com\/lv\/wp-json\/wp\/v2\/posts\/29117\/revisions"}],"wp:featuredmedia":[{"embeddable":true,"href":"https:\/\/www.europesays.com\/lv\/wp-json\/wp\/v2\/media\/29118"}],"wp:attachment":[{"href":"https:\/\/www.europesays.com\/lv\/wp-json\/wp\/v2\/media?parent=29117"}],"wp:term":[{"taxonomy":"category","embeddable":true,"href":"https:\/\/www.europesays.com\/lv\/wp-json\/wp\/v2\/categories?post=29117"},{"taxonomy":"post_tag","embeddable":true,"href":"https:\/\/www.europesays.com\/lv\/wp-json\/wp\/v2\/tags?post=29117"}],"curies":[{"name":"wp","href":"https:\/\/api.w.org\/{rel}","templated":true}]}}