{"id":29127,"date":"2025-10-23T12:25:07","date_gmt":"2025-10-23T12:25:07","guid":{"rendered":"https:\/\/www.europesays.com\/lv\/29127\/"},"modified":"2025-10-23T12:25:07","modified_gmt":"2025-10-23T12:25:07","slug":"al-atija-mulkigas-kludas-del-zaude-w2rc-titulu-par-jauno-cempionu-klust-brazilietis-moraess-lente-lv","status":"publish","type":"post","link":"https:\/\/www.europesays.com\/lv\/29127\/","title":{"rendered":"Al-Atija mu\u013c\u0137\u012bgas k\u013c\u016bdas d\u0113\u013c zaud\u0113 W2RC titulu; par jauno \u010dempionu k\u013c\u016bst braz\u012blietis Moraess\u00a0\u2014\u00a0Lente.lv"},"content":{"rendered":"<p>Nepiedien\u012bga k\u013c\u016bda iz\u0161\u0137ir \u010dempion\u0101ta likteni<\/p>\n<p>Pasaules rallijreida \u010dempion\u0101ta (W2RC) sezona nosl\u0113gusies ar sensacion\u0101lu pav\u0113rsienu, kur\u0101 pieredz\u0113ju\u0161ais katarietis Nasers Al-Atija ir zaud\u0113jis savu titulu nepiedien\u012bgas k\u013c\u016bdas d\u0113\u013c p\u0113d\u0113j\u0101 posm\u0101, &#8220;Rallye du Maroc&#8221;. Vi\u0146a ofici\u0101li noraid\u012bt\u0101 apel\u0101cija par sacens\u012bbu rezult\u0101tiem ir atkl\u0101jusi jauno pasaules \u010dempionu \u2013 braz\u012blieti L\u016bkasu Moraesu.<\/p>\n<p>Al-Atija, kur\u0161 iepriek\u0161\u0113j\u0101s tr\u012bs W2RC sezon\u0101s bija triumf\u0113jis ar &#8220;Toyota&#8221;, Marok\u0101 bija fini\u0161\u0113jis tre\u0161ais, kas vi\u0146am b\u016btu pieticis, lai saglab\u0101tu kopv\u0113rt\u0113juma l\u012bderpoz\u012bciju. Tom\u0113r likten\u012bg\u0101 izr\u0101d\u012bj\u0101s 1 stundas un 10 min\u016b\u0161u ilg\u0101 laika soda sankcija. Izmekl\u0113\u0161an\u0101 tika konstat\u0113ts, ka &#8220;Dacia&#8221; pilots, piln\u0101 \u0101trum\u0101, noignor\u0113jis fini\u0161a kontrolpunkt\u0101 eso\u0161o &#8220;stop&#8221; z\u012bmi. Lai gan Al-Atija cent\u0101s skaidrot, ka putek\u013cu d\u0113\u013c nav redz\u0113jis z\u012bmi, videoieraksti atkl\u0101ja, ka abi ekip\u0101\u017eas dal\u012bbnieki biju\u0161i aiz\u0146emti ar karst\u0101m diskusij\u0101m par k\u013c\u016bdu ce\u013cve\u017eos, kas noveda pie \u0161\u012bs neuzman\u012bbas. \u0160\u012b k\u013c\u016bda maks\u0101ja vi\u0146am ne tikai uzvaru posm\u0101, bet ar\u012b \u010dempiona titulu.<\/p>\n<p>Moraesa triumfs un &#8220;Toyota&#8221; nep\u0101rsp\u0113t\u0101 s\u0113rija<\/p>\n<p>L\u012bdz ar Al-Atijas soda punktiem, par \u010dempionu k\u013cuva Moraess, kur\u0161 nosl\u0113dzo\u0161aj\u0101 posm\u0101 fini\u0161\u0113ja otrais aiz &#8220;Dacia&#8221; komandas biedra Sebastj\u0113na L\u0113ba. \u0160is pan\u0101kums garant\u0113ja &#8220;Toyota&#8221; komandai nep\u0101rsp\u0113tu s\u0113riju kop\u0161 W2RC izveido\u0161anas 2022. gad\u0101, nodro\u0161inot gan brauc\u0113ju, gan konstruktoru kausus. Moraess, ar savu otro vietu &#8220;Rallye du Maroc&#8221;, nodro\u0161in\u0101ja sev 164 punktus kopv\u0113rt\u0113jum\u0101, atst\u0101jot Al-Atiju 9 punktus aiz sevis ar 153 punktiem. Tre\u0161aj\u0101 viet\u0101 \u010dempion\u0101t\u0101 ierindoj\u0101s &#8220;Toyota&#8221; brauc\u0113js Henks Lategans ar 141 punktu.<\/p>\n<p>Moraess ir pirmais pilots kop\u0161 \u010dempion\u0101ta dibin\u0101\u0161anas, kuram izdevies p\u0101rtraukt Al-Atijas dominanci. &#8220;Viss tika iz\u0161\u0137irts p\u0113d\u0113j\u0101 kilometr\u0101. Tie\u0161i t\u0101p\u0113c es m\u012blu \u0161o sporta veidu,&#8221; p\u0113c uzvaras emocij\u0101s dal\u012bj\u0101s jaunais \u010dempions. Vi\u0146\u0161 ar\u012b izteica gandar\u012bjumu par iesp\u0113ju nodot \u0161o uzvaru Braz\u012blijai.<\/p>\n<p>Sezonas aizraujo\u0161\u0101k\u0101s c\u012b\u0146as un n\u0101kotnes pl\u0101ni<\/p>\n<p>\u0160\u012b sezona bija \u012bpa\u0161i aizraujo\u0161a, jo titula c\u012b\u0146a starp Al-Atiju un Moraesu risin\u0101j\u0101s l\u012bdz pat p\u0113d\u0113jam br\u012bdim. &#8220;Rallye du Maroc&#8221; iz\u0161\u0137iro\u0161ais posms \u2013 &#8220;Power Selective Section&#8221; \u2013 k\u013cuva par punktu, kur\u0101 iz\u0161\u0137\u012br\u0101s visa \u010dempion\u0101ta liktenis. Lai gan Al-Atija bija p\u0101rliecino\u0161i vad\u012bb\u0101 pirms \u0161\u012b posma, neparedz\u0113t\u0101 k\u013c\u016bda noveda pie dramatisk\u0101m sek\u0101m.<\/p>\n<p>Interesanti, ka pats Al-Atija pirms gada p\u0101rg\u0101ja no &#8220;Toyota&#8221; uz &#8220;Dacia&#8221; komandu. Tagad, kad vi\u0146\u0161 ir zaud\u0113jis savu \u010dempiontitulu, vi\u0146a n\u0101kamais izaicin\u0101jums b\u016bs start\u0113t pasaules rallija \u010dempion\u0101ta (WRC) nosl\u0113dzo\u0161aj\u0101 posm\u0101 Sa\u016bda Ar\u0101bij\u0101, pilot\u0113jot &#8220;M-Sport&#8221; komandas &#8220;Ford Puma Rally1&#8221;. Vi\u0146a jaunais st\u016brmanis b\u016bs Kandido Karera.<\/p>\n<p>Savuk\u0101rt jaunais W2RC \u010dempions Moraess turpin\u0101s savu karjeru ar &#8220;Dacia&#8221;, pievienojoties komandai, lai 2026. gad\u0101 aizst\u0101v\u0113tu savu titulu. Vi\u0146am b\u016bs jauns st\u016brmanis \u2013 Deniss Cencs, kur\u0161 iepriek\u0161 \u0161ogad bija Seta Kvintero l\u012bdzbrauc\u0113js &#8220;Toyota&#8221; sast\u0101v\u0101. Abi pievienosies &#8220;Dacia&#8221; komandas sast\u0101vam, lai kop\u0101 c\u012bn\u012btos par pan\u0101kumiem n\u0101kamaj\u0101 sezon\u0101.<\/p>\n<p>Sare\u017e\u0123\u012bt\u0101 apel\u0101cija un navig\u0101cijas noz\u012bme<\/p>\n<p>Al-Atijas un vi\u0146a st\u016brma\u0146a Fabiana Lurk\u0113na apel\u0101cija par sa\u0146emto sodu tika ofici\u0101li noraid\u012bta, apliecinot tiesne\u0161u l\u0113muma gal\u012bgumu. Lurk\u0113ns, run\u0101jot ar Be\u013c\u0123ijas mediju &#8220;Belga&#8221;, noliedza jebk\u0101das nesaska\u0146as ar Al-Atiju, skaidrojot, ka vi\u0146i biju\u0161i p\u0101r\u0101k satraukti par k\u013c\u016bdu ce\u013cved\u012b piecas min\u016btes pirms fini\u0161a, un t\u0101p\u0113c nepaman\u012bju\u0161i fini\u0161a nor\u0101des. &#8220;M\u0113s vienk\u0101r\u0161i bij\u0101m p\u0101r\u0101k satraukti,&#8221; vi\u0146\u0161 teica. &#8220;Diskut\u0113j\u0101m par k\u013c\u016bdu ce\u013cved\u012b piecus kilometrus pirms fini\u0161a, un t\u0101p\u0113c neiev\u0113roj\u0101m nor\u0101des. Nebija nek\u0101das probl\u0113mas starp mums.&#8221;<\/p>\n<p>\u0160is incidents uzsver, cik svar\u012bga ir navig\u0101cija un prec\u012bza nor\u0101\u017eu iev\u0113ro\u0161ana rallijreid\u0101, kur katra k\u013c\u016bda var maks\u0101t d\u0101rgi. Pat pieredz\u0113ju\u0161iem pilotiem, k\u0101 Al-Atija, kas ir vair\u0101kk\u0101rt\u0113js &#8220;Dakar&#8221; un W2RC uzvar\u0113t\u0101js, \u0161\u0101das k\u013c\u016bdas var izr\u0101d\u012bties likten\u012bgas.<\/p>\n<p>N\u0101kamais W2RC posms un &#8220;Toyota&#8221; sp\u0113ks<\/p>\n<p>N\u0101kamais W2RC posms paredz\u0113ts k\u0101 &#8220;Dakaras rallijs&#8221; 2026. gada janv\u0101r\u012b. L\u012bdz tam Al-Atija piedal\u012bsies &#8220;Dakar&#8221; seri\u0101l\u0101, savuk\u0101rt Moraess gatavosies savas titula aizst\u0101v\u012bbai ar &#8220;Dacia&#8221;.<\/p>\n<p>&#8220;Toyota Gazoo Racing&#8221; \u0161aj\u0101 sezon\u0101 demonstr\u0113ja iespaid\u012bgu sp\u0113ku, nodro\u0161inot ne tikai brauc\u0113ju, bet ar\u012b konstruktoru kausus. Komandas sp\u0113krati fini\u0161\u0113ja vair\u0101kos &#8220;Top 10&#8221; rezult\u0101tos Marokas &#8220;Rallye du Maroc&#8221;, apliecinot vi\u0146u tehnisko p\u0101r\u0101kumu un komandas darba efektivit\u0101ti.<\/p>\n","protected":false},"excerpt":{"rendered":"Nepiedien\u012bga k\u013c\u016bda iz\u0161\u0137ir \u010dempion\u0101ta likteni Pasaules rallijreida \u010dempion\u0101ta (W2RC) sezona nosl\u0113gusies ar sensacion\u0101lu pav\u0113rsienu, kur\u0101 pieredz\u0113ju\u0161ais katarietis Nasers&hellip;\n","protected":false},"author":2,"featured_media":29128,"comment_status":"","ping_status":"","sticky":false,"template":"","format":"standard","meta":{"footnotes":""},"categories":[17],"tags":[35,39,38,36,37,34,8933,40,5594,8936,8935,67,8934],"class_list":{"0":"post-29127","1":"post","2":"type-post","3":"status-publish","4":"format-standard","5":"has-post-thumbnail","7":"category-sports","8":"tag-latvia","9":"tag-latvian","10":"tag-latviesu","11":"tag-latviesu-valoda","12":"tag-latviesuvaloda","13":"tag-latvija","14":"tag-lukass-moraess","15":"tag-lv","16":"tag-nasers-al-atija","17":"tag-pasaules-cempionats-rallijreida","18":"tag-rallye-du-maroc","19":"tag-sports","20":"tag-w2rc"},"share_on_mastodon":{"url":"https:\/\/pubeurope.com\/@lv\/115423472763166053","error":""},"_links":{"self":[{"href":"https:\/\/www.europesays.com\/lv\/wp-json\/wp\/v2\/posts\/29127","targetHints":{"allow":["GET"]}}],"collection":[{"href":"https:\/\/www.europesays.com\/lv\/wp-json\/wp\/v2\/posts"}],"about":[{"href":"https:\/\/www.europesays.com\/lv\/wp-json\/wp\/v2\/types\/post"}],"author":[{"embeddable":true,"href":"https:\/\/www.europesays.com\/lv\/wp-json\/wp\/v2\/users\/2"}],"replies":[{"embeddable":true,"href":"https:\/\/www.europesays.com\/lv\/wp-json\/wp\/v2\/comments?post=29127"}],"version-history":[{"count":0,"href":"https:\/\/www.europesays.com\/lv\/wp-json\/wp\/v2\/posts\/29127\/revisions"}],"wp:featuredmedia":[{"embeddable":true,"href":"https:\/\/www.europesays.com\/lv\/wp-json\/wp\/v2\/media\/29128"}],"wp:attachment":[{"href":"https:\/\/www.europesays.com\/lv\/wp-json\/wp\/v2\/media?parent=29127"}],"wp:term":[{"taxonomy":"category","embeddable":true,"href":"https:\/\/www.europesays.com\/lv\/wp-json\/wp\/v2\/categories?post=29127"},{"taxonomy":"post_tag","embeddable":true,"href":"https:\/\/www.europesays.com\/lv\/wp-json\/wp\/v2\/tags?post=29127"}],"curies":[{"name":"wp","href":"https:\/\/api.w.org\/{rel}","templated":true}]}}