{"id":29131,"date":"2025-10-23T12:29:12","date_gmt":"2025-10-23T12:29:12","guid":{"rendered":"https:\/\/www.europesays.com\/lv\/29131\/"},"modified":"2025-10-23T12:29:12","modified_gmt":"2025-10-23T12:29:12","slug":"rigas-lidosta-aiztur-meklesana-izsludinatu-latvijas-pilsoni-tv3-lv","status":"publish","type":"post","link":"https:\/\/www.europesays.com\/lv\/29131\/","title":{"rendered":"R\u012bgas lidost\u0101 aiztur mekl\u0113\u0161an\u0101 izsludin\u0101tu Latvijas pilsoni &#8211; tv3.lv"},"content":{"rendered":"<ol>\n<li><a href=\"https:\/\/news.google.com\/rss\/articles\/CBMilgFBVV95cUxOVkFtN0w4QjRnX1ZLeDk5OVNtR19VT05YNVI0Q0lZR1c3aFBiWURLZm9GSngtYjBvd1QwdTF5OWxaOW1IcHoxTVVIRkhCUjZOUHdLdEtGQVdORXVFN2p0bHZKQlZUdTNIZkcta1F2VVpHWDBsdTV1LW5PQ1lQRHl2NlFPd3I2ZFdhRzhmSGxhYlZHcXpRM2c?oc=5\" target=\"_blank\" rel=\"nofollow noopener\">R\u012bgas lidost\u0101 aiztur mekl\u0113\u0161an\u0101 izsludin\u0101tu Latvijas pilsoni<\/a>&nbsp;&nbsp;tv3.lv<\/li>\n<li><a href=\"https:\/\/news.google.com\/rss\/articles\/CBMivgFBVV95cUxQT0FFZlhIVkJ0SDU4elBPZUEtZkRXd183enVQNXlrWHF6Vkt2ZXY1RGY5SW9tUzBXREJZVmdfVXFfSTlHY1o5eXNfaW9IZTRST29JUWtmQzVhVkFHeUVaUUpEOWJJZDEySE92MU83cVY5eDJJbENWQklHSHBsSVF4NF9BaGJZdHA3YUQ0QWNmVWwxeTFMaV9iSGxvTHdhNTVRdUw1elliaHA4bzlDb3NiNERXeXBCY0pBY2FPTzN3?oc=5\" target=\"_blank\" rel=\"nofollow noopener\">ASV nosaka sankcijas liel\u0101kaj\u0101m Krievijas naftas komp\u0101nij\u0101m \/ Raksts<\/a>&nbsp;&nbsp;LSM<\/li>\n<li><a href=\"https:\/\/news.google.com\/rss\/articles\/CBMiwwFBVV95cUxQTnFPVmF3V0VYZ0xCaW1kaDZSWl95Ym9kejdNVXYtTW1FaVVmb2ZfclZWRDNSZjhSMVZORDFOY3dobm9WYlA3anlxLW1qRXhPUVh1WG5zdG9VR3ItNFUzdFVfX0d1U2NmZTZLWEdWeHZucFVXRWtLUlhva21zQUZESnBDeWRsUHE2Ymxvd0RsemRpUVltZmhLaG0zMld4cEFpWDZYQ3hHRzllQzRiTkZLUGFMYUVSRi0zN3lJNm41bGZ6VjQ?oc=5\" target=\"_blank\" rel=\"nofollow noopener\">Tramps cer ar sankcij\u0101m piespiest Putinu s\u0113sties pie sarunu galda \/ Raksts<\/a>&nbsp;&nbsp;LSM<\/li>\n<li><a href=\"https:\/\/news.google.com\/rss\/articles\/CBMisgFBVV95cUxOS2Z5TDZSaXZqeDliYVA4bTJuU3pibEQ4SlJsWmVnWUNXZmliZk5HM0dQd0o4aWR5MGVPY1o1Sk0xOTlDekZiVmJhZzFHVEdjMGFvc3lZUVp5SFR3Z283d0ZFLVVvR2FkcUZMRGZUcG9OS2xoWHprN2xNNGpkS2xZVW13YUUzLU9NbEFXM2dTdUEwTEJXZjRTSjAwS2xtTDV2UUlZOXVieWRlNy1wRDBYQ1dR?oc=5\" target=\"_blank\" rel=\"nofollow noopener\">Krievijas naftas giganti &#8220;Rosneft&#8221; un &#8220;Lukoil&#8221; nok\u013c\u016bst zem ASV sankciju \u0101mura<\/a>&nbsp;&nbsp;Jauns.lv<\/li>\n<li><a href=\"https:\/\/news.google.com\/rss\/articles\/CBMipwFBVV95cUxOZnd1alJMa19ubFQwLUNRRmtpa1QzTXNRTXNOSlVMNEItVDQyY0VaaHhKd1VSU01YeVFZenJ3WUFuTEVaRHIzblBjZ1FYTENENTlsOXVFRHEtOE9DYTcxQlY3NFNHS0EtSjBGMFRUVEhTU2J0Y19xalZBcVFLXzU1UlNTTzByQjNNeHpIbDZ4WHV1M3BFOWNEdlNCV01ib2tiRFBubEhFSQ?oc=5\" target=\"_blank\" rel=\"nofollow noopener\">Tramps soda Krievijas naftas mil\u017eus. Vai sankcijas liks Putinam apst\u0101ties?<\/a>&nbsp;&nbsp;tv3.lv<\/li>\n<\/ol>\n","protected":false},"excerpt":{"rendered":"R\u012bgas lidost\u0101 aiztur mekl\u0113\u0161an\u0101 izsludin\u0101tu Latvijas pilsoni&nbsp;&nbsp;tv3.lv ASV nosaka sankcijas liel\u0101kaj\u0101m Krievijas naftas komp\u0101nij\u0101m \/ Raksts&nbsp;&nbsp;LSM Tramps cer&hellip;\n","protected":false},"author":2,"featured_media":29132,"comment_status":"","ping_status":"","sticky":false,"template":"","format":"standard","meta":{"footnotes":""},"categories":[5],"tags":[23,28,29,32,33,22,30,31,35,39,38,36,37,34,40,20,26,27,8937,24,25,21],"class_list":{"0":"post-29131","1":"post","2":"type-post","3":"status-publish","4":"format-standard","5":"has-post-thumbnail","7":"category-aktualitates","8":"tag-aktualitates","9":"tag-breaking-news","10":"tag-breakingnews","11":"tag-featured-news","12":"tag-featurednews","13":"tag-headlines","14":"tag-latest-news","15":"tag-latestnews","16":"tag-latvia","17":"tag-latvian","18":"tag-latviesu","19":"tag-latviesu-valoda","20":"tag-latviesuvaloda","21":"tag-latvija","22":"tag-lv","23":"tag-news","24":"tag-popularakas-zinas","25":"tag-popularakaszinas","26":"tag-rigas-lidostavalsts-robezsardze","27":"tag-top-stories","28":"tag-topstories","29":"tag-zinas"},"share_on_mastodon":{"url":"https:\/\/pubeurope.com\/@lv\/115423488446978177","error":""},"_links":{"self":[{"href":"https:\/\/www.europesays.com\/lv\/wp-json\/wp\/v2\/posts\/29131","targetHints":{"allow":["GET"]}}],"collection":[{"href":"https:\/\/www.europesays.com\/lv\/wp-json\/wp\/v2\/posts"}],"about":[{"href":"https:\/\/www.europesays.com\/lv\/wp-json\/wp\/v2\/types\/post"}],"author":[{"embeddable":true,"href":"https:\/\/www.europesays.com\/lv\/wp-json\/wp\/v2\/users\/2"}],"replies":[{"embeddable":true,"href":"https:\/\/www.europesays.com\/lv\/wp-json\/wp\/v2\/comments?post=29131"}],"version-history":[{"count":0,"href":"https:\/\/www.europesays.com\/lv\/wp-json\/wp\/v2\/posts\/29131\/revisions"}],"wp:featuredmedia":[{"embeddable":true,"href":"https:\/\/www.europesays.com\/lv\/wp-json\/wp\/v2\/media\/29132"}],"wp:attachment":[{"href":"https:\/\/www.europesays.com\/lv\/wp-json\/wp\/v2\/media?parent=29131"}],"wp:term":[{"taxonomy":"category","embeddable":true,"href":"https:\/\/www.europesays.com\/lv\/wp-json\/wp\/v2\/categories?post=29131"},{"taxonomy":"post_tag","embeddable":true,"href":"https:\/\/www.europesays.com\/lv\/wp-json\/wp\/v2\/tags?post=29131"}],"curies":[{"name":"wp","href":"https:\/\/api.w.org\/{rel}","templated":true}]}}