{"id":29141,"date":"2025-10-23T12:45:09","date_gmt":"2025-10-23T12:45:09","guid":{"rendered":"https:\/\/www.europesays.com\/lv\/29141\/"},"modified":"2025-10-23T12:45:09","modified_gmt":"2025-10-23T12:45:09","slug":"luvras-muzeja-direktore-atzist-videonoverosana-bijusi-nepilniga","status":"publish","type":"post","link":"https:\/\/www.europesays.com\/lv\/29141\/","title":{"rendered":"Luvras muzeja direktore atz\u012bst &#8211; videonov\u0113ro\u0161ana bijusi nepiln\u012bga &#8211;"},"content":{"rendered":"<p style=\"text-align: justify;\">Luvras muzeja direktore Loransa de Kara (Laurence des Cars) atzinusi, ka muzeja videonov\u0113ro\u0161anas sist\u0113mas nav biju\u0161as pietiekami labas, lai laic\u012bgi paman\u012btu d\u0101rglietu zag\u013cus, kuriem izdev\u0101s aizb\u0113gt ar d\u0101rgliet\u0101m 88 miljonu eiro v\u0113rt\u012bb\u0101, raksta britu raidorganiz\u0101cija <a href=\"https:\/\/www.bbc.com\/news\/articles\/c9d6e2wv884o\" target=\"_blank\" rel=\"noopener nofollow\">BBC.<\/a><\/p>\n<p style=\"text-align: justify;\">Pirmo reizi publiski izsakoties par 19.oktobr\u012b notiku\u0161o laup\u012b\u0161anu, direktore Francijas parlamenta p\u0101rst\u0101vjiem sac\u012bja, ka videonov\u0113ro\u0161anas sist\u0113ma muzeja perimetr\u0101 bija v\u0101ja un novecojusi. Vien\u012bg\u0101 kamera, kas atrad\u0101s pie muzeja sienas, caur kur\u0101 eso\u0161o logu Apolo galerij\u0101 iek\u013cuva garnad\u017ei, bija v\u0113rsta prom no balkona, kas tika izmantots iek\u013c\u016b\u0161anai galerij\u0101. Vi\u0146a piebilda, ka muzejs nav sp\u0113jis nosarg\u0101t d\u0101rglietas, un neviens nav pasarg\u0101ts no brut\u0101liem noziedzniekiem.<\/p>\n<p style=\"text-align: justify;\">Ministri l\u012bdz \u0161im preses konferenc\u0113s noliegu\u0161i dro\u0161\u012bbas sist\u0113mu nepiln\u012bbas, bet de Kara sac\u012bja, ka t\u0101das ir, un atzina, ka Luvra ir sakauta. Vi\u0146as teiktas devis ieskatu gr\u016bt\u012bb\u0101s, kas skar pasaules apmekl\u0113t\u0101k\u0101 muzeja dro\u0161\u012bbu, izgaismo \u013coti slikto situ\u0101ciju. Da\u017e\u0101ss viet\u0101s ap muzeju videonov\u0113ro\u0161anas sist\u0113ma esot tik novecojusi, ka to nav iesp\u0113jams savietot ar jaun\u0101kaj\u0101m tehnolo\u0123ij\u0101m. Par sp\u012bti \u013coti lielajam apmekl\u0113t\u0101ju skaitam (p\u0113rn vien tie bija 8,7 miljoni cilv\u0113ku), ieguld\u012bjumi muzeja dro\u0161\u012bb\u0101 ir l\u0113ni un saskaras ar bud\u017eeta izaicin\u0101jumiem.<\/p>\n<p style=\"text-align: justify;\">De Kara, kura par muzeja direktori k\u013cuva 2021.gad\u0101, sac\u012bja, ka<\/p>\n<blockquote>\n<p style=\"text-align: center;\">v\u0113l\u0113jusies dubultot nov\u0113ro\u0161anas kameru skaitu, un, st\u0101joties amat\u0101, br\u012bdin\u0101jusi par apr\u012bkojuma nepiln\u012bb\u0101m.<\/p>\n<\/blockquote>\n<p style=\"text-align: justify;\">Da\u017ei no parlament\u0101rie\u0161iem vaic\u0101ja, k\u0101d\u0113\u013c pie konkr\u0113t\u0101s muzeja sienas bijusi tikai viena videonov\u0113ro\u0161anas kamera, kas turkl\u0101t bija v\u0113rsta nepareizaj\u0101 virzien\u0101. Tie\u0161i tas \u013c\u0101va laup\u012bt\u0101jiem netrauc\u0113ti iek\u013c\u016bt galerij\u0101. De Kara atbild\u0113ja, ka tas ir tr\u016bkums, un vi\u0146a to piln\u012bgi atz\u012bst.<\/p>\n<p style=\"text-align: justify;\">Muzeja direktore slav\u0113ja apsargus, kuri, tikl\u012bdz uzzin\u0101ja par ielau\u0161anos, evaku\u0113ja muzeju, tom\u0113r atzina, ka laup\u012bt\u0101ju iera\u0161an\u0101s nav paman\u012bta pietiekami \u0101tri.<\/p>\n<p style=\"text-align: justify;\">Muzejs atkal atv\u0113rts no 22.oktobra, bet Apolo galerija apmekl\u0113t\u0101jiem ir sl\u0113gta.<\/p>\n<p style=\"text-align: justify;\">Laup\u012bt\u0101jiem b\u0113got, tie atst\u0101ja imperatores Ei\u017eenijas kroni, kur\u0161 p\u0113c notikuma ir boj\u0101ts. De Kara nor\u0101d\u012bja, ka s\u0101kotn\u0113jais nov\u0113rt\u0113jums liecina \u2013 kroni b\u016bs iesp\u0113jams atjaunot.<\/p>\n<p style=\"text-align: justify;\">De Kara ar\u012b inform\u0113ja, ka p\u0113c laup\u012b\u0161anas iesniegusi atl\u016bgumu, bet Kult\u016bras ministrija to noraid\u012bjusi. Muzeja direktore parlament\u0101rie\u0161iem sac\u012bja, ka jau k\u0101du laiku ir run\u0101jusi par Luvras dro\u0161\u012bbas sist\u0113mas st\u0101vokli, un ir s\u0101pin\u0101ta, ka vi\u0146as teiktas nav \u0146emts v\u0113r\u0101 un ir novedis pie \u0161\u0101das situ\u0101cijas.<\/p>\n<p style=\"text-align: justify;\"><a href=\"https:\/\/bnn.lv\/luvras-laupisanas-atskanas-ka-kolekcijas-sarga-lietuvas-muzeji-65075\" target=\"_blank\" rel=\"noopener nofollow\">Lasiet ar\u012b: Luvras laup\u012b\u0161anas atska\u0146as: k\u0101 kolekcijas sarg\u0101 Lietuvas muzeji<\/a><\/p>\n<p>Seko mums ar\u012b\u00a0<a href=\"https:\/\/www.facebook.com\/bnnlv\" rel=\"nofollow noopener\" target=\"_blank\">Facebook<\/a>,\u00a0<a href=\"https:\/\/www.draugiem.lv\/bnn.lv\/\" rel=\"nofollow noopener\" target=\"_blank\">Draugiem<\/a>\u00a0un\u00a0<a href=\"https:\/\/twitter.com\/home\" rel=\"nofollow noopener\" target=\"_blank\">X<\/a>!<\/p>\n<p><script async src=\"https:\/\/platform.twitter.com\/widgets.js\" charset=\"utf-8\"><\/script><\/p>\n","protected":false},"excerpt":{"rendered":"Luvras muzeja direktore Loransa de Kara (Laurence des Cars) atzinusi, ka muzeja videonov\u0113ro\u0161anas sist\u0113mas nav biju\u0161as pietiekami labas,&hellip;\n","protected":false},"author":2,"featured_media":29142,"comment_status":"","ping_status":"","sticky":false,"template":"","format":"standard","meta":{"footnotes":""},"categories":[14],"tags":[23,57,28,29,32,33,22,30,31,35,39,38,36,37,34,40,20,26,27,24,25,54,55,56,21,58],"class_list":{"0":"post-29141","1":"post","2":"type-post","3":"status-publish","4":"format-standard","5":"has-post-thumbnail","7":"category-zinas-no-arvalstim","8":"tag-aktualitates","9":"tag-arvalstim","10":"tag-breaking-news","11":"tag-breakingnews","12":"tag-featured-news","13":"tag-featurednews","14":"tag-headlines","15":"tag-latest-news","16":"tag-latestnews","17":"tag-latvia","18":"tag-latvian","19":"tag-latviesu","20":"tag-latviesu-valoda","21":"tag-latviesuvaloda","22":"tag-latvija","23":"tag-lv","24":"tag-news","25":"tag-popularakas-zinas","26":"tag-popularakaszinas","27":"tag-top-stories","28":"tag-topstories","29":"tag-world","30":"tag-world-news","31":"tag-worldnews","32":"tag-zinas","33":"tag-zinas-no-arvalstim"},"share_on_mastodon":{"url":"https:\/\/pubeurope.com\/@lv\/115423551361052170","error":""},"_links":{"self":[{"href":"https:\/\/www.europesays.com\/lv\/wp-json\/wp\/v2\/posts\/29141","targetHints":{"allow":["GET"]}}],"collection":[{"href":"https:\/\/www.europesays.com\/lv\/wp-json\/wp\/v2\/posts"}],"about":[{"href":"https:\/\/www.europesays.com\/lv\/wp-json\/wp\/v2\/types\/post"}],"author":[{"embeddable":true,"href":"https:\/\/www.europesays.com\/lv\/wp-json\/wp\/v2\/users\/2"}],"replies":[{"embeddable":true,"href":"https:\/\/www.europesays.com\/lv\/wp-json\/wp\/v2\/comments?post=29141"}],"version-history":[{"count":0,"href":"https:\/\/www.europesays.com\/lv\/wp-json\/wp\/v2\/posts\/29141\/revisions"}],"wp:featuredmedia":[{"embeddable":true,"href":"https:\/\/www.europesays.com\/lv\/wp-json\/wp\/v2\/media\/29142"}],"wp:attachment":[{"href":"https:\/\/www.europesays.com\/lv\/wp-json\/wp\/v2\/media?parent=29141"}],"wp:term":[{"taxonomy":"category","embeddable":true,"href":"https:\/\/www.europesays.com\/lv\/wp-json\/wp\/v2\/categories?post=29141"},{"taxonomy":"post_tag","embeddable":true,"href":"https:\/\/www.europesays.com\/lv\/wp-json\/wp\/v2\/tags?post=29141"}],"curies":[{"name":"wp","href":"https:\/\/api.w.org\/{rel}","templated":true}]}}