{"id":29143,"date":"2025-10-23T12:47:08","date_gmt":"2025-10-23T12:47:08","guid":{"rendered":"https:\/\/www.europesays.com\/lv\/29143\/"},"modified":"2025-10-23T12:47:08","modified_gmt":"2025-10-23T12:47:08","slug":"kapec-sajas-dienas-visi-ieslegusi-maksimalo-nomelnosanas-rezimu-pret-mums-hermanis-ir-neizpratne","status":"publish","type":"post","link":"https:\/\/www.europesays.com\/lv\/29143\/","title":{"rendered":"\u201cK\u0101p\u0113c \u0161aj\u0101s dien\u0101s visi iesl\u0113gu\u0161i maksim\u0101lo nomelno\u0161anas re\u017e\u012bmu pret mums?\u201d Hermanis ir neizpratn\u0113"},"content":{"rendered":"<p>    <img decoding=\"async\" src=\"https:\/\/www.europesays.com\/lv\/wp-content\/uploads\/2025\/10\/Alvis-Hermanis_LET_19952894_Evija-Trifanova1-800x549.jpg\" alt=\"&#10;Alvis Hermanis&#10;\"\/><\/p>\n<p>Alvis Hermanis<\/p>\n<p>Foto: Evija Trifanova\/LETA\n<\/p>\n<p>Jau v\u0113st\u012bts par Alvja Herma\u0146a pazi\u0146ojumiem par jaunas kust\u012bbas\/partijas izveidi. Pazi\u0146ojums izrais\u012bjis pla\u0161u sabiedr\u012bbas uzman\u012bbu. Ir, kas Hermani un vi\u0146a domubiedrus nope\u013c, bet ir cilv\u0113ki, kas \u0161o ideju piln\u012bb\u0101 atbalsta. Nu Hermanis izteicies par pla\u0161o sabiedr\u012bbas un mediju iesaisti.<\/p>\n<p>        Las\u012bt\u0101kie<br \/>\n        <a data-imagesrc=\"{&quot;300&quot;:&quot;https:\\\/\\\/lastatic.ams3.cdn.digitaloceanspaces.com\\\/2025\\\/10\\\/man-with-light-bulb-1-300x209.jpg&quot;,&quot;1024&quot;:&quot;https:\\\/\\\/lastatic.ams3.cdn.digitaloceanspaces.com\\\/2025\\\/10\\\/man-with-light-bulb-1-1024x714.jpg&quot;,&quot;1536&quot;:&quot;https:\\\/\\\/lastatic.ams3.cdn.digitaloceanspaces.com\\\/2025\\\/10\\\/man-with-light-bulb-1-1536x1071.jpg&quot;,&quot;500&quot;:&quot;https:\\\/\\\/lastatic.ams3.cdn.digitaloceanspaces.com\\\/2025\\\/10\\\/man-with-light-bulb-1-500x349.jpg&quot;,&quot;800&quot;:&quot;https:\\\/\\\/lastatic.ams3.cdn.digitaloceanspaces.com\\\/2025\\\/10\\\/man-with-light-bulb-1-800x558.jpg&quot;,&quot;2560&quot;:&quot;https:\\\/\\\/lastatic.ams3.cdn.digitaloceanspaces.com\\\/2025\\\/10\\\/man-with-light-bulb-1-scaled.jpg&quot;}\" data-focuspoint=\"&quot;&quot;\" data-p=\"2447317\" href=\"https:\/\/www.la.lv\/ludzu-ludzu-kaut-es-butu-viens-no-viniem-cilveki-kas-dzimusi-sajos-trijos-datumos-tiek-uzskatiti-par-visgudrakajiem-pasaule\" class=\"content-item lazy-load\" wp_automatic_readability=\"28.5\" rel=\"nofollow noopener\" target=\"_blank\"><\/p>\n<p>                                <img decoding=\"async\" src=\"\" alt=\"\" style=\"\" data-imageid=\"\"\/><\/p>\n<p>                                Kokteilis<\/p>\n<p>\n                                                L\u016bdzu, l\u016bdzu, kaut es b\u016btu viens no vi\u0146iem: cilv\u0113ki, kas dzimu\u0161i \u0161ajos trijos datumos, tiek uzskat\u012bti par visgudr\u0101kajiem pasaul\u0113\n                            <\/p>\n<p><\/a><a data-imagesrc=\"{&quot;300&quot;:&quot;https:\\\/\\\/lastatic.ams3.cdn.digitaloceanspaces.com\\\/2025\\\/10\\\/oul-2-300x200.png&quot;,&quot;1024&quot;:&quot;https:\\\/\\\/lastatic.ams3.cdn.digitaloceanspaces.com\\\/2025\\\/10\\\/oul-2-1024x683.png&quot;,&quot;1536&quot;:&quot;https:\\\/\\\/lastatic.ams3.cdn.digitaloceanspaces.com\\\/2025\\\/10\\\/oul-2-1536x1024.png&quot;,&quot;500&quot;:&quot;https:\\\/\\\/lastatic.ams3.cdn.digitaloceanspaces.com\\\/2025\\\/10\\\/oul-2-500x333.png&quot;,&quot;800&quot;:&quot;https:\\\/\\\/lastatic.ams3.cdn.digitaloceanspaces.com\\\/2025\\\/10\\\/oul-2-800x533.png&quot;,&quot;1800&quot;:&quot;https:\\\/\\\/lastatic.ams3.cdn.digitaloceanspaces.com\\\/2025\\\/10\\\/oul-2.png&quot;}\" data-focuspoint=\"&quot;&quot;\" data-p=\"2445017\" href=\"https:\/\/www.la.lv\/tu-pati-sev-pieliec-klat-gadus-8-ieradumi-kas-liek-sievietem-novecot-atrak\" class=\"content-item lazy-load\" wp_automatic_readability=\"26.5\" rel=\"nofollow noopener\" target=\"_blank\"><\/p>\n<p>                                <img decoding=\"async\" src=\"\" alt=\"\" style=\"\" data-imageid=\"\"\/><\/p>\n<p>\n                                                Tu pati sev pieliec kl\u0101t gadus! 8 ieradumi, kas liek sieviet\u0113m novecot \u0101tr\u0101k\n                            <\/p>\n<p><\/a><a data-imagesrc=\"{&quot;300&quot;:&quot;https:\\\/\\\/lastatic.ams3.cdn.digitaloceanspaces.com\\\/2025\\\/10\\\/Kuldiga-1-300x204.png&quot;,&quot;1024&quot;:&quot;https:\\\/\\\/lastatic.ams3.cdn.digitaloceanspaces.com\\\/2025\\\/10\\\/Kuldiga-1-1024x695.png&quot;,&quot;1536&quot;:&quot;https:\\\/\\\/lastatic.ams3.cdn.digitaloceanspaces.com\\\/2025\\\/10\\\/Kuldiga-1-1536x1043.png&quot;,&quot;500&quot;:&quot;https:\\\/\\\/lastatic.ams3.cdn.digitaloceanspaces.com\\\/2025\\\/10\\\/Kuldiga-1-500x340.png&quot;,&quot;800&quot;:&quot;https:\\\/\\\/lastatic.ams3.cdn.digitaloceanspaces.com\\\/2025\\\/10\\\/Kuldiga-1-800x543.png&quot;,&quot;3125&quot;:&quot;https:\\\/\\\/lastatic.ams3.cdn.digitaloceanspaces.com\\\/2025\\\/10\\\/Kuldiga-1.png&quot;}\" data-focuspoint=\"&quot;&quot;\" data-p=\"2454462\" href=\"https:\/\/www.la.lv\/vieniga-kluda-ko-es-izdariju-es-izsledzu-telefonu-un-skanu-kuldiga-mirusas-luizes-mamma-atceras-notikuso\" class=\"content-item lazy-load\" wp_automatic_readability=\"27\" rel=\"nofollow noopener\" target=\"_blank\"><\/p>\n<p>                                <img decoding=\"async\" src=\"\" alt=\"\" style=\"\" data-imageid=\"\"\/><\/p>\n<p>\n                                                \u201cVien\u012bg\u0101 k\u013c\u016bda, ko es izdar\u012bju \u2013 es izsl\u0113dzu telefonu.\u201d Kuld\u012bg\u0101 miru\u0161\u0101s Lu\u012bzes mamma atceras notiku\u0161o<\/p>\n<p><\/a><br \/>\n        <a class=\"read-more\" href=\"https:\/\/www.la.lv\/top\" rel=\"nofollow noopener\" target=\"_blank\">Las\u012bt citas zi\u0146as<\/a><\/p>\n<p>Hermanis platform\u0101 \u201cFacebook\u201d raksta: \u201cJa jau kust\u012bba \u201cBez partij\u0101m\u201d un t\u0101s priek\u0161likums ir tikai t\u0101ds joc\u012bgs p\u0101rpratums, k\u0101 saka mediji, tad k\u0101 j\u016bs dom\u0101jat \u2014 k\u0101p\u0113c tie visi (bez iz\u0146\u0113muma) \u0161aj\u0101s dien\u0101s iesl\u0113gu\u0161i maksim\u0101lo nomelno\u0161anas re\u017e\u012bmu pret mums? Ja jau \u201cBez partij\u0101m\u201d ir t\u0101das bl\u0113\u0146as, tad varb\u016bt var\u0113tu at\u013cauties to vienk\u0101r\u0161i ignor\u0113t?<\/p>\n<p>Jo vair\u0101k valdo\u0161o partiju finans\u0113tie mediji m\u016bs apliks, jo vair\u0101k tauta mums sekos. Jo t\u0101s ir divas da\u017e\u0101das realit\u0101tes. Aina\u017eu skolot\u0101ja (kuras klas\u0113 beigu\u0161ies b\u0113rni, jo 600 Aina\u017eu iedz\u012bvot\u0101ji nesen p\u0101rv\u0101ku\u0161ies uz Somiju) dz\u012bvo cit\u0101 realit\u0101t\u0113 nek\u0101 Evika un vi\u0146as mediju armijas (LTV, radio, IR, NRA utt.) galven\u0101s redaktores.\u201d<\/p>\n<p>    CITI \u0160OBR\u012aD LASA<\/p>\n<p>Koment\u0101ros liel\u0101k\u0101 da\u013ca cilv\u0113ku atbalsta Hermani un vi\u0146a jauno kust\u012bbu:<\/p>\n<p>\u201cPiln\u012bgi piekr\u012btu. Ja jau tas viss ir tikai t\u0101ds \u2018Herma\u0146a kunga untums\u2019, tad k\u0101p\u0113c t\u0101da nervozit\u0101te un satraukums? Un k\u0101 vienm\u0113r tie trulie argumenti \u2014 Krem\u013ca a\u0123ents, tikt pie siles utt.\u201d<\/p>\n<p>\u201cT\u0101 turpini, Alvi! Varb\u016bt k\u0101da gaisma tune\u013ca gal\u0101\u2026 K\u0101 saki par p\u016b\u017e\u0146a izsp\u0101rd\u012b\u0161anu \u2014 neb\u016bs viegli, bet viss iesap\u0113jams.\u201d<\/p>\n<p>\u201cIztur\u012bbu! \u0160is laikam patie\u0161\u0101m ir vien\u012bgais veids, k\u0101 atbr\u012bvoties no eso\u0161\u0101s nopuvu\u0161\u0101s nomenklat\u016bras.\u201d<\/p>\n<p>\u201cEs par! Nu nav mums biju\u0161as partijas, un nav! Ir \u0113rti iek\u0101rtoju\u0161amies cilv\u0113ku grupas, t\u0101d\u0113j\u0101di radot il\u016bziju par partejiskumu! (Kur\u0161 gan neb\u016bs ar mieru sp\u0113l\u0113t soci\u0101lo te\u0101tri 4 gadu garum\u0101 par 5000 eiro m\u0113nes\u012b?) Nevajnag dramatiz\u0113t un piesaukt haosu un anarhiju! Lieliska iesp\u0113ja kolekt\u012bvo bezatbild\u012bbu (politisko atbild\u012bbu) transform\u0113t personisk\u0101 atbild\u012bb\u0101! Es noteikti p\u0101rliecino\u0161i PAR!!\u201d<\/p>\n<p>\u201cSaj\u016bt stipru konkurenci\u2026 tr\u012bc un dreb! Turpiniet, J\u016bs esiet mala\u010di! Lai izdodas!\u201d<\/p>\n<p>\u201cKad v\u0113l\u0113\u0161anu iecirkn\u012b cil\u0101ju partiju sarakstus, mana kv\u0113l\u0101k\u0101 v\u0113l\u0113\u0161an\u0101s bija balsot par atsevi\u0161\u0137iem politi\u0137iem, nozaru vad\u012bt\u0101jiem vai vienk\u0101r\u0161i sp\u0113j\u012bgiem cilv\u0113kiem, ar\u012b t\u0101diem, kas nav partij\u0101s. Sap\u0146i piepild\u0101s \u2014 100% atbalstu \u0161o kust\u012bbu.\u201d<\/p>\n<p>T\u0113mas<\/p>\n<p>    SAIST\u012aTIE RAKSTI<\/p>\n","protected":false},"excerpt":{"rendered":"Alvis Hermanis Foto: Evija Trifanova\/LETA Jau v\u0113st\u012bts par Alvja Herma\u0146a pazi\u0146ojumiem par jaunas kust\u012bbas\/partijas izveidi. Pazi\u0146ojums izrais\u012bjis pla\u0161u&hellip;\n","protected":false},"author":2,"featured_media":29144,"comment_status":"","ping_status":"","sticky":false,"template":"","format":"standard","meta":{"footnotes":""},"categories":[5],"tags":[23,28,29,32,33,22,30,31,35,39,38,36,37,34,40,20,26,27,24,25,21],"class_list":{"0":"post-29143","1":"post","2":"type-post","3":"status-publish","4":"format-standard","5":"has-post-thumbnail","7":"category-aktualitates","8":"tag-aktualitates","9":"tag-breaking-news","10":"tag-breakingnews","11":"tag-featured-news","12":"tag-featurednews","13":"tag-headlines","14":"tag-latest-news","15":"tag-latestnews","16":"tag-latvia","17":"tag-latvian","18":"tag-latviesu","19":"tag-latviesu-valoda","20":"tag-latviesuvaloda","21":"tag-latvija","22":"tag-lv","23":"tag-news","24":"tag-popularakas-zinas","25":"tag-popularakaszinas","26":"tag-top-stories","27":"tag-topstories","28":"tag-zinas"},"share_on_mastodon":{"url":"https:\/\/pubeurope.com\/@lv\/115423559413638816","error":""},"_links":{"self":[{"href":"https:\/\/www.europesays.com\/lv\/wp-json\/wp\/v2\/posts\/29143","targetHints":{"allow":["GET"]}}],"collection":[{"href":"https:\/\/www.europesays.com\/lv\/wp-json\/wp\/v2\/posts"}],"about":[{"href":"https:\/\/www.europesays.com\/lv\/wp-json\/wp\/v2\/types\/post"}],"author":[{"embeddable":true,"href":"https:\/\/www.europesays.com\/lv\/wp-json\/wp\/v2\/users\/2"}],"replies":[{"embeddable":true,"href":"https:\/\/www.europesays.com\/lv\/wp-json\/wp\/v2\/comments?post=29143"}],"version-history":[{"count":0,"href":"https:\/\/www.europesays.com\/lv\/wp-json\/wp\/v2\/posts\/29143\/revisions"}],"wp:featuredmedia":[{"embeddable":true,"href":"https:\/\/www.europesays.com\/lv\/wp-json\/wp\/v2\/media\/29144"}],"wp:attachment":[{"href":"https:\/\/www.europesays.com\/lv\/wp-json\/wp\/v2\/media?parent=29143"}],"wp:term":[{"taxonomy":"category","embeddable":true,"href":"https:\/\/www.europesays.com\/lv\/wp-json\/wp\/v2\/categories?post=29143"},{"taxonomy":"post_tag","embeddable":true,"href":"https:\/\/www.europesays.com\/lv\/wp-json\/wp\/v2\/tags?post=29143"}],"curies":[{"name":"wp","href":"https:\/\/api.w.org\/{rel}","templated":true}]}}