{"id":29163,"date":"2025-10-23T13:06:13","date_gmt":"2025-10-23T13:06:13","guid":{"rendered":"https:\/\/www.europesays.com\/lv\/29163\/"},"modified":"2025-10-23T13:06:13","modified_gmt":"2025-10-23T13:06:13","slug":"jura-kulakova-muzika-atdzivojas-mazaja-princi-latvijas-jaunatnes-teatri-lente-lv","status":"publish","type":"post","link":"https:\/\/www.europesays.com\/lv\/29163\/","title":{"rendered":"Jura Kulakova m\u016bzika atdz\u012bvojas \u00abMazaj\u0101 princ\u012b\u00bb Latvijas Jaunatnes te\u0101tr\u012b\u00a0\u2014\u00a0Lente.lv"},"content":{"rendered":"<p>Jura Kulakova piemi\u0146ai \u2013 muzik\u0101l\u0101 izr\u0101de \u00abMazais princis\u00bb Latvijas Jaunatnes te\u0101tr\u012b<\/p>\n<p>Latvijas Jaunatnes te\u0101tris godina spo\u017e\u0101 latvie\u0161u komponista Jura Kulakova piemi\u0146u, iestud\u0113jot muzik\u0101lo izr\u0101di \u00abMazais princis\u00bb. \u0160is ir ne tikai atgrie\u0161an\u0101s pie sen lolota sap\u0146a, bet ar\u012b apliecin\u0101jums dzi\u013cai m\u0101kslinieciskai v\u012bzijai, kas savijas ar emocion\u0101lu st\u0101stu par atbild\u012bbu un m\u012blest\u012bbu.<\/p>\n<p>Sol\u012bjums, kas piepild\u012bts<\/p>\n<p>\u0160is jauniestud\u0113jums ir k\u0101 piepild\u012bts sol\u012bjums komponistam, kur\u0161 pats reiz izteicis v\u0113lmi, lai vi\u0146a rad\u012bt\u0101 m\u016bzika skan\u0113tu kop\u0101 ar Antu\u0101na de Sent-Ekziper\u012b \u00abMazo princi\u00bb. Pirmoreiz \u0161\u012b muzik\u0101l\u0101 izr\u0101de Latvijas Jaunatnes te\u0101tr\u012b tika iestud\u0113ta pirms desmit gadiem, ta\u010du tagad, godinot Jura Kulakova piemi\u0146u, tapusi jauna interpret\u0101cija, kur\u0101 piedal\u0101s ar\u012b komponista ilggad\u0113jie skatuves kol\u0113\u0123i \u2013 Ieva Akuratere un Nauris Puntulis. Vi\u0146u kop\u012bg\u0101 ener\u0123ija un pieredze rada unik\u0101lu siner\u0123iju, kas padara izr\u0101di par patiesi baud\u0101mu notikumu. Aktieru sniegums ir k\u0101 apliecin\u0101jums Jura Kulakova muzik\u0101l\u0101 mantojuma dz\u012bv\u012bbai un sp\u0113kam, kas turpina iedvesmot jaun\u0101s paaudzes.<\/p>\n<p>M\u016bzika un re\u017eijas v\u012bzija<\/p>\n<p>Re\u017eisore un dramatiz\u0113juma autore Laila Kirmu\u0161ka st\u0101sta, ka Jura Kulakova m\u016bzika, kas ir \u013coti bag\u0101t\u012bga un p\u0101rpasaul\u012bga, vi\u0146u dzi\u013ci iedvesmojusi. Kirmu\u0161kas rado\u0161\u0101 interpret\u0101cija slavenajam darbam pie\u0161\u0137ir skatuvei \u012bpa\u0161u elpu un dzi\u013cumu, atkl\u0101jot st\u0101sta filozofiskos sl\u0101\u0146us un aicinot skat\u012bt\u0101jus uz p\u0101rdom\u0101m par draudz\u012bbu, vientul\u012bbu un patiesaj\u0101m v\u0113rt\u012bb\u0101m dz\u012bv\u0113. \u00ab\u0160\u012b t\u0113ma b\u016bs m\u016b\u017e\u012bga \u2013 mekl\u0113jumi sev\u012b, savas gaitas mekl\u0113jumi,\u00bb uzsver Kirmu\u0161ka, piebilstot, ka pilots un Mazais princis ir divi vien\u0101 \u2013 iek\u0161\u0113jais b\u0113rns, kas tom\u0113r past\u0101v ar\u012b it k\u0101 atsevi\u0161\u0137i. Kop\u012bgais ce\u013c\u0161, ko vi\u0146i iziet, lai atrastu to augst\u0101ko punktu \u2013 m\u012blest\u012bbu pret cilv\u0113ci, pret sevi, pret Visumu, ir \u013coti sp\u0113c\u012bgs.<\/p>\n<p>Aktieri un vi\u0146u atveidotie t\u0113li<\/p>\n<p>Mazo princi izr\u0101d\u0113 atveido Mariss \u0136irsis, kur\u0161 atz\u012bst, ka visu uztv\u0113ris caur Jura Kulakova rad\u012bto gaisotni. Vi\u0146\u0161 j\u016bt, ka komponists m\u016bziku rad\u012bjis \u013coti maigi un el\u0113\u0123iski, tie\u0161i t\u0101pat cen\u0161as to atspogu\u013cot ar\u012b vi\u0146\u0161 sav\u0101 t\u0113lojum\u0101. \u010c\u016bskas t\u0113l\u0101 iej\u016btas dzied\u0101t\u0101ja un aktrise Ieva Akuratere, Jura Kulakova ilggad\u0113j\u0101 l\u012bdzgaitniece grup\u0101 \u00abP\u0113rkons\u00bb. Vi\u0146a uzsver, ka m\u016b\u017e\u012bba ir pilna ar m\u012blest\u012bbu un bezgal\u012bbu, kas ir liel\u0101kais sp\u0113ks, un ka sajust ar sirdi ir visuzticam\u0101kais katalizators. Lidot\u0101ja lom\u0101 redzams \u0122irts Kr\u016bmi\u0146\u0161, kur\u0161 atceras gr\u0101matu kop\u0161 b\u0113rn\u012bbas, \u012bpa\u0161i ilustr\u0101ciju d\u0113\u013c. Vi\u0146\u0161 Lidot\u0101ju simboliz\u0113 k\u0101 pieaugu\u0161o, kur\u0161 ilgojas b\u016bt br\u012bvs, bet b\u0113rni l\u012bdz zin\u0101mam vecumam ir br\u012bvi, jo nav apspiesti un \u013caujas b\u016bt, k\u0101di ir \u2013 tas ir k\u0101 parad\u012bze, kur\u0101 v\u0113l nav iepaz\u012bts \u013caunais. Lampas iededzin\u0101t\u0101ja lom\u0101 iej\u016btas m\u016bzi\u0137is un biju\u0161ais kult\u016bras ministrs Nauris Puntulis, kur\u0161 atkl\u0101j, ka, dzirdot Kulakova m\u016bziku pirmo reizi, vi\u0146am acumirkl\u012b sak\u0101pis kamols kakl\u0101.<\/p>\n<p>\u00abMazais princis\u00bb \u2013 m\u016b\u017e\u012bg\u0101 v\u0113rt\u012bba<\/p>\n<p>\u00abMazais princis\u00bb ir viens no izcil\u0101kajiem fran\u010du rakstnieka Antu\u0101na Mar\u012b \u017dana Batista Ro\u017e\u0113 de Sent-Ekziper\u012b darbiem, kas sarakst\u012bts 1943. gad\u0101. Gr\u0101mata tulkota vair\u0101k nek\u0101 250 valod\u0101s un dialektos, un t\u0101 atz\u012bta par 20. gadsimta lab\u0101ko gr\u0101matu Francij\u0101. St\u0101sts par princi, kur\u0161 sav\u0101s p\u0101rdom\u0101s non\u0101k pie svar\u012bg\u0101m dz\u012bves atzi\u0146\u0101m, atg\u0101dina mums visiem, ka dz\u012bves paties\u0101 v\u0113rt\u012bba sl\u0113pjas vienk\u0101r\u0161\u012bb\u0101 un emocion\u0101laj\u0101 tuv\u012bb\u0101. Komponista Jura Kulakova v\u0101rdi, kas izskan k\u0101 izr\u0101des leitmot\u012bvs \u2013 \u00abTu esi atbild\u012bgs par to, ko pieradini!\u00bb \u2013 atspogu\u013co t\u0101s dzi\u013c\u0101ko b\u016bt\u012bbu un aicina skat\u012bt\u0101jus aizdom\u0101ties par sav\u0101m attiec\u012bb\u0101m ar pasauli, tuvajiem un sevi pa\u0161u. Tas ir aicin\u0101jums saprast, ka m\u012blest\u012bba un atbild\u012bba ir savstarp\u0113ji saist\u012btas, un ka paties\u0101 redz\u0113\u0161ana notiek sird\u012b, nevis ac\u012bs. \u0160is filozofiskais v\u0113st\u012bjums padara izr\u0101di par daudz vair\u0101k nek\u0101 vienk\u0101r\u0161u st\u0101stu \u2013 t\u0101 ir aicin\u0101jums uz iek\u0161\u0113ju izaugsmi un izpratni.<\/p>\n<p>Izr\u0101des rado\u0161\u0101 komanda<\/p>\n<p>Jauniestud\u0113juma re\u017eisore un dramatiz\u0113juma autore ir Laila Kirmu\u0161ka. Kr\u0101\u0161\u0146us un spilgtus kost\u012bmus \u0161ai izr\u0101dei veidojusi m\u0101ksliniece Evija D\u0101boli\u0146a, bet scenogr\u0101fiju \u2013 Egils Kup\u010ds. Iestud\u0113juma vok\u0101lais pedagogs ir Juris Vizbulis, horeogr\u0101fe \u2013 Sanita Misika, gaismu m\u0101kslinieks \u2013 Art\u016brs Feldmanis. Lom\u0101s redzami Ieva Akuratere, Nauris Puntulis, Mariss \u0136irsis, \u0122irts Kr\u016bmi\u0146\u0161, J\u0101nis Kirmu\u0161ka, Edgars Lipors, Sandija Misika, Laima Milti\u0146a-Rode un citi aktieri, k\u0101 ar\u012b Latvijas Jaunatnes te\u0101tra jauno aktieru studijas audz\u0113k\u0146i.<\/p>\n","protected":false},"excerpt":{"rendered":"Jura Kulakova piemi\u0146ai \u2013 muzik\u0101l\u0101 izr\u0101de \u00abMazais princis\u00bb Latvijas Jaunatnes te\u0101tr\u012b Latvijas Jaunatnes te\u0101tris godina spo\u017e\u0101 latvie\u0161u komponista&hellip;\n","protected":false},"author":2,"featured_media":29164,"comment_status":"","ping_status":"","sticky":false,"template":"","format":"standard","meta":{"footnotes":""},"categories":[19],"tags":[89,90,7171,35,39,38,36,37,34,7173,40,7170,4400,1176],"class_list":{"0":"post-29163","1":"post","2":"type-post","3":"status-publish","4":"format-standard","5":"has-post-thumbnail","7":"category-izklaide","8":"tag-entertainment","9":"tag-izklaide","10":"tag-juris-kulakovs","11":"tag-latvia","12":"tag-latvian","13":"tag-latviesu","14":"tag-latviesu-valoda","15":"tag-latviesuvaloda","16":"tag-latvija","17":"tag-latvijas-jaunatnes-teatris","18":"tag-lv","19":"tag-mazais-princis","20":"tag-muzikala-izrade","21":"tag-teatris"},"share_on_mastodon":{"url":"https:\/\/pubeurope.com\/@lv\/115423633970550726","error":""},"_links":{"self":[{"href":"https:\/\/www.europesays.com\/lv\/wp-json\/wp\/v2\/posts\/29163","targetHints":{"allow":["GET"]}}],"collection":[{"href":"https:\/\/www.europesays.com\/lv\/wp-json\/wp\/v2\/posts"}],"about":[{"href":"https:\/\/www.europesays.com\/lv\/wp-json\/wp\/v2\/types\/post"}],"author":[{"embeddable":true,"href":"https:\/\/www.europesays.com\/lv\/wp-json\/wp\/v2\/users\/2"}],"replies":[{"embeddable":true,"href":"https:\/\/www.europesays.com\/lv\/wp-json\/wp\/v2\/comments?post=29163"}],"version-history":[{"count":0,"href":"https:\/\/www.europesays.com\/lv\/wp-json\/wp\/v2\/posts\/29163\/revisions"}],"wp:featuredmedia":[{"embeddable":true,"href":"https:\/\/www.europesays.com\/lv\/wp-json\/wp\/v2\/media\/29164"}],"wp:attachment":[{"href":"https:\/\/www.europesays.com\/lv\/wp-json\/wp\/v2\/media?parent=29163"}],"wp:term":[{"taxonomy":"category","embeddable":true,"href":"https:\/\/www.europesays.com\/lv\/wp-json\/wp\/v2\/categories?post=29163"},{"taxonomy":"post_tag","embeddable":true,"href":"https:\/\/www.europesays.com\/lv\/wp-json\/wp\/v2\/tags?post=29163"}],"curies":[{"name":"wp","href":"https:\/\/api.w.org\/{rel}","templated":true}]}}