{"id":29177,"date":"2025-10-23T13:17:11","date_gmt":"2025-10-23T13:17:11","guid":{"rendered":"https:\/\/www.europesays.com\/lv\/29177\/"},"modified":"2025-10-23T13:17:11","modified_gmt":"2025-10-23T13:17:11","slug":"saeimas-vairakums-lemj-izstasanos-no-stambulas-konvencijas-skatit-steidzamibas-karta","status":"publish","type":"post","link":"https:\/\/www.europesays.com\/lv\/29177\/","title":{"rendered":"Saeimas vair\u0101kums lemj izst\u0101\u0161anos no Stambulas konvencijas skat\u012bt steidzam\u012bbas k\u0101rt\u0101"},"content":{"rendered":"<p>Parlament\u0101rie\u0161u vair\u0101kums ceturtdien atbalst\u012bja steidzam\u012bbas noteik\u0161anu likumprojektam par izst\u0101\u0161anos no Eiropas Padomes Konvencijas par vardarb\u012bbas pret sieviet\u0113m un vardarb\u012bbas \u0123imen\u0113 nov\u0113r\u0161anu un apkaro\u0161anu.<\/p>\n<p>Par steidzam\u012bbas noteik\u0161anu nobalsoja opoz\u012bcijas partiju un koal\u012bcij\u0101 eso\u0161\u0101s Za\u013co un zemnieku savien\u012bbas (ZZS) kopum\u0101 52 deput\u0101ti deput\u0101ti, pret bija 31 deput\u0101ts no &#8220;Progres\u012bvo&#8221; un &#8220;Jaun\u0101s vienot\u012bbas&#8221; frakcij\u0101m, bet ZZS deput\u0101ts Andris B\u0113rzi\u0146\u0161 balsojum\u0101 attur\u0113j\u0101s, k\u013c\u016bstot par vien\u012bgo \u0161\u012bs partijas p\u0101rst\u0101vi, kur\u0161 nenobalsoja par steidzam\u012bbas noteik\u0161anu. T\u0101d\u0113j\u0101di par steidzam\u012bbas noteik\u0161anu nobalsoja maz\u0101k nek\u0101 divas tre\u0161da\u013cas kl\u0101teso\u0161o.<\/p>\n<p>Priek\u0161likumu iesnieg\u0161anas termi\u0146\u0161 likumprojektam noteikta tikai viena diena.<\/p>\n<p>Satversme nosaka &#8211; ja Saeima ar ne maz\u0101k k\u0101 divu tre\u0161da\u013cu balsu vair\u0101kumu pie\u0146em likuma steidzam\u012bbu, tad Valsts prezidents nevar pras\u012bt \u0161\u0101da likuma otrreiz\u0113ju caurl\u016bko\u0161anu, to nevar nodot tautas nobalso\u0161anai un tas ir izsludin\u0101ms ne v\u0113l\u0101k k\u0101 tre\u0161\u0101 dien\u0101 p\u0113c tam, kad prezidents pie\u0146emto likumu sa\u0146\u0113mis.<\/p>\n<p>Valsts prezidents Edgars Rink\u0113vi\u010ds par Stambulas konvencijas denons\u0113\u0161anu l\u012bdz \u0161im ir izteicies \u013coti attur\u012bgi. P\u0113c vi\u0146a v\u0101rdiem, ja Saeima balsos par likumprojektu un to pie\u0146ems, un \u0161is likumprojekts non\u0101ks uz vi\u0146a galda, tad atbilsto\u0161i Satversmei vi\u0146\u0161 \u0161o likumprojektu v\u0113rt\u0113s un pie\u0146ems l\u0113mumu. Rink\u0113vi\u010ds piebilda, ka vi\u0146\u0161 neiesaist\u012bsies diskusij\u0101 &#8220;l\u012bdz parlamenta l\u0113mumam vien\u0101 vai otr\u0101 virzien\u0101&#8221;.<\/p>\n<p>Jau zi\u0146ots, ka tre\u0161dien Saeimas \u0100rlietu komisija konceptu\u0101li atbalst\u012bja ieceri izst\u0101ties no Stambulas konvencijas.<\/p>\n<p><img decoding=\"async\" src=\"https:\/\/www.europesays.com\/lv\/wp-content\/uploads\/2025\/10\/90f3f8ccf8bc453370aff1dc8302a496.jpg\" title=\"Foto: Ieva \u0100bele, Saeima\" alt=\"Foto: Ieva \u0100bele, Saeima\"\/><\/p>\n<p class=\"article-img-desc\">Foto: Ieva \u0100bele, Saeima<\/p>\n","protected":false},"excerpt":{"rendered":"Parlament\u0101rie\u0161u vair\u0101kums ceturtdien atbalst\u012bja steidzam\u012bbas noteik\u0161anu likumprojektam par izst\u0101\u0161anos no Eiropas Padomes Konvencijas par vardarb\u012bbas pret sieviet\u0113m un&hellip;\n","protected":false},"author":2,"featured_media":29178,"comment_status":"","ping_status":"","sticky":false,"template":"","format":"standard","meta":{"footnotes":""},"categories":[5],"tags":[129,4004,23,28,29,32,33,22,30,31,35,39,38,36,37,34,40,20,26,27,4005,4006,24,25,21],"class_list":{"0":"post-29177","1":"post","2":"type-post","3":"status-publish","4":"format-standard","5":"has-post-thumbnail","7":"category-aktualitates","8":"tag-__typenameadvicekeyword","9":"tag-id575","10":"tag-aktualitates","11":"tag-breaking-news","12":"tag-breakingnews","13":"tag-featured-news","14":"tag-featurednews","15":"tag-headlines","16":"tag-latest-news","17":"tag-latestnews","18":"tag-latvia","19":"tag-latvian","20":"tag-latviesu","21":"tag-latviesu-valoda","22":"tag-latviesuvaloda","23":"tag-latvija","24":"tag-lv","25":"tag-news","26":"tag-popularakas-zinas","27":"tag-popularakaszinas","28":"tag-slugsaeima","29":"tag-titlesaeima","30":"tag-top-stories","31":"tag-topstories","32":"tag-zinas"},"share_on_mastodon":{"url":"https:\/\/pubeurope.com\/@lv\/115423677250620785","error":""},"_links":{"self":[{"href":"https:\/\/www.europesays.com\/lv\/wp-json\/wp\/v2\/posts\/29177","targetHints":{"allow":["GET"]}}],"collection":[{"href":"https:\/\/www.europesays.com\/lv\/wp-json\/wp\/v2\/posts"}],"about":[{"href":"https:\/\/www.europesays.com\/lv\/wp-json\/wp\/v2\/types\/post"}],"author":[{"embeddable":true,"href":"https:\/\/www.europesays.com\/lv\/wp-json\/wp\/v2\/users\/2"}],"replies":[{"embeddable":true,"href":"https:\/\/www.europesays.com\/lv\/wp-json\/wp\/v2\/comments?post=29177"}],"version-history":[{"count":0,"href":"https:\/\/www.europesays.com\/lv\/wp-json\/wp\/v2\/posts\/29177\/revisions"}],"wp:featuredmedia":[{"embeddable":true,"href":"https:\/\/www.europesays.com\/lv\/wp-json\/wp\/v2\/media\/29178"}],"wp:attachment":[{"href":"https:\/\/www.europesays.com\/lv\/wp-json\/wp\/v2\/media?parent=29177"}],"wp:term":[{"taxonomy":"category","embeddable":true,"href":"https:\/\/www.europesays.com\/lv\/wp-json\/wp\/v2\/categories?post=29177"},{"taxonomy":"post_tag","embeddable":true,"href":"https:\/\/www.europesays.com\/lv\/wp-json\/wp\/v2\/tags?post=29177"}],"curies":[{"name":"wp","href":"https:\/\/api.w.org\/{rel}","templated":true}]}}