{"id":29181,"date":"2025-10-23T13:28:09","date_gmt":"2025-10-23T13:28:09","guid":{"rendered":"https:\/\/www.europesays.com\/lv\/29181\/"},"modified":"2025-10-23T13:28:09","modified_gmt":"2025-10-23T13:28:09","slug":"tresdien-avarijas-mirusi-divi-cilveki-tvnet","status":"publish","type":"post","link":"https:\/\/www.europesays.com\/lv\/29181\/","title":{"rendered":"Tre\u0161dien av\u0101rij\u0101s miru\u0161i divi cilv\u0113ki &#8211; TVNET"},"content":{"rendered":"<ol>\n<li><a href=\"https:\/\/news.google.com\/rss\/articles\/CBMidEFVX3lxTFBuRTREV3FDckhPQmgyZnpyYXB4bGFaNUtPZWxYNzMzc3MwYTI3eUxTeWNVaENYektLT3hYejZGZUZyRUduYzV2WHExdGl1Y2dHQmFSbHJ4Q1QxM0JaYTNRQ1o3SjQwMGxjY2FKbThkNEZ3UUpF?oc=5\" target=\"_blank\" rel=\"nofollow noopener\">Tre\u0161dien av\u0101rij\u0101s miru\u0161i divi cilv\u0113ki<\/a>&nbsp;&nbsp;TVNET<\/li>\n<li><a href=\"https:\/\/news.google.com\/rss\/articles\/CBMiywFBVV95cUxQNVRGT3lwbjctSHlUZy1LWGxOMFBZZEI2bFNHRjIzdUxUNXVCc0lNdkZYZ1ViRnB6UXpjaGNRSDQ4R0p0MEVjWXc5Y2dUbWUwTmpHd0pLc1RJUUM5QlhXVHd5amZTNkhmNS00WEV2NzdqQUs3WjJTLTJBNEdWczVvNkRSUTZZU0VfT3NFUXZ3eTUyS3ViNjV6ZmV5Q1AzT1NpMUN4dGIxRmdBSGV1X1huUTl1RWRLQTdTYmFFZlE5NDVnQTEtckVYOFlWOA?oc=5\" target=\"_blank\" rel=\"nofollow noopener\">Tre\u0161dien av\u0101rij\u0101s Latvij\u0101 dz\u012bv\u012bbu zaud\u0113ju\u0161i divi cilv\u0113ki \u2013 automa\u0161\u012bnas vad\u012bt\u0101js un g\u0101j\u0113ja<\/a>&nbsp;&nbsp;Delfi<\/li>\n<li><a href=\"https:\/\/news.google.com\/rss\/articles\/CBMi1gFBVV95cUxPU2NYTlQ5UThwSDA4ZlhQTTZjNGxfTmdWMnpkZzVpRktUTG05ZHJMR0NwY3AyTGotTEVhM01LRHlSV2RvRnVBRnZ6enVQX3ZFUE9xenQ0WG90YmpDclN4UUxqWHVleGZXRnFybTFSNVZjUmxwRzlwVlo5V3dTeVkzaFpjR05hZWE3QXFiLVZLRmkyblFydjZic05HZVNvYzU2MTdpcXRzVmxURVdNMUppNnFRYVhmajBOM2N5d0N0VWprRF92eEJmXzVXN0RTZ0RxOThHWjl3?oc=5\" target=\"_blank\" rel=\"nofollow noopener\">VIDEO: K\u0101p\u0113c notika tra\u0123\u0113dija pie Stren\u010diem? Satiksmes dro\u0161\u012bbas eksperts nor\u0101da uz likten\u012bgu sakrit\u012bbu<\/a>&nbsp;&nbsp;tv3.lv<\/li>\n<li><a href=\"https:\/\/news.google.com\/rss\/articles\/CBMiswFBVV95cUxOclJRMkt0MHNLVllYT0VkaW8taEpCZkhmUXpzT1Z5dG83RzltMEY3al83dVAwRGVCOGtYOE1tR1REeVdrU0xIaTY1Z01yb2FId2JPa2VQMUNSc3RNRnhXNW9KMG1DZkRWY2loZUltMFR5N1BMbVpVelN0Z2dvbVNJQUVrX2s4S0lRcnRSQjE2bjVzUFNJLXVkM1lMVm1iY05VZnZvT0RkR21hWFA4WFhTUWR5Zw?oc=5\" target=\"_blank\" rel=\"nofollow noopener\">Tra\u0123iska av\u0101rija Valmieras pus\u0113 \u2013 boj\u0101 g\u0101jis jaunietis, tr\u012bs cietu\u0161ie nog\u0101d\u0101ti slimn\u012bc\u0101<\/a>&nbsp;&nbsp;TVNET<\/li>\n<li><a href=\"https:\/\/news.google.com\/rss\/articles\/CBMilAFBVV95cUxNbHhrdU9hMlgzQV9UclVYZGxWc1hLMDdQRDhqY1V4emszOGp3TnNIT3NGbENRbllCQ2o5eUtsRHJyYTJYRkZJMG1TemdtOGpPbFVLR2Z3akdhbFJqS0s0eDNCRTA5UGt6d3cyRzBiVW13SVBoNnFIOWJrVGRDR01oQXlEcGk0dXd5WURSTjZSQlY3dTEw?oc=5\" target=\"_blank\" rel=\"nofollow noopener\">N\u0101ve uz ce\u013ca: g\u0101jis boj\u0101 automa\u0161\u012bnas \u0161oferis un g\u0101j\u0113ja<\/a>&nbsp;&nbsp;NRA<\/li>\n<\/ol>\n","protected":false},"excerpt":{"rendered":"Tre\u0161dien av\u0101rij\u0101s miru\u0161i divi cilv\u0113ki&nbsp;&nbsp;TVNET Tre\u0161dien av\u0101rij\u0101s Latvij\u0101 dz\u012bv\u012bbu zaud\u0113ju\u0161i divi cilv\u0113ki \u2013 automa\u0161\u012bnas vad\u012bt\u0101js un g\u0101j\u0113ja&nbsp;&nbsp;Delfi VIDEO:&hellip;\n","protected":false},"author":2,"featured_media":29182,"comment_status":"","ping_status":"","sticky":false,"template":"","format":"standard","meta":{"footnotes":""},"categories":[12],"tags":[23,2849,28,29,32,33,22,30,31,35,39,38,36,37,34,40,20,26,27,24,25,138,21],"class_list":{"0":"post-29181","1":"post","2":"type-post","3":"status-publish","4":"format-standard","5":"has-post-thumbnail","7":"category-latvija","8":"tag-aktualitates","9":"tag-avarija","10":"tag-breaking-news","11":"tag-breakingnews","12":"tag-featured-news","13":"tag-featurednews","14":"tag-headlines","15":"tag-latest-news","16":"tag-latestnews","17":"tag-latvia","18":"tag-latvian","19":"tag-latviesu","20":"tag-latviesu-valoda","21":"tag-latviesuvaloda","22":"tag-latvija","23":"tag-lv","24":"tag-news","25":"tag-popularakas-zinas","26":"tag-popularakaszinas","27":"tag-top-stories","28":"tag-topstories","29":"tag-valsts-policija","30":"tag-zinas"},"share_on_mastodon":{"url":"https:\/\/pubeurope.com\/@lv\/115423720434936962","error":""},"_links":{"self":[{"href":"https:\/\/www.europesays.com\/lv\/wp-json\/wp\/v2\/posts\/29181","targetHints":{"allow":["GET"]}}],"collection":[{"href":"https:\/\/www.europesays.com\/lv\/wp-json\/wp\/v2\/posts"}],"about":[{"href":"https:\/\/www.europesays.com\/lv\/wp-json\/wp\/v2\/types\/post"}],"author":[{"embeddable":true,"href":"https:\/\/www.europesays.com\/lv\/wp-json\/wp\/v2\/users\/2"}],"replies":[{"embeddable":true,"href":"https:\/\/www.europesays.com\/lv\/wp-json\/wp\/v2\/comments?post=29181"}],"version-history":[{"count":0,"href":"https:\/\/www.europesays.com\/lv\/wp-json\/wp\/v2\/posts\/29181\/revisions"}],"wp:featuredmedia":[{"embeddable":true,"href":"https:\/\/www.europesays.com\/lv\/wp-json\/wp\/v2\/media\/29182"}],"wp:attachment":[{"href":"https:\/\/www.europesays.com\/lv\/wp-json\/wp\/v2\/media?parent=29181"}],"wp:term":[{"taxonomy":"category","embeddable":true,"href":"https:\/\/www.europesays.com\/lv\/wp-json\/wp\/v2\/categories?post=29181"},{"taxonomy":"post_tag","embeddable":true,"href":"https:\/\/www.europesays.com\/lv\/wp-json\/wp\/v2\/tags?post=29181"}],"curies":[{"name":"wp","href":"https:\/\/api.w.org\/{rel}","templated":true}]}}