{"id":29195,"date":"2025-10-23T13:40:17","date_gmt":"2025-10-23T13:40:17","guid":{"rendered":"https:\/\/www.europesays.com\/lv\/29195\/"},"modified":"2025-10-23T13:40:17","modified_gmt":"2025-10-23T13:40:17","slug":"rigas-gramatu-svetki-un-rigas-manifests","status":"publish","type":"post","link":"https:\/\/www.europesays.com\/lv\/29195\/","title":{"rendered":"R\u012bgas Gr\u0101matu sv\u0113tki un R\u012bgas manifests"},"content":{"rendered":"<p class=\"lead\">\n                                &#8220;Aicin\u0101m iev\u0101kt gr\u0101matu ra\u017eu garajiem rudens un ziemas vakariem, satikt autorus, piedal\u012bties diskusij\u0101s un darbn\u012bc\u0101s 24. un 25. oktobr\u012b R\u012bgas Gr\u0101matu sv\u0113tkos Latvijas Nacion\u0101laj\u0101 bibliot\u0113k\u0101 M\u016bkusalas iel\u0101 3.&#8221;\n                            <\/p>\n<p>Latvijas Gr\u0101matizdev\u0113ju asoci\u0101cijas r\u012bkotie sv\u0113tki k\u0101 aizvien gan lielajiem, gan mazajiem las\u012bt\u0101jiem sola interesantas satik\u0161an\u0101s ar autoriem un jaun\u0101m gr\u0101mat\u0101m. Notikumu izlasi skaties zem\u0101k.<\/p>\n<p>Bet notikumu cikl\u0101 &#8220;Latvie\u0161u gr\u0101matai 500&#8221; piektdien, 24. oktobr\u012b, no plkst. 13 l\u012bdz 17.30 Latvijas Nacion\u0101l\u0101s bibliot\u0113kas Ziedo\u0146a z\u0101l\u0113 norisin\u0101sies starptautiskais simpozijs &#8220;Ties\u012bbas uz las\u012b\u0161anu. R\u012bgas manifests&#8221;, kas vainagosies ar R\u012bgas manifesta parakst\u012b\u0161anu. Simpozij\u0101 piedal\u012bsies visda\u017e\u0101d\u0101ko sabiedr\u012bbas kopienu p\u0101rst\u0101vji, politikas veidot\u0101ji, eksperti no \u0101rvalst\u012bm un Latvijas \u2013 no sabiedr\u012bbas autorit\u0101t\u0113m l\u012bdz cilv\u0113kiem, kas nav pla\u0161i paz\u012bstamas person\u012bbas, bet var iedvesmot ar savu pieredzi un atkl\u0101t k\u0101du \u012bpa\u0161u ar las\u012b\u0161anu saist\u012btu rakursu. Savuk\u0101rt simpozija iecer\u0113tais rezult\u0101ts b\u016bs R\u012bgas manifests, kas uzsv\u0113rs las\u012b\u0161anas noz\u012bmi un potenci\u0101lu digit\u0101l\u0101s pasaules un informat\u012bvo apdraud\u0113jumu apst\u0101k\u013cos. Manifests un nacion\u0101la l\u012bme\u0146a las\u012b\u0161anas strat\u0113\u0123ija top p\u0113c Latvijas Nacion\u0101l\u0101s bibliot\u0113kas iniciat\u012bvas, iesaistot starpdisciplin\u0101ru ekspertu un sabiedr\u012bbas p\u0101rst\u0101vju komandu. T\u0101 centr\u0101 tiks likta ideja, ka las\u012b\u0161ana ir pamatties\u012bbas, kas j\u0101nodro\u0161ina vienl\u012bdz\u012bgi \u2013 neatkar\u012bgi no ien\u0101kumiem, izgl\u012bt\u012bbas, vesel\u012bbas vai atra\u0161an\u0101s vietas, \u012bpa\u0161i uzsverot ties\u012bbas las\u012bt latvie\u0161u valod\u0101. Manifestu var\u0113s parakst\u012bt gan cilv\u0113ki individu\u0101li, gan instit\u016bcijas vai biedr\u012bbas.<\/p>\n<p>No \u0101rzemju ekspertiem simpozij\u0101 piedal\u012bsies R\u0113gensburgas Universit\u0101tes bibliot\u0113kas direktors un viens no \u013bub\u013canas manifesta autoriem Dr. Andr\u0113 \u0160ullers-Cv\u012brlains (V\u0101cija), &#8220;GSR Foundation&#8221; izpilddirektors, gr\u0101matniec\u012bbas skolas PARIX izveidot\u0101js un starptautisk\u0101s ned\u0113\u013cas &#8220;Readmagine&#8221; (t\u0101 velt\u012bta digit\u0101laj\u0101m inov\u0101cij\u0101m las\u012b\u0161an\u0101, gr\u0101mat\u0101s un bibliot\u0113k\u0101s) r\u012bkot\u0101js Luiss Gonzaless Martins (Sp\u0101nija), &#8220;Children\u2019s Books Ireland&#8221; izpilddirektore, las\u012b\u0161anas un b\u0113rnu literat\u016bras aizst\u0101ve Eleina Raiena (\u012arija).<\/p>\n<p>R\u012bgas Gr\u0101matu sv\u0113tku izlasePiektdiena, 24. oktobris<\/p>\n<p>1. st\u0101va Draugu telpa<\/p>\n<ul>\n<li>Plkst. 11 \u2013 R\u012bgas Gr\u0101matu sv\u0113tku svin\u012bg\u0101 atkl\u0101\u0161ana.<\/li>\n<li>Plkst. 12 \u2013 LNB Periodikas noda\u013cas galven\u0101s bibliogr\u0101fes Kristinas Papules prezent\u0101cija &#8220;K\u0101 beigt uztraukties un s\u0101kt las\u012bt gr\u0101matas. Stress, tehnolo\u0123ijas un las\u012b\u0161ana \u0161odien un pirms 100 gadiem&#8221; (organiz\u0113 LNB).<\/li>\n<li>Plkst. 13 \u2013 &#8220;(Ne)redzam\u0101 v\u0113sture&#8221;. Saruna par Baltijas romiem arh\u012bvu fotogr\u0101fij\u0101. LU Literat\u016bras, folkloras un m\u0101kslas instit\u016bts aicina uz \u012bpa\u0161as fotogr\u0101matas atv\u0113r\u0161anu, kas pirmoreiz vienkopus atkl\u0101j Baltijas romu kopienu dz\u012bvi pirms Otr\u0101 pasaules kara. Pas\u0101kum\u0101 piedal\u012bsies romu sievie\u0161u biedr\u012bbas &#8220;S\u0101re khetene&#8221; biedres Malda Avramenko un Irina Kleina, k\u0101 ar\u012b LU Literat\u016bras, folkloras un m\u0101kslas instit\u016bta (LFMI) p\u0113tnieces Ieva V\u012bvere un Ieva Garda-Rozenberga.<\/li>\n<li>Plkst. 14 \u2013 gr\u0101mata &#8220;Gadalaiki&#8221;, tik\u0161an\u0101s ar autori Daci Taur\u012bti (&#8220;Skolas v\u0101rds&#8221;).<\/li>\n<li>Plkst. 15 \u2013 &#8220;Markesa ma\u0123iskais faktors&#8221;. Diskusija par izdevniec\u012bb\u0101 &#8220;Latvijas Mediji&#8221; izdotajiem Markesa darbiem &#8220;Tiksimies august\u0101&#8221;, &#8220;Patriarha rudens&#8221;, &#8220;12 st\u0101sti ce\u013cinieki&#8221;. Sarun\u0101 piedal\u012bsies literat\u016brzin\u0101tnieks Oj\u0101rs L\u0101ms, rakstnieks un tulkot\u0101js Vilis Kasims, literat\u016brp\u0113tnieks Ingus Barovskis. Diskusiju vad\u012bs Ilze Jansone, LU LFMI p\u0113tniece (organiz\u0113 &#8220;Latvijas Mediji&#8221;).<\/li>\n<li>Plkst. 16 \u2013 &#8220;Diena ir izdevusies. Austra&#8221;. Diskusija ar gr\u0101matas autori Janu Egli par Austras Pumpures mantojumu (organiz\u0113 &#8220;Latvijas Mediji&#8221;).<\/li>\n<li>Plkst. 17 \u2013 saruna ar v\u0113sturisk\u0101 piedz\u012bvojumu rom\u0101na &#8220;Tukuma kar\u0161&#8221; autoru Gunti T\u0101leru, Tukuma muzeja direktori Agritu Ozolu un apg\u0101da &#8220;Zvaigzne ABC&#8221; Latvie\u0161u literat\u016bras redakcijas vad\u012bt\u0101ju B\u0101rbalu Simsoni (organiz\u0113 apg\u0101ds &#8220;Zvaigzne ABC&#8221;).<\/li>\n<li>Plkst. 18 \u2013 &#8220;Laiks las\u012bt, rakst\u012bt, izdot un eksport\u0113t&#8221;. Saruna ar kust\u012bbas #LaiksLas\u012bt idejas autori, rakstnieci Ingu Grencbergu, rakstnieku Arno Jundzi un apg\u0101da &#8220;Zvaigzne ABC&#8221; liter\u0101ro a\u0123enti Santu Sva\u017eu (organiz\u0113 apg\u0101ds &#8220;Zvaigzne ABC&#8221;).<\/li>\n<li>Plkst. 19 \u2013 Eg\u012bla Ventera jaun\u0101 \u012bsrom\u0101nu cikla &#8220;Albatross&#8221; atv\u0113r\u0161ana (organiz\u0113 &#8220;Dienas Gr\u0101mata&#8221;).<\/li>\n<\/ul>\n<p>-1. st\u0101vs (konferen\u010du centra A da\u013ca)<\/p>\n<ul>\n<li>Plkst. 18.30 \u2013 Daces Judinas tik\u0161an\u0101s ar las\u012bt\u0101jiem. Detekt\u012bvvakars ar lomu sp\u0113li un l\u012bdzdarbo\u0161anos mist\u0113rij\u0101 &#8220;Tro\u013c\u013cu m\u0101jas nosl\u0113pums&#8221; (organiz\u0113 &#8220;Latvijas Mediji&#8221;).<\/li>\n<\/ul>\n<p>Sestdiena, 25. oktobris<\/p>\n<p>1. st\u0101va Draugu telpa<\/p>\n<ul>\n<li>Plkst. 11 \u2013 &#8220;Baraviku laika dullums&#8221;. LU LFMI aicina uz sarunu par jaun\u0101kajiem Reg\u012bnai Ezerai velt\u012btajiem p\u0113t\u012bjumiem. Sarun\u0101 piedal\u0101s Anda Bakl\u0101ne, Dace Bula, Zanda G\u016btmane, Ed\u012bte Ti\u0161heizere un K\u0101rlis V\u0113rdi\u0146\u0161 (organiz\u0113 LU LFMI).<\/li>\n<li>Plkst. 12 \u2013 L\u0101smas Pirkti\u0146as gr\u0101matas &#8220;Notikums. Filosofiska notikumu tipolo\u0123ija&#8221; atv\u0113r\u0161ana (organiz\u0113 LU apg\u0101ds).<\/li>\n<li>Plkst. 13 \u2013 rakstnieka Dzintara Tilaka un izdev\u0113jas Vijas Kilblokas saruna par gr\u0101matu rakst\u012b\u0161anu un las\u012b\u0161anu (organiz\u0113 apg\u0101ds &#8220;Zvaigzne ABC&#8221;).<\/li>\n<li>Plkst. 14 \u2013 tik\u0161an\u0101s ar gr\u0101matas &#8220;R\u012bgas ielas. Kreisais krasts&#8221; redaktoru J\u0101ni Barbanu (organiz\u0113 &#8220;J\u0101\u0146a S\u0113ta&#8221;).<\/li>\n<li>Plkst. 15 \u2013 &#8220;Pasaules troksnis&#8221;. Sarun\u0101jas rakstnieki Ilze Jansone un Svens Kuzmins (organiz\u0113 &#8220;Dienas Gr\u0101mata&#8221;).<\/li>\n<li>Plkst. 16 \u2013 Zanes Kr\u0113sli\u0146as gr\u0101matas &#8220;Espreso, kruas\u0101nu un galdi\u0146u trijiem&#8221; atv\u0113r\u0161anas sv\u0113tki (organiz\u0113 &#8220;Latvijas Mediji&#8221;).<\/li>\n<li>Plkst. 17 \u2013 Ilzes Up\u012btes gr\u0101matas &#8220;Atdzimu\u0161ie&#8221; prezent\u0101cija (organiz\u0113 &#8220;Latvijas Mediji&#8221;).<\/li>\n<\/ul>\n<p>-1. st\u0101vs (konferen\u010du centra A da\u013ca)<\/p>\n<ul>\n<li>Plkst. 11.30 \u2013 &#8220;Person\u012bbas mist\u0113rijas \u0161\u0137etinot&#8221;. Tik\u0161an\u0101s ar somu rakstnieci R\u012bku Pulkinenu un tulkot\u0101ju Maimu Gr\u012bnbergu, saruna par nesen izn\u0101ku\u0161o rom\u0101nu &#8220;Burv\u012bba&#8221; (organiz\u0113 J\u0101\u0146a Rozes apg\u0101ds).<\/li>\n<li>Plkst. 12.30 \u2013 &#8220;Gr\u0101matu klubs k\u0101 las\u012bt\u0101ju kopiena&#8221;. Pieredzes un iedvesmas st\u0101sti no da\u017e\u0101du formu gr\u0101matu klubiem. Sarunu vad\u012bs gr\u0101matu kluba &#8220;Tot\u0101ls v\u0101ks&#8221; ilggad\u0113j\u0101 vad\u012bt\u0101ja un blogere Krist\u012bne P\u012bkenena (organiz\u0113 Latvijas Gr\u0101matizdev\u0113ju asoci\u0101cija).<\/li>\n<li>Plkst. 13.30 \u2013 gr\u0101matas &#8220;Es savu dz\u012bvo\u0161anu ierakstu v\u0113stul\u0113s. Ilzes Indr\u0101nes v\u0113stules laikabiedriem&#8221; (sak\u0101rtot\u0101ja Dace Zvirgzdi\u0146a) atv\u0113r\u0161anas sv\u0113tki (organiz\u0113 &#8220;Madris&#8221;).<\/li>\n<li>Plkst. 14.30 \u2013 &#8220;Vai m\u0101tes lomu var iem\u0101c\u012bties&#8221;. Saruna ar zviedru rakstnieci Goln\u0101zu Ha\u0161emz\u0101di Bundi un tulkot\u0101ju Jolantu P\u0113tersoni par nesen izn\u0101ku\u0161o rom\u0101nu &#8220;Dabiska uzved\u012bba&#8221; (organiz\u0113 J\u0101\u0146a Rozes apg\u0101ds).<\/li>\n<li>Plkst. 15.30 \u2013 &#8220;Igau\u0146u trimdas literat\u016bras spo\u017e\u0101kie d\u0101rgumi&#8221;. Saruna ar tulkot\u0101ju Maimu Gr\u012bnbergu un trimdas literat\u016bras p\u0113tnieci Ingunu Dauksti-Silaspro\u0123i par Karla Ristikivi rom\u0101nu &#8220;Dv\u0113se\u013cu nakts&#8221; (organiz\u0113 J\u0101\u0146a Rozes apg\u0101ds).<\/li>\n<li>Plkst. 16.30 \u2013 Agneses Rutk\u0113vi\u010das dzejas kr\u0101juma &#8220;Vientul\u012bbas dro\u0161\u012bbas noteikumi&#8221; atv\u0113r\u0161ana (organiz\u0113 &#8220;Aminori&#8221;).<\/li>\n<\/ul>\n<p class=\"paragraph-muted\">Izv\u0113lies savu soct\u012bklu platformu, lai sekotu LASI.LV: <a href=\"https:\/\/www.facebook.com\/portals.lasi.lv\" target=\"_blank\" rel=\"noopener noreferrer nofollow\">Facebook<\/a>, <a href=\"https:\/\/twitter.com\/lasilvportals\" target=\"_blank\" rel=\"noopener noreferrer nofollow\">X<\/a>, <a href=\"https:\/\/bsky.app\/profile\/lasilv.bsky.social\" target=\"_blank\" rel=\"noopener noreferrer nofollow\">Bluesky<\/a>, <a href=\"https:\/\/www.draugiem.lv\/lasilv\/?pg=4\" target=\"_blank\" rel=\"noopener noreferrer nofollow\">Draugiem<\/a> vai ar\u012b <a href=\"https:\/\/www.instagram.com\/lasilv_zinas\/\" target=\"_blank\" rel=\"noopener noreferrer nofollow\">Instagram<\/a>. Pievienojies m\u016bsu las\u012bt\u0101ju pulkam, lai sa\u0146emtu \u012bpa\u0161i tev atlas\u012btu noder\u012bgu, praktisku un aktu\u0101lu saturu.\u00a0<\/p>\n<p><a href=\"https:\/\/lasi.lv\/abonesana\" rel=\"nofollow noopener\" target=\"_blank\">Abon\u0113<\/a>\u00a0LASI.LV gadam\u00a0vai k\u0101du no\u00a0&#8220;Latvijas Mediju&#8221; periodiskajiem izdevumiem 2026. gadam, un laim\u0113 1500 eiro vai Philips kafijas autom\u0101tu. Loterijas at\u013caujas nr. 8744.<\/p>\n<p><img decoding=\"async\" src=\"https:\/\/www.europesays.com\/lv\/wp-content\/uploads\/2025\/10\/1760568371_496_2025100311425268df8c8c1572e.jpg\" alt=\"\" loading=\"lazy\"\/><\/p>\n<p style=\"margin-left:auto;\">Pieraksties LASI.LV redaktora v\u0113stkopai <a href=\"https:\/\/lasi.lv\/vestkopa\/lasi-lv-galvena-redaktora-vestkopa\" rel=\"nofollow noopener\" target=\"_blank\">\u0161eit<\/a>.<\/p>\n<p>Pieraksties v\u0113stkopai un divas reizes ned\u0113\u013c\u0101 sa\u0146em padzi\u013cin\u0101tu LASI.LV galven\u0101 redaktora aktu\u0101lo zi\u0146u, kompetentu viedok\u013cu un interesant\u0101ko interviju apkopojumu.<\/p>\n<p>Ko tu sa\u0146emsi:<\/p>\n<ul>\n<li>Daudzveid\u012bgus koment\u0101rus un kompetentus Latvijas Mediju \u017eurn\u0101listu un autoru viedok\u013cus par aktu\u0101lo<\/li>\n<li>Ekspertu koment\u0101rus par da\u017e\u0101diem praktiskiem, noder\u012bgiem tematiem<\/li>\n<li>Aizraujo\u0161us materi\u0101lus par v\u0113sturi, psiholo\u0123iju, kult\u016bru<\/li>\n<li>Gata \u0160\u013c\u016bkas karikat\u016bru<\/li>\n<li>Tav\u0101 e-pasta kast\u012bt\u0113 katru ceturtdienu<\/li>\n<\/ul>\n<p style=\"margin-left:auto;\">\u00a0<\/p>\n<p><script async src=\"https:\/\/platform.twitter.com\/widgets.js\" charset=\"utf-8\"><\/script><script async src=\"\/\/www.instagram.com\/embed.js\"><\/script><\/p>\n","protected":false},"excerpt":{"rendered":"&#8220;Aicin\u0101m iev\u0101kt gr\u0101matu ra\u017eu garajiem rudens un ziemas vakariem, satikt autorus, piedal\u012bties diskusij\u0101s un darbn\u012bc\u0101s 24. un 25.&hellip;\n","protected":false},"author":2,"featured_media":29196,"comment_status":"","ping_status":"","sticky":false,"template":"","format":"standard","meta":{"footnotes":""},"categories":[12],"tags":[23,28,29,32,33,22,30,31,35,39,38,36,37,34,40,20,26,27,24,25,21],"class_list":{"0":"post-29195","1":"post","2":"type-post","3":"status-publish","4":"format-standard","5":"has-post-thumbnail","7":"category-latvija","8":"tag-aktualitates","9":"tag-breaking-news","10":"tag-breakingnews","11":"tag-featured-news","12":"tag-featurednews","13":"tag-headlines","14":"tag-latest-news","15":"tag-latestnews","16":"tag-latvia","17":"tag-latvian","18":"tag-latviesu","19":"tag-latviesu-valoda","20":"tag-latviesuvaloda","21":"tag-latvija","22":"tag-lv","23":"tag-news","24":"tag-popularakas-zinas","25":"tag-popularakaszinas","26":"tag-top-stories","27":"tag-topstories","28":"tag-zinas"},"share_on_mastodon":{"url":"https:\/\/pubeurope.com\/@lv\/115423767684290913","error":""},"_links":{"self":[{"href":"https:\/\/www.europesays.com\/lv\/wp-json\/wp\/v2\/posts\/29195","targetHints":{"allow":["GET"]}}],"collection":[{"href":"https:\/\/www.europesays.com\/lv\/wp-json\/wp\/v2\/posts"}],"about":[{"href":"https:\/\/www.europesays.com\/lv\/wp-json\/wp\/v2\/types\/post"}],"author":[{"embeddable":true,"href":"https:\/\/www.europesays.com\/lv\/wp-json\/wp\/v2\/users\/2"}],"replies":[{"embeddable":true,"href":"https:\/\/www.europesays.com\/lv\/wp-json\/wp\/v2\/comments?post=29195"}],"version-history":[{"count":0,"href":"https:\/\/www.europesays.com\/lv\/wp-json\/wp\/v2\/posts\/29195\/revisions"}],"wp:featuredmedia":[{"embeddable":true,"href":"https:\/\/www.europesays.com\/lv\/wp-json\/wp\/v2\/media\/29196"}],"wp:attachment":[{"href":"https:\/\/www.europesays.com\/lv\/wp-json\/wp\/v2\/media?parent=29195"}],"wp:term":[{"taxonomy":"category","embeddable":true,"href":"https:\/\/www.europesays.com\/lv\/wp-json\/wp\/v2\/categories?post=29195"},{"taxonomy":"post_tag","embeddable":true,"href":"https:\/\/www.europesays.com\/lv\/wp-json\/wp\/v2\/tags?post=29195"}],"curies":[{"name":"wp","href":"https:\/\/api.w.org\/{rel}","templated":true}]}}