{"id":29199,"date":"2025-10-23T14:01:08","date_gmt":"2025-10-23T14:01:08","guid":{"rendered":"https:\/\/www.europesays.com\/lv\/29199\/"},"modified":"2025-10-23T14:01:08","modified_gmt":"2025-10-23T14:01:08","slug":"kamaninu-brauceji-sezonas-pirmajas-sacensibas-sigulda-noskaidrojusi-latvijas-kausa-ieguvejus","status":"publish","type":"post","link":"https:\/\/www.europesays.com\/lv\/29199\/","title":{"rendered":"Kamani\u0146u brauc\u0113ji sezonas pirmaj\u0101s sacens\u012bb\u0101s Siguld\u0101 noskaidroju\u0161i Latvijas kausa ieguv\u0113jus"},"content":{"rendered":"<p>Kristers Aparjods, El\u012bna Ieva Bota un divnieku ekip\u0101\u017eas M\u0101rti\u0146\u0161 Bots\/Roberts Pl\u016bme un Marta Robe\u017eniece\/Kitija Bogdanova ceturtdien k\u013cuva par kamani\u0146u sporta sezonas atkl\u0101\u0161anas sacens\u012bbu \u2013 Latvijas kausa izc\u012b\u0146as \u2013 uzvar\u0113t\u0101jiem. Pasaules kausa izc\u012b\u0146as pirmais posms Latvijas izlases sportistiem paredz\u0113ts decembra s\u0101kum\u0101 Austrij\u0101.<\/p>\n<p>V\u012bru indvidu\u0101laj\u0101s sacens\u012bb\u0101s start\u0113ja se\u0161i kamani\u0146u brauc\u0113ji, tostarp tr\u012bs juniori. Pieaugu\u0161o konkurenc\u0113 abos braucienos \u0101tr\u0101kais bija Kristers Aparjods no Saulkrastiem. Otraj\u0101 viet\u0101 ierindoj\u0101s siguldietis Gints B\u0113rzi\u0146\u0161, bet tre\u0161ais bija ropa\u017enieks Kaspars Rinks. Aiz vi\u0146iem ierindoj\u0101s visi tr\u012bs juniori \u2013 J\u0101nis Gruzdulis-Borovojs (Ropa\u017ei), Roberts Lazd\u0101ns (Sigulda) un Edvards Marts Markit\u0101ns (C\u0113sis).<\/p>\n<p>D\u0101m\u0101m abus m\u0113\u0123in\u0101jumus vis\u0101tr\u0101k veica siguldiete El\u012bna Ieva Bota, kura summ\u0101 gan tikai par sekundes trim simtda\u013c\u0101m apsteidza Kendiju Aparjodi no Saulkrastiem. Tre\u0161\u0101 bija saulkrastiete Zane Kaluma. Divu Ropa\u017eu junioru savstarp\u0113j\u0101s sacens\u012bb\u0101s Margita Sirsni\u0146a p\u0101rsp\u0113ja Sel\u012bnu Elizabeti Zvilnu.<\/p>\n<p>V\u012bru ekip\u0101\u017eu braucienos savu klasi apliecin\u0101ja M\u0101rti\u0146\u0161 Bots un Roberts Pl\u016bme (Sigulda\/\u0100da\u017ei), kuri divu m\u0113\u0123in\u0101jumu summ\u0101 otr\u0101s vietas ieguv\u0113jus Eduardu \u0160evicu-Mike\u013c\u0161evicu un L\u016bkasu Krastu (Upesciems\/Al\u016bksne) apsteidza par vair\u0101k nek\u0101 sekundi. Tre\u0161aj\u0101 viet\u0101 Raimonds Baltgalvis un Uldis Jakseboga (Saulkrasti\/Ropa\u017ei\/MS\u0122).<\/p>\n<p>D\u0101mu divnieku konkurenc\u0113 start\u0113ja tikai divi dueti \u2013 Marta Robe\u017eniece un Kitija Bogdanova (Ropa\u017ei\/R\u012bga) p\u0101rsp\u0113ja Andu Up\u012bti un Madaru Pavlovu (R\u012bga\/Sigulda), liecina Latvijas Kamani\u0146u sporta feder\u0101cijas inform\u0101cija.<\/p>\n<p>Latvijas kausa izc\u012b\u0146a jaunie\u0161u grupu kamani\u0146u brauc\u0113jiem pl\u0101nota decembra s\u0101kum\u0101. \u0160oreiz \u0161\u0101ds dal\u012bjums ieviests, jo ierastaj\u0101 \u0161o sacens\u012bbu laik\u0101 \u2013 starp Ziemassv\u0113tkiem un Jauno gadu \u2013\u00a0nacion\u0101l\u0101s izlases ekip\u0113jums tiks transport\u0113ts no Amerikas, kur notiks Pasaules kausa posmi. Lai visi sportisti var\u0113tu start\u0113t ar pilnv\u0113rt\u012bgu invent\u0101ru un vienl\u012bdz\u012bgiem nosac\u012bjumiem,\u00a0Latvijas kauss \u0161ogad tika p\u0101rcelts uz agr\u0101ku datumu. Tas ir ar\u012b viens no sagatavo\u0161an\u0101s posmiem pirms 2026.gada ziemas olimpiskaj\u0101m sp\u0113l\u0113m Mil\u0101n\u0101\/Kort\u012bn\u0101.<\/p>\n","protected":false},"excerpt":{"rendered":"Kristers Aparjods, El\u012bna Ieva Bota un divnieku ekip\u0101\u017eas M\u0101rti\u0146\u0161 Bots\/Roberts Pl\u016bme un Marta Robe\u017eniece\/Kitija Bogdanova ceturtdien k\u013cuva par&hellip;\n","protected":false},"author":2,"featured_media":29200,"comment_status":"","ping_status":"","sticky":false,"template":"","format":"standard","meta":{"footnotes":""},"categories":[17],"tags":[639,35,39,38,36,37,34,40,443,7131,615,67],"class_list":{"0":"post-29199","1":"post","2":"type-post","3":"status-publish","4":"format-standard","5":"has-post-thumbnail","7":"category-sports","8":"tag-adazi","9":"tag-latvia","10":"tag-latvian","11":"tag-latviesu","12":"tag-latviesu-valoda","13":"tag-latviesuvaloda","14":"tag-latvija","15":"tag-lv","16":"tag-ropazi","17":"tag-saulkrasti","18":"tag-sigulda","19":"tag-sports"},"share_on_mastodon":{"url":"https:\/\/pubeurope.com\/@lv\/115423850219326011","error":""},"_links":{"self":[{"href":"https:\/\/www.europesays.com\/lv\/wp-json\/wp\/v2\/posts\/29199","targetHints":{"allow":["GET"]}}],"collection":[{"href":"https:\/\/www.europesays.com\/lv\/wp-json\/wp\/v2\/posts"}],"about":[{"href":"https:\/\/www.europesays.com\/lv\/wp-json\/wp\/v2\/types\/post"}],"author":[{"embeddable":true,"href":"https:\/\/www.europesays.com\/lv\/wp-json\/wp\/v2\/users\/2"}],"replies":[{"embeddable":true,"href":"https:\/\/www.europesays.com\/lv\/wp-json\/wp\/v2\/comments?post=29199"}],"version-history":[{"count":0,"href":"https:\/\/www.europesays.com\/lv\/wp-json\/wp\/v2\/posts\/29199\/revisions"}],"wp:featuredmedia":[{"embeddable":true,"href":"https:\/\/www.europesays.com\/lv\/wp-json\/wp\/v2\/media\/29200"}],"wp:attachment":[{"href":"https:\/\/www.europesays.com\/lv\/wp-json\/wp\/v2\/media?parent=29199"}],"wp:term":[{"taxonomy":"category","embeddable":true,"href":"https:\/\/www.europesays.com\/lv\/wp-json\/wp\/v2\/categories?post=29199"},{"taxonomy":"post_tag","embeddable":true,"href":"https:\/\/www.europesays.com\/lv\/wp-json\/wp\/v2\/tags?post=29199"}],"curies":[{"name":"wp","href":"https:\/\/api.w.org\/{rel}","templated":true}]}}