{"id":29215,"date":"2025-10-23T14:27:07","date_gmt":"2025-10-23T14:27:07","guid":{"rendered":"https:\/\/www.europesays.com\/lv\/29215\/"},"modified":"2025-10-23T14:27:07","modified_gmt":"2025-10-23T14:27:07","slug":"putina-rezimam-ir-jaizjut-si-kara-realas-sekas-zelenskis-atklaj-ko-ukraina-sobrid-dara","status":"publish","type":"post","link":"https:\/\/www.europesays.com\/lv\/29215\/","title":{"rendered":"\u201cPutina re\u017e\u012bmam ir j\u0101izj\u016bt \u0161\u012b kara re\u0101l\u0101s sekas.\u201d Zelenskis atkl\u0101j, ko Ukraina \u0161obr\u012bd dara"},"content":{"rendered":"<p>    <img decoding=\"async\" src=\"https:\/\/www.europesays.com\/lv\/wp-content\/uploads\/2025\/10\/20250520_zaa_p138_010-1-800x534.jpg\" alt=\"&#10;Ukrainas prezidents Volodimirs Zelenskis.&#10;\"\/><\/p>\n<p>Ukrainas prezidents Volodimirs Zelenskis.<\/p>\n<p>Foto: ZUMAPRESS.com\/SCANPIX\n<\/p>\n<p>Ukrainas prezidents Volodimirs Zelenskis pazi\u0146oja, ka ar\u012b da\u017e\u0101m Eiropas valst\u012bm ir t\u0101l\u0101s darb\u012bbas iero\u010di, tostarp \u201cTomahawk\u201d sp\u0101rnot\u0101s ra\u0137etes. Un Ukraina jau ir s\u0101kusi sarunas ar \u0161\u012bm valst\u012bm par \u0161\u012bm ra\u0137et\u0113m. Valsts vad\u012bt\u0101js \u0161o pazi\u0146ojumu sniedza sav\u0101 run\u0101 Eiropadomes san\u0101ksm\u0113.<\/p>\n<p>        Las\u012bt\u0101kie<br \/>\n        <a data-imagesrc=\"{&quot;300&quot;:&quot;https:\\\/\\\/lastatic.ams3.cdn.digitaloceanspaces.com\\\/2025\\\/10\\\/oul-2-300x200.png&quot;,&quot;1024&quot;:&quot;https:\\\/\\\/lastatic.ams3.cdn.digitaloceanspaces.com\\\/2025\\\/10\\\/oul-2-1024x683.png&quot;,&quot;1536&quot;:&quot;https:\\\/\\\/lastatic.ams3.cdn.digitaloceanspaces.com\\\/2025\\\/10\\\/oul-2-1536x1024.png&quot;,&quot;500&quot;:&quot;https:\\\/\\\/lastatic.ams3.cdn.digitaloceanspaces.com\\\/2025\\\/10\\\/oul-2-500x333.png&quot;,&quot;800&quot;:&quot;https:\\\/\\\/lastatic.ams3.cdn.digitaloceanspaces.com\\\/2025\\\/10\\\/oul-2-800x533.png&quot;,&quot;1800&quot;:&quot;https:\\\/\\\/lastatic.ams3.cdn.digitaloceanspaces.com\\\/2025\\\/10\\\/oul-2.png&quot;}\" data-focuspoint=\"&quot;&quot;\" data-p=\"2445017\" href=\"https:\/\/www.la.lv\/tu-pati-sev-pieliec-klat-gadus-8-ieradumi-kas-liek-sievietem-novecot-atrak\" class=\"content-item lazy-load\" wp_automatic_readability=\"26.5\" rel=\"nofollow noopener\" target=\"_blank\"><\/p>\n<p>                                <img decoding=\"async\" src=\"\" alt=\"\" style=\"\" data-imageid=\"\"\/><\/p>\n<p>\n                                                Tu pati sev pieliec kl\u0101t gadus! 8 ieradumi, kas liek sieviet\u0113m novecot \u0101tr\u0101k\n                            <\/p>\n<p><\/a><a data-imagesrc=\"{&quot;300&quot;:&quot;https:\\\/\\\/lastatic.ams3.cdn.digitaloceanspaces.com\\\/2025\\\/10\\\/man-with-light-bulb-1-300x209.jpg&quot;,&quot;1024&quot;:&quot;https:\\\/\\\/lastatic.ams3.cdn.digitaloceanspaces.com\\\/2025\\\/10\\\/man-with-light-bulb-1-1024x714.jpg&quot;,&quot;1536&quot;:&quot;https:\\\/\\\/lastatic.ams3.cdn.digitaloceanspaces.com\\\/2025\\\/10\\\/man-with-light-bulb-1-1536x1071.jpg&quot;,&quot;500&quot;:&quot;https:\\\/\\\/lastatic.ams3.cdn.digitaloceanspaces.com\\\/2025\\\/10\\\/man-with-light-bulb-1-500x349.jpg&quot;,&quot;800&quot;:&quot;https:\\\/\\\/lastatic.ams3.cdn.digitaloceanspaces.com\\\/2025\\\/10\\\/man-with-light-bulb-1-800x558.jpg&quot;,&quot;2560&quot;:&quot;https:\\\/\\\/lastatic.ams3.cdn.digitaloceanspaces.com\\\/2025\\\/10\\\/man-with-light-bulb-1-scaled.jpg&quot;}\" data-focuspoint=\"&quot;&quot;\" data-p=\"2447317\" href=\"https:\/\/www.la.lv\/ludzu-ludzu-kaut-es-butu-viens-no-viniem-cilveki-kas-dzimusi-sajos-trijos-datumos-tiek-uzskatiti-par-visgudrakajiem-pasaule\" class=\"content-item lazy-load\" wp_automatic_readability=\"28.5\" rel=\"nofollow noopener\" target=\"_blank\"><\/p>\n<p>                                <img decoding=\"async\" src=\"\" alt=\"\" style=\"\" data-imageid=\"\"\/><\/p>\n<p>                                Kokteilis<\/p>\n<p>\n                                                L\u016bdzu, l\u016bdzu, kaut es b\u016btu viens no vi\u0146iem: cilv\u0113ki, kas dzimu\u0161i \u0161ajos trijos datumos, tiek uzskat\u012bti par visgudr\u0101kajiem pasaul\u0113\n                            <\/p>\n<p><\/a><a data-imagesrc=\"{&quot;300&quot;:&quot;https:\\\/\\\/lastatic.ams3.cdn.digitaloceanspaces.com\\\/2025\\\/07\\\/afp_683m47j-300x200.jpg&quot;,&quot;1024&quot;:&quot;https:\\\/\\\/lastatic.ams3.cdn.digitaloceanspaces.com\\\/2025\\\/07\\\/afp_683m47j-1024x683.jpg&quot;,&quot;768&quot;:&quot;https:\\\/\\\/lastatic.ams3.cdn.digitaloceanspaces.com\\\/2025\\\/07\\\/afp_683m47j-768x512.jpg&quot;,&quot;1536&quot;:&quot;https:\\\/\\\/lastatic.ams3.cdn.digitaloceanspaces.com\\\/2025\\\/07\\\/afp_683m47j-1536x1024.jpg&quot;,&quot;2048&quot;:&quot;https:\\\/\\\/lastatic.ams3.cdn.digitaloceanspaces.com\\\/2025\\\/07\\\/afp_683m47j-2048x1365.jpg&quot;,&quot;200&quot;:&quot;https:\\\/\\\/lastatic.ams3.cdn.digitaloceanspaces.com\\\/2025\\\/07\\\/afp_683m47j-200x133.jpg&quot;,&quot;400&quot;:&quot;https:\\\/\\\/lastatic.ams3.cdn.digitaloceanspaces.com\\\/2025\\\/07\\\/afp_683m47j-400x267.jpg&quot;,&quot;500&quot;:&quot;https:\\\/\\\/lastatic.ams3.cdn.digitaloceanspaces.com\\\/2025\\\/07\\\/afp_683m47j-500x333.jpg&quot;,&quot;800&quot;:&quot;https:\\\/\\\/lastatic.ams3.cdn.digitaloceanspaces.com\\\/2025\\\/07\\\/afp_683m47j-800x533.jpg&quot;,&quot;1000&quot;:&quot;https:\\\/\\\/lastatic.ams3.cdn.digitaloceanspaces.com\\\/2025\\\/07\\\/afp_683m47j-1000x667.jpg&quot;,&quot;2560&quot;:&quot;https:\\\/\\\/lastatic.ams3.cdn.digitaloceanspaces.com\\\/2025\\\/07\\\/afp_683m47j-scaled.jpg&quot;}\" data-focuspoint=\"&quot;&quot;\" data-p=\"2450292\" href=\"https:\/\/www.la.lv\/putins-vinu-respekte-tramps-nosauc-politiki-kurs-varetu-palidzet-izbeigt-karu-ukraina\" class=\"content-item lazy-load\" wp_automatic_readability=\"27\" rel=\"nofollow noopener\" target=\"_blank\"><\/p>\n<p>                                <img decoding=\"async\" src=\"\" alt=\"\" style=\"\" data-imageid=\"\"\/><\/p>\n<p>\n                                                \u201cPutins vi\u0146u respekt\u0113\u2026\u201d Tramps nosauc politi\u0137i, kur\u0161 var\u0113tu pal\u012bdz\u0113t izbeigt karu Ukrain\u0101<\/p>\n<p><\/a><br \/>\n        <a class=\"read-more\" href=\"https:\/\/www.la.lv\/top\" rel=\"nofollow noopener\" target=\"_blank\">Las\u012bt citas zi\u0146as<\/a><\/p>\n<p>\u201cMums nevajadz\u0113tu uztvert m\u016bsu r\u012bc\u012bbu tikai k\u0101 aizsardz\u012bbas r\u012bc\u012bbu, lai gan tas ir galvenais m\u0113r\u0137is. <\/p>\n<p>Mums ar\u012b j\u0101veido sava politika t\u0101, lai nov\u0113rstu Krievijas destrukt\u012bv\u0101s taktikas izplat\u012b\u0161anos vai atk\u0101rto\u0161anos \u2014 Eirop\u0101 vai citur. T\u0101p\u0113c, run\u0101jot par t\u0101la darb\u012bbas r\u0101diusa iero\u010diem, piem\u0113ram, Ukrainai, m\u0113s dom\u0101jam, ka Putina re\u017e\u012bmam ir j\u0101izj\u016bt \u0161\u012b kara re\u0101l\u0101s sekas,\u201d sac\u012bja Zelenskis.<\/p>\n<p>    CITI \u0160OBR\u012aD LASA<\/p>\n<p>\u0160aj\u0101 sakar\u0101 valsts vad\u012bt\u0101js aicin\u0101ja Eiropas l\u012bderus atbalst\u012bt visu, kas pal\u012bdz\u0113s Ukrainai ieg\u016bt \u0161\u0101das iesp\u0113jas, jo \u201ctam tie\u0161\u0101m ir b\u016btiska ietekme uz Krieviju\u201d.<\/p>\n<p>\u201cUn ne tikai ASV ir \u0161ie t\u0101las darb\u012bbas r\u0101diusa iero\u010di \u2014 ar\u012b da\u017e\u0101m Eiropas valst\u012bm tie ir, \u012bpa\u0161i \u201cTomahawk\u201d. M\u0113s jau run\u0101jam ar valst\u012bm, kas var mums pal\u012bdz\u0113t,\u201d uzsv\u0113ra Zelenskis.<\/p>\n<p>Ukrainas prezidents atz\u012bm\u0113ja, cik nervozs k\u013cuva Krievijas diktators Vladimirs Putins, kad tika piemin\u0113ta \u201cTomahawk\u201d t\u0113ma. K\u0101 apgalvo Zelenskis, Putins saprot, ka Ukrainas nodro\u0161in\u0101\u0161ana ar t\u0101las darb\u012bbas r\u0101diusa iero\u010diem var\u0113tu main\u012bt kara gaitu. <\/p>\n<p>T\u0113mas<\/p>\n<p>    SAIST\u012aTIE RAKSTI<\/p>\n","protected":false},"excerpt":{"rendered":"Ukrainas prezidents Volodimirs Zelenskis. Foto: ZUMAPRESS.com\/SCANPIX Ukrainas prezidents Volodimirs Zelenskis pazi\u0146oja, ka ar\u012b da\u017e\u0101m Eiropas valst\u012bm ir t\u0101l\u0101s&hellip;\n","protected":false},"author":2,"featured_media":29216,"comment_status":"","ping_status":"","sticky":false,"template":"","format":"standard","meta":{"footnotes":""},"categories":[14],"tags":[23,57,28,29,32,33,22,30,31,35,39,38,36,37,34,40,20,26,27,24,25,54,55,56,21,58],"class_list":{"0":"post-29215","1":"post","2":"type-post","3":"status-publish","4":"format-standard","5":"has-post-thumbnail","7":"category-zinas-no-arvalstim","8":"tag-aktualitates","9":"tag-arvalstim","10":"tag-breaking-news","11":"tag-breakingnews","12":"tag-featured-news","13":"tag-featurednews","14":"tag-headlines","15":"tag-latest-news","16":"tag-latestnews","17":"tag-latvia","18":"tag-latvian","19":"tag-latviesu","20":"tag-latviesu-valoda","21":"tag-latviesuvaloda","22":"tag-latvija","23":"tag-lv","24":"tag-news","25":"tag-popularakas-zinas","26":"tag-popularakaszinas","27":"tag-top-stories","28":"tag-topstories","29":"tag-world","30":"tag-world-news","31":"tag-worldnews","32":"tag-zinas","33":"tag-zinas-no-arvalstim"},"share_on_mastodon":{"url":"https:\/\/pubeurope.com\/@lv\/115423952594568934","error":""},"_links":{"self":[{"href":"https:\/\/www.europesays.com\/lv\/wp-json\/wp\/v2\/posts\/29215","targetHints":{"allow":["GET"]}}],"collection":[{"href":"https:\/\/www.europesays.com\/lv\/wp-json\/wp\/v2\/posts"}],"about":[{"href":"https:\/\/www.europesays.com\/lv\/wp-json\/wp\/v2\/types\/post"}],"author":[{"embeddable":true,"href":"https:\/\/www.europesays.com\/lv\/wp-json\/wp\/v2\/users\/2"}],"replies":[{"embeddable":true,"href":"https:\/\/www.europesays.com\/lv\/wp-json\/wp\/v2\/comments?post=29215"}],"version-history":[{"count":0,"href":"https:\/\/www.europesays.com\/lv\/wp-json\/wp\/v2\/posts\/29215\/revisions"}],"wp:featuredmedia":[{"embeddable":true,"href":"https:\/\/www.europesays.com\/lv\/wp-json\/wp\/v2\/media\/29216"}],"wp:attachment":[{"href":"https:\/\/www.europesays.com\/lv\/wp-json\/wp\/v2\/media?parent=29215"}],"wp:term":[{"taxonomy":"category","embeddable":true,"href":"https:\/\/www.europesays.com\/lv\/wp-json\/wp\/v2\/categories?post=29215"},{"taxonomy":"post_tag","embeddable":true,"href":"https:\/\/www.europesays.com\/lv\/wp-json\/wp\/v2\/tags?post=29215"}],"curies":[{"name":"wp","href":"https:\/\/api.w.org\/{rel}","templated":true}]}}