{"id":29256,"date":"2025-10-23T14:59:09","date_gmt":"2025-10-23T14:59:09","guid":{"rendered":"https:\/\/www.europesays.com\/lv\/29256\/"},"modified":"2025-10-23T14:59:09","modified_gmt":"2025-10-23T14:59:09","slug":"cilvek-ja-satiec-mus-ludzu-nenosauj-sabiedriba-zinami-cilveki-piedalas-aizkustinosa-akcija","status":"publish","type":"post","link":"https:\/\/www.europesays.com\/lv\/29256\/","title":{"rendered":"\u201cCilv\u0113k, ja satiec m\u016bs, l\u016bdzu, neno\u0161auj!\u201d Sabiedr\u012bb\u0101 zin\u0101mi cilv\u0113ki piedal\u0101s aizkustino\u0161\u0101 akcij\u0101"},"content":{"rendered":"<p>    <img decoding=\"async\" src=\"https:\/\/www.europesays.com\/lv\/wp-content\/uploads\/2025\/10\/FotoJet-9-3-1024x683.jpg\" alt=\"&#10;\"\/><\/p>\n<p>Foto: LETA, LA.LV kol\u0101\u017ea\n<\/p>\n<p>Nedaudz vair\u0101k k\u0101 pirms ned\u0113\u013cas zemnieku saimniec\u012bbas \u012bpa\u0161niekam un soci\u0101lo t\u012bklu person\u012bbai Modrim Konovalovam bija j\u0101ieskat\u0101s ac\u012bs l\u012bdzcilv\u0113ku ne\u017e\u0113l\u012bbai un necilv\u0113ciskai r\u012bc\u012bbai, kad tika no\u0161auti visi tr\u012bs vi\u0146a su\u0146i, vi\u0146a \u0123imenes locek\u013ci. \u0160is notikums l\u012bdz sirds dzi\u013cumiem satrieca daudzus jo daudzus cilv\u0113kus vis\u0101 Latvij\u0101. <\/p>\n<p>        Las\u012bt\u0101kie<br \/>\n        <a data-imagesrc=\"{&quot;300&quot;:&quot;https:\\\/\\\/lastatic.ams3.cdn.digitaloceanspaces.com\\\/2025\\\/10\\\/oul-2-300x200.png&quot;,&quot;1024&quot;:&quot;https:\\\/\\\/lastatic.ams3.cdn.digitaloceanspaces.com\\\/2025\\\/10\\\/oul-2-1024x683.png&quot;,&quot;1536&quot;:&quot;https:\\\/\\\/lastatic.ams3.cdn.digitaloceanspaces.com\\\/2025\\\/10\\\/oul-2-1536x1024.png&quot;,&quot;500&quot;:&quot;https:\\\/\\\/lastatic.ams3.cdn.digitaloceanspaces.com\\\/2025\\\/10\\\/oul-2-500x333.png&quot;,&quot;800&quot;:&quot;https:\\\/\\\/lastatic.ams3.cdn.digitaloceanspaces.com\\\/2025\\\/10\\\/oul-2-800x533.png&quot;,&quot;1800&quot;:&quot;https:\\\/\\\/lastatic.ams3.cdn.digitaloceanspaces.com\\\/2025\\\/10\\\/oul-2.png&quot;}\" data-focuspoint=\"&quot;&quot;\" data-p=\"2445017\" href=\"https:\/\/www.la.lv\/tu-pati-sev-pieliec-klat-gadus-8-ieradumi-kas-liek-sievietem-novecot-atrak\" class=\"content-item lazy-load\" wp_automatic_readability=\"26.5\" rel=\"nofollow noopener\" target=\"_blank\"><\/p>\n<p>                                <img decoding=\"async\" src=\"\" alt=\"\" style=\"\" data-imageid=\"\"\/><\/p>\n<p>\n                                                Tu pati sev pieliec kl\u0101t gadus! 8 ieradumi, kas liek sieviet\u0113m novecot \u0101tr\u0101k\n                            <\/p>\n<p><\/a><a data-imagesrc=\"{&quot;300&quot;:&quot;https:\\\/\\\/lastatic.ams3.cdn.digitaloceanspaces.com\\\/2025\\\/10\\\/man-with-light-bulb-1-300x209.jpg&quot;,&quot;1024&quot;:&quot;https:\\\/\\\/lastatic.ams3.cdn.digitaloceanspaces.com\\\/2025\\\/10\\\/man-with-light-bulb-1-1024x714.jpg&quot;,&quot;1536&quot;:&quot;https:\\\/\\\/lastatic.ams3.cdn.digitaloceanspaces.com\\\/2025\\\/10\\\/man-with-light-bulb-1-1536x1071.jpg&quot;,&quot;500&quot;:&quot;https:\\\/\\\/lastatic.ams3.cdn.digitaloceanspaces.com\\\/2025\\\/10\\\/man-with-light-bulb-1-500x349.jpg&quot;,&quot;800&quot;:&quot;https:\\\/\\\/lastatic.ams3.cdn.digitaloceanspaces.com\\\/2025\\\/10\\\/man-with-light-bulb-1-800x558.jpg&quot;,&quot;2560&quot;:&quot;https:\\\/\\\/lastatic.ams3.cdn.digitaloceanspaces.com\\\/2025\\\/10\\\/man-with-light-bulb-1-scaled.jpg&quot;}\" data-focuspoint=\"&quot;&quot;\" data-p=\"2447317\" href=\"https:\/\/www.la.lv\/ludzu-ludzu-kaut-es-butu-viens-no-viniem-cilveki-kas-dzimusi-sajos-trijos-datumos-tiek-uzskatiti-par-visgudrakajiem-pasaule\" class=\"content-item lazy-load\" wp_automatic_readability=\"28.5\" rel=\"nofollow noopener\" target=\"_blank\"><\/p>\n<p>                                <img decoding=\"async\" src=\"\" alt=\"\" style=\"\" data-imageid=\"\"\/><\/p>\n<p>                                Kokteilis<\/p>\n<p>\n                                                L\u016bdzu, l\u016bdzu, kaut es b\u016btu viens no vi\u0146iem: cilv\u0113ki, kas dzimu\u0161i \u0161ajos trijos datumos, tiek uzskat\u012bti par visgudr\u0101kajiem pasaul\u0113\n                            <\/p>\n<p><\/a><a data-imagesrc=\"{&quot;300&quot;:&quot;https:\\\/\\\/lastatic.ams3.cdn.digitaloceanspaces.com\\\/2025\\\/10\\\/Kuldiga-1-300x204.png&quot;,&quot;1024&quot;:&quot;https:\\\/\\\/lastatic.ams3.cdn.digitaloceanspaces.com\\\/2025\\\/10\\\/Kuldiga-1-1024x695.png&quot;,&quot;1536&quot;:&quot;https:\\\/\\\/lastatic.ams3.cdn.digitaloceanspaces.com\\\/2025\\\/10\\\/Kuldiga-1-1536x1043.png&quot;,&quot;500&quot;:&quot;https:\\\/\\\/lastatic.ams3.cdn.digitaloceanspaces.com\\\/2025\\\/10\\\/Kuldiga-1-500x340.png&quot;,&quot;800&quot;:&quot;https:\\\/\\\/lastatic.ams3.cdn.digitaloceanspaces.com\\\/2025\\\/10\\\/Kuldiga-1-800x543.png&quot;,&quot;3125&quot;:&quot;https:\\\/\\\/lastatic.ams3.cdn.digitaloceanspaces.com\\\/2025\\\/10\\\/Kuldiga-1.png&quot;}\" data-focuspoint=\"&quot;&quot;\" data-p=\"2454462\" href=\"https:\/\/www.la.lv\/vieniga-kluda-ko-es-izdariju-es-izsledzu-telefonu-un-skanu-kuldiga-mirusas-luizes-mamma-atceras-notikuso\" class=\"content-item lazy-load\" wp_automatic_readability=\"27\" rel=\"nofollow noopener\" target=\"_blank\"><\/p>\n<p>                                <img decoding=\"async\" src=\"\" alt=\"\" style=\"\" data-imageid=\"\"\/><\/p>\n<p>\n                                                \u201cVien\u012bg\u0101 k\u013c\u016bda, ko es izdar\u012bju \u2013 es izsl\u0113dzu telefonu.\u201d Kuld\u012bg\u0101 miru\u0161\u0101s Lu\u012bzes mamma atceras notiku\u0161o<\/p>\n<p><\/a><br \/>\n        <a class=\"read-more\" href=\"https:\/\/www.la.lv\/top\" rel=\"nofollow noopener\" target=\"_blank\">Las\u012bt citas zi\u0146as<\/a><\/p>\n<p>Kam\u0113r j\u0101apbru\u0146ojas ar paciet\u012bbu un j\u0101gaida br\u012bdis, kad paties\u012bba n\u0101ks gaism\u0101 un vain\u012bgie sod\u012bti, tikm\u0113r cilv\u0113ki turpina akt\u012bvi paust savu atbalstu Modrim \u0161aj\u0101 tum\u0161aj\u0101 laik\u0101 vi\u0146a dz\u012bv\u0113.  <\/p>\n<p>Tre\u0161dien, 22. oktobr\u012b, soci\u0101lajos t\u012bklos norisin\u0101j\u0101s \u012bpa\u0161a akcija \u201c#gaismauzvar\u0113stumsu\u201d. T\u0101s laik\u0101 daudzi Latvijas iedz\u012bvot\u0101ji \u2013 ar\u012b sabiedr\u012bb\u0101 zin\u0101mi \u2013 public\u0113ja bildes ar saviem \u010detrk\u0101jainajiem m\u012blu\u013ciem, lai paustu savu l\u012bdzj\u016bt\u012bbu un nost\u0101ju. <\/p>\n<p>    CITI \u0160OBR\u012aD LASA<\/p>\n<p>Fotogr\u0101fijas papildin\u0101ja st\u0101sti ar l\u016bgumu: \u201cCilv\u0113k, l\u016bdzu, nenogalini mani.\u201d <\/p>\n<p>K\u0101 LA.LV nov\u0113roja soci\u0101laj\u0101 t\u012bkl\u0101 \u201cFacebook\u201d, akcij\u0101 piedal\u012bj\u0101s ar\u012b m\u016bzi\u0137i Intars Busulis, Aija Andrejeva, m\u016bzikas aprind\u0101s zin\u0101m\u0101 Anete Kalni\u0146a, kas bijusi grupas \u201cPutnu balles\u201d mened\u017eere, un Liep\u0101jas te\u0101tra aktrise Kar\u012bna Tatarinova. <\/p>\n<p>Ar\u012b vi\u0146i public\u0113ju\u0161i ierakstus, kas nep\u0101rprotami v\u0113sta, lai cilv\u0113ks neno\u0161auj vi\u0146u \u0123imenes locek\u013cus. <\/p>\n<p><img decoding=\"async\" src=\"https:\/\/www.europesays.com\/lv\/wp-content\/uploads\/2025\/10\/Ekranuznemums-2025-10-22-195201.png\" alt=\"\"\/><\/p>\n<p>T\u0113mas<\/p>\n<p>    SAIST\u012aTIE RAKSTI<\/p>\n","protected":false},"excerpt":{"rendered":"Foto: LETA, LA.LV kol\u0101\u017ea Nedaudz vair\u0101k k\u0101 pirms ned\u0113\u013cas zemnieku saimniec\u012bbas \u012bpa\u0161niekam un soci\u0101lo t\u012bklu person\u012bbai Modrim Konovalovam&hellip;\n","protected":false},"author":2,"featured_media":29257,"comment_status":"","ping_status":"","sticky":false,"template":"","format":"standard","meta":{"footnotes":""},"categories":[5],"tags":[23,28,29,32,33,22,30,31,35,39,38,36,37,34,40,20,26,27,24,25,21],"class_list":{"0":"post-29256","1":"post","2":"type-post","3":"status-publish","4":"format-standard","5":"has-post-thumbnail","7":"category-aktualitates","8":"tag-aktualitates","9":"tag-breaking-news","10":"tag-breakingnews","11":"tag-featured-news","12":"tag-featurednews","13":"tag-headlines","14":"tag-latest-news","15":"tag-latestnews","16":"tag-latvia","17":"tag-latvian","18":"tag-latviesu","19":"tag-latviesu-valoda","20":"tag-latviesuvaloda","21":"tag-latvija","22":"tag-lv","23":"tag-news","24":"tag-popularakas-zinas","25":"tag-popularakaszinas","26":"tag-top-stories","27":"tag-topstories","28":"tag-zinas"},"share_on_mastodon":{"url":"https:\/\/pubeurope.com\/@lv\/115424078416090593","error":""},"_links":{"self":[{"href":"https:\/\/www.europesays.com\/lv\/wp-json\/wp\/v2\/posts\/29256","targetHints":{"allow":["GET"]}}],"collection":[{"href":"https:\/\/www.europesays.com\/lv\/wp-json\/wp\/v2\/posts"}],"about":[{"href":"https:\/\/www.europesays.com\/lv\/wp-json\/wp\/v2\/types\/post"}],"author":[{"embeddable":true,"href":"https:\/\/www.europesays.com\/lv\/wp-json\/wp\/v2\/users\/2"}],"replies":[{"embeddable":true,"href":"https:\/\/www.europesays.com\/lv\/wp-json\/wp\/v2\/comments?post=29256"}],"version-history":[{"count":0,"href":"https:\/\/www.europesays.com\/lv\/wp-json\/wp\/v2\/posts\/29256\/revisions"}],"wp:featuredmedia":[{"embeddable":true,"href":"https:\/\/www.europesays.com\/lv\/wp-json\/wp\/v2\/media\/29257"}],"wp:attachment":[{"href":"https:\/\/www.europesays.com\/lv\/wp-json\/wp\/v2\/media?parent=29256"}],"wp:term":[{"taxonomy":"category","embeddable":true,"href":"https:\/\/www.europesays.com\/lv\/wp-json\/wp\/v2\/categories?post=29256"},{"taxonomy":"post_tag","embeddable":true,"href":"https:\/\/www.europesays.com\/lv\/wp-json\/wp\/v2\/tags?post=29256"}],"curies":[{"name":"wp","href":"https:\/\/api.w.org\/{rel}","templated":true}]}}