{"id":29268,"date":"2025-10-23T15:10:08","date_gmt":"2025-10-23T15:10:08","guid":{"rendered":"https:\/\/www.europesays.com\/lv\/29268\/"},"modified":"2025-10-23T15:10:08","modified_gmt":"2025-10-23T15:10:08","slug":"skinhediem-nepatika-baltas-kurpju-snores-pabeigta-izmeklesana-merkela-iela-notikusas-pusaudza-aplaupisanas-lieta","status":"publish","type":"post","link":"https:\/\/www.europesays.com\/lv\/29268\/","title":{"rendered":"Skinhediem nepatika balt\u0101s kurpju \u0161\u0146ores &#8230; Pabeigta izmekl\u0113\u0161ana Mer\u0137e\u013ca iel\u0101 notiku\u0161\u0101s pusaud\u017ea aplaup\u012b\u0161anas liet\u0101"},"content":{"rendered":"<p>\u0160\u0101 gada febru\u0101r\u012b Valsts policij\u0101 v\u0113rs\u0101s nepilngad\u012bgs jaunietis, kur\u0161 zi\u0146oja, ka apm\u0113ram pirms m\u0113ne\u0161a uz ielas R\u012bg\u0101, Mer\u0137e\u013ca iel\u0101, ticis aplaup\u012bts. Izmekl\u0113\u0161anas laik\u0101 Valsts policijas R\u012bgas re\u0123iona p\u0101rvaldes R\u012bgas Austrumu p\u0101rvaldes policisti noskaidroja, ka \u0161\u0101 gada 8. janv\u0101r\u012b pie jaunie\u0161a uz ielas pien\u0101ku\u0161i divi nepaz\u012bstami pui\u0161i, kas pieder pie skinhedu* subkult\u016bras, un izr\u0101d\u012bju\u0161i nepatiku, ka vi\u0146\u0161 n\u0113s\u0101 baltas apavu \u0161\u0146ores. V\u0113l viena persona k\u0101 min\u0113t\u0101s skinhedu subkult\u016bras grupas l\u012bderis noziedz\u012bgu nodar\u012bjumu v\u0113roja caur video zvanu un uzk\u016bd\u012bja personas izdar\u012bt laup\u012b\u0161anu, k\u0101 ar\u012b izteica draudus.<\/p>\n","protected":false},"excerpt":{"rendered":"\u0160\u0101 gada febru\u0101r\u012b Valsts policij\u0101 v\u0113rs\u0101s nepilngad\u012bgs jaunietis, kur\u0161 zi\u0146oja, ka apm\u0113ram pirms m\u0113ne\u0161a uz ielas R\u012bg\u0101, Mer\u0137e\u013ca&hellip;\n","protected":false},"author":2,"featured_media":29269,"comment_status":"","ping_status":"","sticky":false,"template":"","format":"standard","meta":{"footnotes":""},"categories":[12],"tags":[23,28,29,32,33,22,30,31,35,39,38,36,37,34,40,20,26,27,24,25,21],"class_list":{"0":"post-29268","1":"post","2":"type-post","3":"status-publish","4":"format-standard","5":"has-post-thumbnail","7":"category-latvija","8":"tag-aktualitates","9":"tag-breaking-news","10":"tag-breakingnews","11":"tag-featured-news","12":"tag-featurednews","13":"tag-headlines","14":"tag-latest-news","15":"tag-latestnews","16":"tag-latvia","17":"tag-latvian","18":"tag-latviesu","19":"tag-latviesu-valoda","20":"tag-latviesuvaloda","21":"tag-latvija","22":"tag-lv","23":"tag-news","24":"tag-popularakas-zinas","25":"tag-popularakaszinas","26":"tag-top-stories","27":"tag-topstories","28":"tag-zinas"},"share_on_mastodon":{"url":"https:\/\/pubeurope.com\/@lv\/115424121641804918","error":""},"_links":{"self":[{"href":"https:\/\/www.europesays.com\/lv\/wp-json\/wp\/v2\/posts\/29268","targetHints":{"allow":["GET"]}}],"collection":[{"href":"https:\/\/www.europesays.com\/lv\/wp-json\/wp\/v2\/posts"}],"about":[{"href":"https:\/\/www.europesays.com\/lv\/wp-json\/wp\/v2\/types\/post"}],"author":[{"embeddable":true,"href":"https:\/\/www.europesays.com\/lv\/wp-json\/wp\/v2\/users\/2"}],"replies":[{"embeddable":true,"href":"https:\/\/www.europesays.com\/lv\/wp-json\/wp\/v2\/comments?post=29268"}],"version-history":[{"count":0,"href":"https:\/\/www.europesays.com\/lv\/wp-json\/wp\/v2\/posts\/29268\/revisions"}],"wp:featuredmedia":[{"embeddable":true,"href":"https:\/\/www.europesays.com\/lv\/wp-json\/wp\/v2\/media\/29269"}],"wp:attachment":[{"href":"https:\/\/www.europesays.com\/lv\/wp-json\/wp\/v2\/media?parent=29268"}],"wp:term":[{"taxonomy":"category","embeddable":true,"href":"https:\/\/www.europesays.com\/lv\/wp-json\/wp\/v2\/categories?post=29268"},{"taxonomy":"post_tag","embeddable":true,"href":"https:\/\/www.europesays.com\/lv\/wp-json\/wp\/v2\/tags?post=29268"}],"curies":[{"name":"wp","href":"https:\/\/api.w.org\/{rel}","templated":true}]}}