{"id":29270,"date":"2025-10-23T15:11:20","date_gmt":"2025-10-23T15:11:20","guid":{"rendered":"https:\/\/www.europesays.com\/lv\/29270\/"},"modified":"2025-10-23T15:11:20","modified_gmt":"2025-10-23T15:11:20","slug":"aktrisi-zani-burnicku-draud-izlikt-no-majam-sejas-lv","status":"publish","type":"post","link":"https:\/\/www.europesays.com\/lv\/29270\/","title":{"rendered":"Aktrisi Zani Burnicku draud izlikt no m\u0101j\u0101m &#8211; Sejas.lv"},"content":{"rendered":"<ol>\n<li><a href=\"https:\/\/news.google.com\/rss\/articles\/CBMif0FVX3lxTE5NanZBT1dNT0tRWktybzMzaHlqcXpwQjlNUFd4bVZrdTU5YlpXRXhGWEFMXzlnYjNESF9NTG9YYU5yZ1VMU09JTWw4dG44RlZxMWY0QVl4alB1UGRWQ21seEpmSGJwT3VOUWk5WWFiNUc5OFVWVWNkZS1jcGtURVE?oc=5\" target=\"_blank\" rel=\"nofollow noopener\">Aktrisi Zani Burnicku draud izlikt no m\u0101j\u0101m<\/a>&nbsp;&nbsp;Sejas.lv<\/li>\n<li><a href=\"https:\/\/news.google.com\/rss\/articles\/CBMixgFBVV95cUxORUJnTFowVXA1eVBnR05JUDN4amswbGpBSVRpVm5wUU5MWFV3WlRITEJLdG1nRVp3bERtRFBrRlZhNWlXOUczbUk4dG92cnJxa0FVZ011cXNMZzh0QVc1TEhrZ08zOXNTSjN0c3gzQXF5SXNxd3Y4a2s1UmRWM2RLdU9LaTVBMHUxaERqbGR3VzFtQlRtdkxvY0R1TXpBcVZwZjFvV3RjSGhPQ1pfQld3M1k0b1hoSGhFQjRIb2tlcDlaazNoVFE?oc=5\" target=\"_blank\" rel=\"nofollow noopener\">Aktrisei Zanei Burnickai j\u0101pamet dz\u012bvoklis, kur\u0101 \u0123imene dz\u012bvojusi 89 gadus<\/a>&nbsp;&nbsp;Delfi<\/li>\n<li><a href=\"https:\/\/news.google.com\/rss\/articles\/CBMi0wFBVV95cUxOeFYwbkRubkhBMGJQUThVdWFEbzIwMnVIMzRXX2FHUy1fbE5LTnZnSnNhXzJwMG42NWxvQ3JQWnd6R2VMbDBIdnk1Wmkwa2xIdEpLQ08tVE9kRGtFZWp0SGQwZjNZNTNOZTBnVWdaTFJqZGRfanozOWFoZmJRb1RHWlVYTmFqM21KeDU1aWZpb3NYdlVTNjBPOGhNU21idjI3TVlDS3dmckdiMWJ4ck9ZZWhEUVB6cGtJcmpkQmgzTTlzRGJzTEg2bjFCZjNraFdVT3pv?oc=5\" target=\"_blank\" rel=\"nofollow noopener\">Aktrisi Burnicku met \u0101r\u0101 no m\u0101j\u0101m: Pirmo s\u0113ru periodu ar ikdienas raud\u0101\u0161anu esmu p\u0101rvar\u0113jusi!<\/a>&nbsp;&nbsp;Santa.lv<\/li>\n<li><a href=\"https:\/\/news.google.com\/rss\/articles\/CBMivgFBVV95cUxPRngwRGJJc00yazE3VEVybXQ0amt2YzhOVDhHeXluSzZnOF95ckNFNWpURXVtXzdPbmplemlBS3NnUjE4UmhESEJvRWdrN2pvRFc1eVZKUEk3OTFEMk8tSnY5djB2bm9iQ1VKbGdhNGVQRDJIS0tFRWdFcnVjekQwSklMR1E0dHdHQjE2cV92TDRDUThmYmg4a2d4WmpFa2xndjBkUHNRbi02OGlBRko4OGI0dlIxWDJpQm5FWVpR?oc=5\" target=\"_blank\" rel=\"nofollow noopener\">\u201cPirmo s\u0113ru periodu ar raud\u0101\u0161anu ik dienu jau esmu p\u0101rvar\u0113jusi!\u201d Aktrise Burnicka n\u0101k klaj\u0101 ar b\u0113d\u012bgu zi\u0146u<\/a>&nbsp;&nbsp;LA.LV<\/li>\n<li><a href=\"https:\/\/news.google.com\/rss\/articles\/CBMisgFBVV95cUxQaHhtVjY0cE85X2FxUE92TXhlRkZ5eU56WTBvT204QjRCNmlYWE9sZHFVLTg3RXU5SUhFbjNKcGE2TnlqX3ZnWmdpNmdkMG9ldVhjNmlkeWZidlp1aWtDczVkV0V4NVlzTW9vQWhSV3hlV21JaG44M0FId2xNTGZwZFBxbkRJb3E0dUw2cFRGemE2MUp1MUZKUFNtUVRaUm1hQXZsM2hldmNuc05xTno4VDln?oc=5\" target=\"_blank\" rel=\"nofollow noopener\">Aktrise Zane Burnicka spiesta izv\u0101kties no dz\u012bvok\u013ca, kur dz\u012bvojusi visu savu m\u016b\u017eu<\/a>&nbsp;&nbsp;1188.lv<\/li>\n<\/ol>\n","protected":false},"excerpt":{"rendered":"Aktrisi Zani Burnicku draud izlikt no m\u0101j\u0101m&nbsp;&nbsp;Sejas.lv Aktrisei Zanei Burnickai j\u0101pamet dz\u012bvoklis, kur\u0101 \u0123imene dz\u012bvojusi 89 gadus&nbsp;&nbsp;Delfi Aktrisi&hellip;\n","protected":false},"author":2,"featured_media":29271,"comment_status":"","ping_status":"","sticky":false,"template":"","format":"standard","meta":{"footnotes":""},"categories":[5],"tags":[23,28,29,32,33,22,30,31,35,39,38,36,37,34,1429,40,20,26,27,24,25,8976,21],"class_list":{"0":"post-29270","1":"post","2":"type-post","3":"status-publish","4":"format-standard","5":"has-post-thumbnail","7":"category-aktualitates","8":"tag-aktualitates","9":"tag-breaking-news","10":"tag-breakingnews","11":"tag-featured-news","12":"tag-featurednews","13":"tag-headlines","14":"tag-latest-news","15":"tag-latestnews","16":"tag-latvia","17":"tag-latvian","18":"tag-latviesu","19":"tag-latviesu-valoda","20":"tag-latviesuvaloda","21":"tag-latvija","22":"tag-latvijas-zurnali","23":"tag-lv","24":"tag-news","25":"tag-popularakas-zinas","26":"tag-popularakaszinas","27":"tag-top-stories","28":"tag-topstories","29":"tag-zane-burnicka","30":"tag-zinas"},"share_on_mastodon":{"url":"https:\/\/pubeurope.com\/@lv\/115424125473753423","error":""},"_links":{"self":[{"href":"https:\/\/www.europesays.com\/lv\/wp-json\/wp\/v2\/posts\/29270","targetHints":{"allow":["GET"]}}],"collection":[{"href":"https:\/\/www.europesays.com\/lv\/wp-json\/wp\/v2\/posts"}],"about":[{"href":"https:\/\/www.europesays.com\/lv\/wp-json\/wp\/v2\/types\/post"}],"author":[{"embeddable":true,"href":"https:\/\/www.europesays.com\/lv\/wp-json\/wp\/v2\/users\/2"}],"replies":[{"embeddable":true,"href":"https:\/\/www.europesays.com\/lv\/wp-json\/wp\/v2\/comments?post=29270"}],"version-history":[{"count":0,"href":"https:\/\/www.europesays.com\/lv\/wp-json\/wp\/v2\/posts\/29270\/revisions"}],"wp:featuredmedia":[{"embeddable":true,"href":"https:\/\/www.europesays.com\/lv\/wp-json\/wp\/v2\/media\/29271"}],"wp:attachment":[{"href":"https:\/\/www.europesays.com\/lv\/wp-json\/wp\/v2\/media?parent=29270"}],"wp:term":[{"taxonomy":"category","embeddable":true,"href":"https:\/\/www.europesays.com\/lv\/wp-json\/wp\/v2\/categories?post=29270"},{"taxonomy":"post_tag","embeddable":true,"href":"https:\/\/www.europesays.com\/lv\/wp-json\/wp\/v2\/tags?post=29270"}],"curies":[{"name":"wp","href":"https:\/\/api.w.org\/{rel}","templated":true}]}}