{"id":29283,"date":"2025-10-23T15:24:11","date_gmt":"2025-10-23T15:24:11","guid":{"rendered":"https:\/\/www.europesays.com\/lv\/29283\/"},"modified":"2025-10-23T15:24:11","modified_gmt":"2025-10-23T15:24:11","slug":"straumes-kakens-pavid-apple-reklama","status":"publish","type":"post","link":"https:\/\/www.europesays.com\/lv\/29283\/","title":{"rendered":"\u201cStraumes\u201d ka\u0137\u0113ns pav\u012bd \u201cApple\u201d rekl\u0101m\u0101"},"content":{"rendered":"<p>Delfi paman\u012bju\u0161i, ka oskarot\u0101s anim\u0101cijas filmas Straume ka\u0137is pav\u012bd\u0113jis Apple rekl\u0101m\u0101. Lai gan rekl\u0101ma visticam\u0101k reklam\u0113 jaun\u0101ko MacBook, t\u0101 \u0161oreiz produktu zi\u0146\u0101 padevusies tik abstrakta, ka var tikai nojaust, par kuru produktu ir runa. Tikm\u0113r rekl\u0101ma uzrun\u0101 ar savu v\u0113st\u012bjumu, ka rado\u0161o industriju p\u0101rst\u0101vjiem tie\u0161\u0101m domin\u0113 Apple produkciju. T\u0101d\u0113\u013c rekl\u0101mu pavado\u0161aj\u0101 tekst\u0101 rakst\u012bts: \u201cNo revolucion\u0101riem atkl\u0101jumiem l\u012bdz godalgot\u0101m film\u0101m \u2013 tas viss s\u0101kas no nek\u0101. Bezgal\u012bgas iesp\u0113jas gaida, ko tu ar t\u0101m ies\u0101ksi? Di\u017eas idejas s\u0101kas ar Mac.\u201d.\n<\/p>\n<p>Rekl\u0101m\u0101 apkopoti da\u017e\u0101du rado\u0161o profesiju piem\u0113ri, kam tiek izmantoti MacBook. Piem\u0113ram, notis, grafiski darbi un protams Straumes ka\u0137\u012btis. Nav nosl\u0113pums, ka Straumes re\u017eisors Gints Zilbalodis tie\u0161\u0101m izmanto Apple produkciju, par to pat r\u0101dot savos soci\u0101lajos t\u012bklos. T\u0101d\u0113\u013c ar\u012b ka\u0137a z\u012bm\u0113jums par\u0101d\u0101s \u012bs\u0101 video beig\u0101s, kur tiek par\u0101d\u012bti da\u017e\u0101di rado\u0161i sasniegu\u0161i, kas tapu\u0161i uz MacBook.\n<\/p>\n<p>\u0160\u012b nav pirm\u0101 reize, kad latvie\u0161u darbi tiek Apple rekl\u0101m\u0101s. iPad rekl\u0101m\u0101 izmantota El\u012bzas Legzdi\u0146as dziesma \u201cYum!\u201d.<\/p>\n","protected":false},"excerpt":{"rendered":"Delfi paman\u012bju\u0161i, ka oskarot\u0101s anim\u0101cijas filmas Straume ka\u0137is pav\u012bd\u0113jis Apple rekl\u0101m\u0101. Lai gan rekl\u0101ma visticam\u0101k reklam\u0113 jaun\u0101ko MacBook,&hellip;\n","protected":false},"author":2,"featured_media":29284,"comment_status":"","ping_status":"","sticky":false,"template":"","format":"standard","meta":{"footnotes":""},"categories":[19],"tags":[89,90,35,39,38,36,37,34,40],"class_list":{"0":"post-29283","1":"post","2":"type-post","3":"status-publish","4":"format-standard","5":"has-post-thumbnail","7":"category-izklaide","8":"tag-entertainment","9":"tag-izklaide","10":"tag-latvia","11":"tag-latvian","12":"tag-latviesu","13":"tag-latviesu-valoda","14":"tag-latviesuvaloda","15":"tag-latvija","16":"tag-lv"},"share_on_mastodon":{"url":"https:\/\/pubeurope.com\/@lv\/115424176629860562","error":""},"_links":{"self":[{"href":"https:\/\/www.europesays.com\/lv\/wp-json\/wp\/v2\/posts\/29283","targetHints":{"allow":["GET"]}}],"collection":[{"href":"https:\/\/www.europesays.com\/lv\/wp-json\/wp\/v2\/posts"}],"about":[{"href":"https:\/\/www.europesays.com\/lv\/wp-json\/wp\/v2\/types\/post"}],"author":[{"embeddable":true,"href":"https:\/\/www.europesays.com\/lv\/wp-json\/wp\/v2\/users\/2"}],"replies":[{"embeddable":true,"href":"https:\/\/www.europesays.com\/lv\/wp-json\/wp\/v2\/comments?post=29283"}],"version-history":[{"count":0,"href":"https:\/\/www.europesays.com\/lv\/wp-json\/wp\/v2\/posts\/29283\/revisions"}],"wp:featuredmedia":[{"embeddable":true,"href":"https:\/\/www.europesays.com\/lv\/wp-json\/wp\/v2\/media\/29284"}],"wp:attachment":[{"href":"https:\/\/www.europesays.com\/lv\/wp-json\/wp\/v2\/media?parent=29283"}],"wp:term":[{"taxonomy":"category","embeddable":true,"href":"https:\/\/www.europesays.com\/lv\/wp-json\/wp\/v2\/categories?post=29283"},{"taxonomy":"post_tag","embeddable":true,"href":"https:\/\/www.europesays.com\/lv\/wp-json\/wp\/v2\/tags?post=29283"}],"curies":[{"name":"wp","href":"https:\/\/api.w.org\/{rel}","templated":true}]}}