{"id":29287,"date":"2025-10-23T15:27:07","date_gmt":"2025-10-23T15:27:07","guid":{"rendered":"https:\/\/www.europesays.com\/lv\/29287\/"},"modified":"2025-10-23T15:27:07","modified_gmt":"2025-10-23T15:27:07","slug":"rietumeiropu-skar-vetra-lietavas-vejs-un-parceltas-futbola-speles","status":"publish","type":"post","link":"https:\/\/www.europesays.com\/lv\/29287\/","title":{"rendered":"Rietumeiropu skar v\u0113tra: lietavas, v\u0113j\u0161 un p\u0101rceltas futbola sp\u0113les"},"content":{"rendered":"<p class=\"descr\">Rietumeiropu, tostarp Angliju, Franciju, Be\u013c\u0123iju un N\u012bderlandi, skars sp\u0113c\u012bgas lietavas un v\u0113j\u0161. Tuvojoties v\u0113trai, Eiropas futbola l\u012bga p\u0101rc\u0113lusi divas futbola sp\u0113les.<\/p>\n<p>Tuvojoties v\u0113trai Bend\u017eamins, da\u013c\u0101 Apvienot\u0101s Karalistes ir st\u0101ju\u0161ies sp\u0113k\u0101 lietus un <a href=\"https:\/\/nra.lv\/birka\/stiprs-vejs\/\" rel=\"nofollow noopener\" target=\"_blank\">v\u0113ja<\/a> br\u012bdin\u0101jumi. Ceturtdien iedz\u012bvot\u0101ji ir br\u012bdin\u0101ti par sp\u0113c\u012bg\u0101m lietav\u0101m un v\u0113ju l\u012bdz 70 j\u016bdz\u0113m stund\u0101 (112 km\/h).<\/p>\n<p>Saska\u0146\u0101 ar Meteorolo\u0123ijas biroja datiem, ir iesp\u0113jami elektroener\u0123ijas padeves p\u0101rtraukumi, lok\u0101li <a href=\"https:\/\/nra.lv\/birka\/pludi\/\" rel=\"nofollow noopener\" target=\"_blank\">pl\u016bdi<\/a>, \u0113ku boj\u0101jumi un satiksmes trauc\u0113jumi. \u010cetri dzeltenie laika apst\u0101k\u013cu br\u012bdin\u0101jumi aptver lielu Anglijas dienvidu un austrumu da\u013cu un Velsu, jo v\u0113tra, ko Francijas meteorolo\u0123iskais dienests \u201cM\u00e9t\u00e9o France\u201d nosaucis par Bend\u017eaminu, visas dienas garum\u0101 virz\u0101s no Laman\u0161a uz Zieme\u013cj\u016bru.<\/p>\n<p>Dzeltenais br\u012bdin\u0101jums par lietu, kas aptver liel\u0101ko da\u013cu Anglijas dienvidu da\u013cas, Austrummidlendu, da\u013cu Velsas un Jork\u0161\u012bras, ir sp\u0113k\u0101 l\u012bdz se\u0161iem vakar\u0101, un da\u017eviet tiek prognoz\u0113ts l\u012bdz 30-50 mm nokri\u0161\u0146u.<\/p>\n<p>V\u0113l\u0101 r\u012bt\u0101 vai agr\u0101 p\u0113cpusdien\u0101 Zieme\u013cj\u016bras piekrast\u0113 \u012bslaic\u012bgi var\u0113tu att\u012bst\u012bties v\u0113ja br\u0101zmas virs 112 km\/h. Dzeltenais v\u0113ja br\u012bdin\u0101jums bija sp\u0113k\u0101 ar\u012b dienvidrietumos, tostarp Kornvol\u0101 un Devon\u0101, un Rietumvels\u0101 no plkst. 6.00 p\u0113c BST laika l\u012bdz 15.00 p\u0113c BST laika. Abos apgabalos iesp\u0113jamas zieme\u013crietumu v\u0113ja br\u0101zmas l\u012bdz 88 km\/h, savuk\u0101rt da\u017eos piekrastes rajonos br\u0101zmas var\u0113tu sasniegt 96 km\/h.<\/p>\n<p>\t\t\t\t\t\tinfo<\/p>\n<p>Uzzini pirmais<br \/>kas interesants noticis Latvij\u0101 un pasaul\u0113,<br \/>pievienojoties mums <a href=\"https:\/\/t.me\/neatkariga\" rel=\"nofollow\">Telegram<\/a> vai <a href=\"https:\/\/whatsapp.com\/channel\/0029VaMLFUH5K3zLU5s4wm3y\" rel=\"nofollow noopener\" target=\"_blank\">Whatsapp<\/a> kan\u0101l\u0101<\/p>\n","protected":false},"excerpt":{"rendered":"Rietumeiropu, tostarp Angliju, Franciju, Be\u013c\u0123iju un N\u012bderlandi, skars sp\u0113c\u012bgas lietavas un v\u0113j\u0161. Tuvojoties v\u0113trai, Eiropas futbola l\u012bga p\u0101rc\u0113lusi&hellip;\n","protected":false},"author":2,"featured_media":29288,"comment_status":"","ping_status":"","sticky":false,"template":"","format":"standard","meta":{"footnotes":""},"categories":[14],"tags":[23,57,28,29,32,33,22,30,31,35,39,38,36,37,34,40,20,26,27,24,25,54,55,56,21,58],"class_list":{"0":"post-29287","1":"post","2":"type-post","3":"status-publish","4":"format-standard","5":"has-post-thumbnail","7":"category-zinas-no-arvalstim","8":"tag-aktualitates","9":"tag-arvalstim","10":"tag-breaking-news","11":"tag-breakingnews","12":"tag-featured-news","13":"tag-featurednews","14":"tag-headlines","15":"tag-latest-news","16":"tag-latestnews","17":"tag-latvia","18":"tag-latvian","19":"tag-latviesu","20":"tag-latviesu-valoda","21":"tag-latviesuvaloda","22":"tag-latvija","23":"tag-lv","24":"tag-news","25":"tag-popularakas-zinas","26":"tag-popularakaszinas","27":"tag-top-stories","28":"tag-topstories","29":"tag-world","30":"tag-world-news","31":"tag-worldnews","32":"tag-zinas","33":"tag-zinas-no-arvalstim"},"share_on_mastodon":{"url":"https:\/\/pubeurope.com\/@lv\/115424188441750502","error":""},"_links":{"self":[{"href":"https:\/\/www.europesays.com\/lv\/wp-json\/wp\/v2\/posts\/29287","targetHints":{"allow":["GET"]}}],"collection":[{"href":"https:\/\/www.europesays.com\/lv\/wp-json\/wp\/v2\/posts"}],"about":[{"href":"https:\/\/www.europesays.com\/lv\/wp-json\/wp\/v2\/types\/post"}],"author":[{"embeddable":true,"href":"https:\/\/www.europesays.com\/lv\/wp-json\/wp\/v2\/users\/2"}],"replies":[{"embeddable":true,"href":"https:\/\/www.europesays.com\/lv\/wp-json\/wp\/v2\/comments?post=29287"}],"version-history":[{"count":0,"href":"https:\/\/www.europesays.com\/lv\/wp-json\/wp\/v2\/posts\/29287\/revisions"}],"wp:featuredmedia":[{"embeddable":true,"href":"https:\/\/www.europesays.com\/lv\/wp-json\/wp\/v2\/media\/29288"}],"wp:attachment":[{"href":"https:\/\/www.europesays.com\/lv\/wp-json\/wp\/v2\/media?parent=29287"}],"wp:term":[{"taxonomy":"category","embeddable":true,"href":"https:\/\/www.europesays.com\/lv\/wp-json\/wp\/v2\/categories?post=29287"},{"taxonomy":"post_tag","embeddable":true,"href":"https:\/\/www.europesays.com\/lv\/wp-json\/wp\/v2\/tags?post=29287"}],"curies":[{"name":"wp","href":"https:\/\/api.w.org\/{rel}","templated":true}]}}