{"id":29297,"date":"2025-10-23T15:36:12","date_gmt":"2025-10-23T15:36:12","guid":{"rendered":"https:\/\/www.europesays.com\/lv\/29297\/"},"modified":"2025-10-23T15:36:12","modified_gmt":"2025-10-23T15:36:12","slug":"55-gadus-veca-naomi-kembela-pozeja-isa-topa-un-mini-svarkos","status":"publish","type":"post","link":"https:\/\/www.europesays.com\/lv\/29297\/","title":{"rendered":"55 gadus vec\u0101 Naomi Kembela poz\u0113ja \u012bs\u0101 top\u0101 un mini sv\u0101rkos"},"content":{"rendered":"<p>55 gadus vec\u0101 supermodele Naomi Kembela poz\u0113ja \u012bs\u0101 top\u0101 un mini sv\u0101rkos.<\/p>\n<p>Lielbrit\u0101nijas supermodele Naomi Kembela public\u0113ja foto atkl\u0101t\u0101 t\u0113l\u0101. Atbilsto\u0161ais kadrs par\u0101d\u012bj\u0101s vi\u0146as Instagram st\u0101st\u0101.<\/p>\n<p>55 gadus vec\u0101 modele att\u0113l\u0101 redzama ap\u0123\u0113rb\u0101, kas sast\u0101v no \u012bsa topa un mini sv\u0101rkiem. Taj\u0101 pa\u0161\u0101 laik\u0101 zvaigzne demonstr\u0113ja reljefu presi.<\/p>\n<p>Turkl\u0101t vi\u0146a uzvilka melnas bezpirkstu cimdus un baltus sporta apavus. Papildus slaven\u012bba izlaida matus.<\/p>\n","protected":false},"excerpt":{"rendered":"55 gadus vec\u0101 supermodele Naomi Kembela poz\u0113ja \u012bs\u0101 top\u0101 un mini sv\u0101rkos. Lielbrit\u0101nijas supermodele Naomi Kembela public\u0113ja foto&hellip;\n","protected":false},"author":2,"featured_media":29298,"comment_status":"","ping_status":"","sticky":false,"template":"","format":"standard","meta":{"footnotes":""},"categories":[19],"tags":[89,90,35,39,38,36,37,34,40],"class_list":{"0":"post-29297","1":"post","2":"type-post","3":"status-publish","4":"format-standard","5":"has-post-thumbnail","7":"category-izklaide","8":"tag-entertainment","9":"tag-izklaide","10":"tag-latvia","11":"tag-latvian","12":"tag-latviesu","13":"tag-latviesu-valoda","14":"tag-latviesuvaloda","15":"tag-latvija","16":"tag-lv"},"share_on_mastodon":{"url":"https:\/\/pubeurope.com\/@lv\/115424223802515102","error":""},"_links":{"self":[{"href":"https:\/\/www.europesays.com\/lv\/wp-json\/wp\/v2\/posts\/29297","targetHints":{"allow":["GET"]}}],"collection":[{"href":"https:\/\/www.europesays.com\/lv\/wp-json\/wp\/v2\/posts"}],"about":[{"href":"https:\/\/www.europesays.com\/lv\/wp-json\/wp\/v2\/types\/post"}],"author":[{"embeddable":true,"href":"https:\/\/www.europesays.com\/lv\/wp-json\/wp\/v2\/users\/2"}],"replies":[{"embeddable":true,"href":"https:\/\/www.europesays.com\/lv\/wp-json\/wp\/v2\/comments?post=29297"}],"version-history":[{"count":0,"href":"https:\/\/www.europesays.com\/lv\/wp-json\/wp\/v2\/posts\/29297\/revisions"}],"wp:featuredmedia":[{"embeddable":true,"href":"https:\/\/www.europesays.com\/lv\/wp-json\/wp\/v2\/media\/29298"}],"wp:attachment":[{"href":"https:\/\/www.europesays.com\/lv\/wp-json\/wp\/v2\/media?parent=29297"}],"wp:term":[{"taxonomy":"category","embeddable":true,"href":"https:\/\/www.europesays.com\/lv\/wp-json\/wp\/v2\/categories?post=29297"},{"taxonomy":"post_tag","embeddable":true,"href":"https:\/\/www.europesays.com\/lv\/wp-json\/wp\/v2\/tags?post=29297"}],"curies":[{"name":"wp","href":"https:\/\/api.w.org\/{rel}","templated":true}]}}