{"id":29303,"date":"2025-10-23T15:43:08","date_gmt":"2025-10-23T15:43:08","guid":{"rendered":"https:\/\/www.europesays.com\/lv\/29303\/"},"modified":"2025-10-23T15:43:08","modified_gmt":"2025-10-23T15:43:08","slug":"fide-vertes-kramnika-komentarus-par-peksna-nave-miruso-narodicki","status":"publish","type":"post","link":"https:\/\/www.europesays.com\/lv\/29303\/","title":{"rendered":"FIDE v\u0113rt\u0113s Kram\u0146ika koment\u0101rus par p\u0113k\u0161\u0146\u0101 n\u0101v\u0113 miru\u0161o Narodicki"},"content":{"rendered":"<p>Narodickis negaid\u012bti nomira \u0161\u012b m\u0113ne\u0161a s\u0101kum\u0101, tikai divas ned\u0113\u013cas pirms savas 30. dzim\u0161anas dienas. N\u0101ves c\u0113lonis netika atkl\u0101ts.<\/p>\n<p><a href=\"https:\/\/sports.tvnet.lv\/term\/127331\/fide\" class=\"topicLink\" target=\"_blank\" rel=\"nofollow noopener\">FIDE<\/a> prezidents <a href=\"https:\/\/sports.tvnet.lv\/term\/807040\/arkadijs-dvorkovics\" class=\"topicLink\" target=\"_blank\" rel=\"nofollow noopener\">Ark\u0101dijs Dvorkovi\u010ds<\/a> tre\u0161dienas pazi\u0146ojum\u0101 sac\u012bja, ka vi\u0146\u0161 &#8220;ofici\u0101li nodos visus attiec\u012bgos lielmeistara Kram\u0146ika publiskos pazi\u0146ojumus &#8211; gan pirms, gan p\u0113c lielmeistara Narodicka tra\u0123isk\u0101s n\u0101ves &#8211; neatkar\u012bgai izskat\u012b\u0161anai FIDE \u0112tikas un disciplin\u0101rlietu komisijai&#8221;.<\/p>\n<p>&#8220;\u0160aha kopiena jau ilgi ciena Kram\u0146ika sasniegumus, un vi\u0146a ieguld\u012bjums m\u016bsu sport\u0101 ir nenoliedzams,&#8221; atz\u012bm\u0113ja Dvorkovi\u010ds.<\/p>\n<p>&#8220;Tom\u0113r tie pa\u0161i augstie standarti, kas pavada lielus sasniegumus, uzliek ar\u012b atbild\u012bbu iev\u0113rot taisn\u012bguma un cie\u0146as principus un b\u016bt par sporta v\u0113stne\u0161iem,&#8221; piebilst FIDE prezidents.<\/p>\n<p>Dvorkovi\u010ds pazi\u0146oja, ka FIDE &#8220;veiks atbilsto\u0161as darb\u012bbas jebkur\u0101 gad\u012bjum\u0101, kad \u0161aha kopien\u0101 tiks nov\u0113rots cie\u0146as tr\u016bkums, publiska vaj\u0101\u0161ana vai iebied\u0113\u0161ana&#8221;.<\/p>\n<p>ASV raidorganiz\u0101cija NBC tre\u0161dien cit\u0113ja Kram\u0146iku, kur\u0161 teica, ka vi\u0146\u0161 ir &#8220;sabiedrisko attiec\u012bbu kampa\u0146as iebied\u0113\u0161anas un apmelo\u0161anas objekts&#8221;.<\/p>\n<p>Raidorganiz\u0101cija zi\u0146oja, ka FIDE pazi\u0146ojumu public\u0113ja p\u0113c tam, kad pasaules lab\u0101kie \u0161ahisti aps\u016bdz\u0113ja Kram\u0146iku par atk\u0101rtotu Narodicka aps\u016bdz\u0113\u0161anu kr\u0101p\u0161an\u0101 tie\u0161saistes sp\u0113\u013cu laik\u0101.<\/p>\n<p>Narodickis 2013. gad\u0101 ieguva lielmeistara statusu 18 gadu vecum\u0101.<\/p>\n<p>P\u0113d\u0113jos gados vi\u0146\u0161 k\u013cuva paz\u012bstams ar savu tie\u0161saistes apm\u0101c\u012bbu cilv\u0113kiem, kuriem \u0161aha sp\u0113l\u0113\u0161ana ir hobijs. Vi\u0146\u0161 bija skolot\u0101js \u0160arlotas \u0160aha centr\u0101, vair\u0101ku gr\u0101matu par \u0161ahu autors un bie\u017ei koment\u0113ja noz\u012bm\u012bgus \u0161aha pas\u0101kumus.<\/p>\n","protected":false},"excerpt":{"rendered":"Narodickis negaid\u012bti nomira \u0161\u012b m\u0113ne\u0161a s\u0101kum\u0101, tikai divas ned\u0113\u013cas pirms savas 30. dzim\u0161anas dienas. N\u0101ves c\u0113lonis netika atkl\u0101ts.&hellip;\n","protected":false},"author":2,"featured_media":29304,"comment_status":"","ping_status":"","sticky":false,"template":"","format":"standard","meta":{"footnotes":""},"categories":[17],"tags":[8987,8832,35,39,38,36,37,34,40,7090,67,8986],"class_list":{"0":"post-29303","1":"post","2":"type-post","3":"status-publish","4":"format-standard","5":"has-post-thumbnail","7":"category-sports","8":"tag-arkadijs-dvorkovics","9":"tag-fide","10":"tag-latvia","11":"tag-latvian","12":"tag-latviesu","13":"tag-latviesu-valoda","14":"tag-latviesuvaloda","15":"tag-latvija","16":"tag-lv","17":"tag-sahs","18":"tag-sports","19":"tag-vladimirs-kramniks"},"share_on_mastodon":{"url":"https:\/\/pubeurope.com\/@lv\/115424251343135468","error":""},"_links":{"self":[{"href":"https:\/\/www.europesays.com\/lv\/wp-json\/wp\/v2\/posts\/29303","targetHints":{"allow":["GET"]}}],"collection":[{"href":"https:\/\/www.europesays.com\/lv\/wp-json\/wp\/v2\/posts"}],"about":[{"href":"https:\/\/www.europesays.com\/lv\/wp-json\/wp\/v2\/types\/post"}],"author":[{"embeddable":true,"href":"https:\/\/www.europesays.com\/lv\/wp-json\/wp\/v2\/users\/2"}],"replies":[{"embeddable":true,"href":"https:\/\/www.europesays.com\/lv\/wp-json\/wp\/v2\/comments?post=29303"}],"version-history":[{"count":0,"href":"https:\/\/www.europesays.com\/lv\/wp-json\/wp\/v2\/posts\/29303\/revisions"}],"wp:featuredmedia":[{"embeddable":true,"href":"https:\/\/www.europesays.com\/lv\/wp-json\/wp\/v2\/media\/29304"}],"wp:attachment":[{"href":"https:\/\/www.europesays.com\/lv\/wp-json\/wp\/v2\/media?parent=29303"}],"wp:term":[{"taxonomy":"category","embeddable":true,"href":"https:\/\/www.europesays.com\/lv\/wp-json\/wp\/v2\/categories?post=29303"},{"taxonomy":"post_tag","embeddable":true,"href":"https:\/\/www.europesays.com\/lv\/wp-json\/wp\/v2\/tags?post=29303"}],"curies":[{"name":"wp","href":"https:\/\/api.w.org\/{rel}","templated":true}]}}