{"id":29315,"date":"2025-10-23T16:00:09","date_gmt":"2025-10-23T16:00:09","guid":{"rendered":"https:\/\/www.europesays.com\/lv\/29315\/"},"modified":"2025-10-23T16:00:09","modified_gmt":"2025-10-23T16:00:09","slug":"31-x-halovina-parade-pinkos","status":"publish","type":"post","link":"https:\/\/www.europesays.com\/lv\/29315\/","title":{"rendered":"31.X Halov\u012bna par\u0101de Pi\u0146\u0137os"},"content":{"rendered":"<p>31.oktobr\u012b plkst.19.00 Pi\u0146\u0137os, Salienas iel\u0101 4, deju skola &#8220;Dance story&#8221; aicina gan pieaugu\u0161os, gan b\u0113rnus uz Halov\u012bna par\u0101di: \u201cN\u0101ciet kost\u012bmos \u2013 skolas\u00a0horeogr\u0101fu vad\u012bb\u0101 iesim cauri Salienas iel\u0101m dejas ritm\u0101 Maikla D\u017eeksona dziesmas \u201cThriller\u201d pavad\u012bjum\u0101.\u00a0P\u0113c tam visus gaid\u012bs &#8220;Dance story&#8221; \u2013 d\u012bd\u017eejs, b\u0113rniem konfektes un \u012bpa\u0161i &#8220;Cozy Corner&#8221; gatavota Halov\u012bna torte.\u00a0Monstru par\u0101de ir jautr\u0101k nek\u0101 klauv\u0113t pie m\u0101j\u0101m un l\u016bgt saldumus. Lai gan ar\u012b konfek\u0161u v\u0101k\u0161ana nekur nepazud\u012bs.\u201d<\/p>\n","protected":false},"excerpt":{"rendered":"31.oktobr\u012b plkst.19.00 Pi\u0146\u0137os, Salienas iel\u0101 4, deju skola &#8220;Dance story&#8221; aicina gan pieaugu\u0161os, gan b\u0113rnus uz Halov\u012bna par\u0101di:&hellip;\n","protected":false},"author":2,"featured_media":29316,"comment_status":"","ping_status":"","sticky":false,"template":"","format":"standard","meta":{"footnotes":""},"categories":[19],"tags":[47,89,90,381,64,35,39,38,36,37,34,40,385,172,382,384,383,21],"class_list":{"0":"post-29315","1":"post","2":"type-post","3":"status-publish","4":"format-standard","5":"has-post-thumbnail","7":"category-izklaide","8":"tag-ekonomika","9":"tag-entertainment","10":"tag-izklaide","11":"tag-jaunumi","12":"tag-kultura","13":"tag-latvia","14":"tag-latvian","15":"tag-latviesu","16":"tag-latviesu-valoda","17":"tag-latviesuvaloda","18":"tag-latvija","19":"tag-lv","20":"tag-pieriga","21":"tag-riga","22":"tag-sabiedriba","23":"tag-sludinajumi","24":"tag-sports-afisa","25":"tag-zinas"},"share_on_mastodon":{"url":"https:\/\/pubeurope.com\/@lv\/115424318121728264","error":""},"_links":{"self":[{"href":"https:\/\/www.europesays.com\/lv\/wp-json\/wp\/v2\/posts\/29315","targetHints":{"allow":["GET"]}}],"collection":[{"href":"https:\/\/www.europesays.com\/lv\/wp-json\/wp\/v2\/posts"}],"about":[{"href":"https:\/\/www.europesays.com\/lv\/wp-json\/wp\/v2\/types\/post"}],"author":[{"embeddable":true,"href":"https:\/\/www.europesays.com\/lv\/wp-json\/wp\/v2\/users\/2"}],"replies":[{"embeddable":true,"href":"https:\/\/www.europesays.com\/lv\/wp-json\/wp\/v2\/comments?post=29315"}],"version-history":[{"count":0,"href":"https:\/\/www.europesays.com\/lv\/wp-json\/wp\/v2\/posts\/29315\/revisions"}],"wp:featuredmedia":[{"embeddable":true,"href":"https:\/\/www.europesays.com\/lv\/wp-json\/wp\/v2\/media\/29316"}],"wp:attachment":[{"href":"https:\/\/www.europesays.com\/lv\/wp-json\/wp\/v2\/media?parent=29315"}],"wp:term":[{"taxonomy":"category","embeddable":true,"href":"https:\/\/www.europesays.com\/lv\/wp-json\/wp\/v2\/categories?post=29315"},{"taxonomy":"post_tag","embeddable":true,"href":"https:\/\/www.europesays.com\/lv\/wp-json\/wp\/v2\/tags?post=29315"}],"curies":[{"name":"wp","href":"https:\/\/api.w.org\/{rel}","templated":true}]}}