{"id":29321,"date":"2025-10-23T16:09:08","date_gmt":"2025-10-23T16:09:08","guid":{"rendered":"https:\/\/www.europesays.com\/lv\/29321\/"},"modified":"2025-10-23T16:09:08","modified_gmt":"2025-10-23T16:09:08","slug":"eiropai-tuvojas-ekstremi-laikapstakli-jauns-lv","status":"publish","type":"post","link":"https:\/\/www.europesays.com\/lv\/29321\/","title":{"rendered":"Eiropai tuvojas ekstr\u0113mi laikapst\u0101k\u013ci &#8211; Jauns.lv"},"content":{"rendered":"<ol>\n<li><a href=\"https:\/\/news.google.com\/rss\/articles\/CBMiggFBVV95cUxPNE5xMjBCRDBiSHVYclp6ekR2akU4VEdDS0Q4bVZkUVpiVmZOWm52azZYY0gtamx3OXZ1THo4enBQamM2S0VoODFfdDdJd3JXbFpheFJwM0pEdnBZNTdaalE5RklGTl9POUdKbVlEZ0x5SUoyVU9wdVRfT016blNvSzJ3?oc=5\" target=\"_blank\" rel=\"nofollow noopener\">Eiropai tuvojas ekstr\u0113mi laikapst\u0101k\u013ci<\/a>&nbsp;&nbsp;Jauns.lv<\/li>\n<li><a href=\"https:\/\/news.google.com\/rss\/articles\/CBMipgFBVV95cUxNQUhJSDVLTFhjN1ZJbzBxakJKRzl3dTlsRDVkSktsQUU4a2p3TmlELTVnVkdmYTNwTWwtdGxLaUNsd0hkT0Eydmo4Zm1ValJMUWU2aEpCZVlxbnh1b2NXNlhFbkpRRmFBa3dtLWd2a2JjS2Y2Vlo4VUNjSElGSUllY3hSV01KeUllQk4yN3NuRWpRdW93RVNMZ282ZUNOVHFqNGlQVHFn?oc=5\" target=\"_blank\" rel=\"nofollow noopener\">Eiropai tuvojas v\u0113tra: gaid\u0101mi pl\u016bdi, \u0113ku boj\u0101jumi un satiksmes trauc\u0113jumi<\/a>&nbsp;&nbsp;NRA<\/li>\n<li><a href=\"https:\/\/news.google.com\/rss\/articles\/CBMi3AFBVV95cUxObTlSYzBSbkxiMG9UMHVqcm5nNGtjUVFjY3RleWcyU2JNTmVpVml4QVZKY1RjbWhRaXFiZjhPSG5XRkhmQmN4cENDQlBhRjhZRkFJaVVUZE9LYXNJd0pKZlJQc3F4S0RGME12NjRWbHk3NXZiS1NaOWVvM2hXSHd0Ym1PbzExUXdsU2hMMUJZZmQxUTBEQWUyRGVyWGgzWmtYVTZ4T2tCLTdVcVNJVWZLSHVCUXdZYnNnclJ1Z2M5bTY4X1lyejJGdFZrc0UzOXNPRUlPOHhySXhyZ0RG?oc=5\" target=\"_blank\" rel=\"nofollow noopener\">V\u0113tra Benjamin: Versa\u013cas pils sl\u0113dz savus parkus un d\u0101rzus ceturtdien, 23. oktobr\u012b<\/a>&nbsp;&nbsp;Sortir \u00e0 Paris<\/li>\n<li><a href=\"https:\/\/news.google.com\/rss\/articles\/CBMi6wFBVV95cUxPeTVoUGVBMWg1c1FXMXZ2T29sdmVyY3U5X1VqOXJZS1RhVzZpRVVjb3UybEYwQzFVSWh3aVdMNXhxT0xLa21DQjh0R0NSWHZ3Wkd1akljZnFySmdoc1owYU80WnV2V2szNFRQQ1FGSndid1BEUTlaVHFURzVMSGZ0RnMzd2dsb2EyNl9qcnY4eGtRNDVTVWlQZ2ViN1VPcVFicHdGUzhLREdxanVOVXdUTVhrbU1ub1lqQzB0MmdLRjRzSGtSeWdURFRabjdfREgxUVdBbU0xald1TTF3d0o4VEpNTUs4RldJalNr?oc=5\" target=\"_blank\" rel=\"nofollow noopener\">V\u0113tra Benjamin Francij\u0101 ceturtdien, prognozes un trauc\u0113jumi Par\u012bz\u0113 un \u00cele-de-France re\u0123ion\u0101<\/a>&nbsp;&nbsp;Sortir \u00e0 Paris<\/li>\n<li><a href=\"https:\/\/news.google.com\/rss\/articles\/CBMi4gFBVV95cUxOeW1oZnM4Uzdja2VDN1ZIRXlaOFpxZ281eFFZTmhHV2w5SnlCanBvaFVtWTA3RS13djlNcWpSd1FIdWtjdE42bW80aFRJTmtaU1pvSVhtSGRDb2xSNlNCUXRwZl9DeVZ3djZBRHJMcWpTMVROZ19kUlljdkU0am5JNWtDbmpicUZ1clRtZE9kOHVPcjJBb0dYR2JhcUZObm1DdjZ2NzRTUlJrR29Wc0xSQVpSLVNrUWdhOEdMSW5tTDB1LVctOGt2allCZHV2MVBzRzRkY003MVctcmxEWVZvZXJn?oc=5\" target=\"_blank\" rel=\"nofollow noopener\">Jardin d&#8217;Acclimatation \u0161odien, ceturtdien, ir sl\u0113gts sakar\u0101 ar meteorolo\u0123isko br\u012bdin\u0101jumu.<\/a>&nbsp;&nbsp;Sortir \u00e0 Paris<\/li>\n<\/ol>\n","protected":false},"excerpt":{"rendered":"Eiropai tuvojas ekstr\u0113mi laikapst\u0101k\u013ci&nbsp;&nbsp;Jauns.lv Eiropai tuvojas v\u0113tra: gaid\u0101mi pl\u016bdi, \u0113ku boj\u0101jumi un satiksmes trauc\u0113jumi&nbsp;&nbsp;NRA V\u0113tra Benjamin: Versa\u013cas pils&hellip;\n","protected":false},"author":2,"featured_media":29322,"comment_status":"","ping_status":"","sticky":false,"template":"","format":"standard","meta":{"footnotes":""},"categories":[14],"tags":[23,57,28,29,32,33,22,30,31,35,39,38,36,37,34,40,20,26,27,24,25,54,55,56,21,58],"class_list":{"0":"post-29321","1":"post","2":"type-post","3":"status-publish","4":"format-standard","5":"has-post-thumbnail","7":"category-zinas-no-arvalstim","8":"tag-aktualitates","9":"tag-arvalstim","10":"tag-breaking-news","11":"tag-breakingnews","12":"tag-featured-news","13":"tag-featurednews","14":"tag-headlines","15":"tag-latest-news","16":"tag-latestnews","17":"tag-latvia","18":"tag-latvian","19":"tag-latviesu","20":"tag-latviesu-valoda","21":"tag-latviesuvaloda","22":"tag-latvija","23":"tag-lv","24":"tag-news","25":"tag-popularakas-zinas","26":"tag-popularakaszinas","27":"tag-top-stories","28":"tag-topstories","29":"tag-world","30":"tag-world-news","31":"tag-worldnews","32":"tag-zinas","33":"tag-zinas-no-arvalstim"},"share_on_mastodon":{"url":"https:\/\/pubeurope.com\/@lv\/115424353594896967","error":""},"_links":{"self":[{"href":"https:\/\/www.europesays.com\/lv\/wp-json\/wp\/v2\/posts\/29321","targetHints":{"allow":["GET"]}}],"collection":[{"href":"https:\/\/www.europesays.com\/lv\/wp-json\/wp\/v2\/posts"}],"about":[{"href":"https:\/\/www.europesays.com\/lv\/wp-json\/wp\/v2\/types\/post"}],"author":[{"embeddable":true,"href":"https:\/\/www.europesays.com\/lv\/wp-json\/wp\/v2\/users\/2"}],"replies":[{"embeddable":true,"href":"https:\/\/www.europesays.com\/lv\/wp-json\/wp\/v2\/comments?post=29321"}],"version-history":[{"count":0,"href":"https:\/\/www.europesays.com\/lv\/wp-json\/wp\/v2\/posts\/29321\/revisions"}],"wp:featuredmedia":[{"embeddable":true,"href":"https:\/\/www.europesays.com\/lv\/wp-json\/wp\/v2\/media\/29322"}],"wp:attachment":[{"href":"https:\/\/www.europesays.com\/lv\/wp-json\/wp\/v2\/media?parent=29321"}],"wp:term":[{"taxonomy":"category","embeddable":true,"href":"https:\/\/www.europesays.com\/lv\/wp-json\/wp\/v2\/categories?post=29321"},{"taxonomy":"post_tag","embeddable":true,"href":"https:\/\/www.europesays.com\/lv\/wp-json\/wp\/v2\/tags?post=29321"}],"curies":[{"name":"wp","href":"https:\/\/api.w.org\/{rel}","templated":true}]}}