{"id":29333,"date":"2025-10-23T16:19:14","date_gmt":"2025-10-23T16:19:14","guid":{"rendered":"https:\/\/www.europesays.com\/lv\/29333\/"},"modified":"2025-10-23T16:19:14","modified_gmt":"2025-10-23T16:19:14","slug":"no-visam-fiba-sacensibam-diskvalificets-bijusais-ventspils-un-rytas-speletajs","status":"publish","type":"post","link":"https:\/\/www.europesays.com\/lv\/29333\/","title":{"rendered":"No vis\u0101m FIBA sacens\u012bb\u0101m diskvalific\u0113ts biju\u0161ais \u201cVentspils\u201d un \u201cRytas\u201d sp\u0113l\u0113t\u0101js"},"content":{"rendered":"<p>                                <img decoding=\"async\" fetchpriority=\"high\" src=\"https:\/\/www.europesays.com\/lv\/wp-content\/uploads\/2025\/10\/toms-lekuns-sportazinas-com-750x450.jpg\"   alt=\"Toms Lek\u016bns\" class=\"post-featured-image\"\/><\/p>\n<p>Toms Lek\u016bns | Foto: D\u0101vis Lejasmeiers<\/p>\n<p>Lietuvie\u0161u basketbolists <a href=\"http:\/\/sportazinas.com\/atsl%C4%93gv%C4%81rdi\/toms-lekuns\" rel=\"nofollow noopener\" target=\"_blank\">Toms Lek\u016bns<\/a> diskvalific\u0113ts uz vienu gadu no vis\u0101m Starptautisk\u0101s basketbola feder\u0101cija (FIBA) sacens\u012bb\u0101m, <a href=\"https:\/\/www.lrytas.lt\/sportas\/krepsinis\/2025\/10\/23\/news\/rungtyniu-rezultatais-manipuliavusiam-krepsininkui-tomui-lekunui-fiba-diskvalifikacija-40015983\" target=\"_blank\" rel=\"noreferrer noopener nofollow\">v\u0113sta<\/a> medijs \u201cLRytas\u201d.<\/p>\n<p>\u0160\u012b gada 23. septembr\u012b Lietuvas nacion\u0101l\u0101s basketbola l\u012bgas (NKL) jeb p\u0113c sp\u0113ka otr\u0101s l\u012bgas Disciplin\u0101r\u0101 komit\u0113ja p\u0113c lietas izskat\u012b\u0161anas par iesp\u0113jamo sp\u0113\u013cu sarun\u0101\u0161anu pazi\u0146oja, ka Lek\u016bns kop\u0101 ar v\u0113l vienu lietuvieti Aurimu Urbonu piedal\u012bjies sp\u0113\u013cu rezult\u0101tu ietekm\u0113\u0161ana.<\/p>\n<p>Ja s\u0101kotn\u0113ji Lek\u016bnam tika piespriests naudas sods 500 eiro apm\u0113r\u0101 un diskvalifik\u0101cija no NKL uz vienu gadu, tad vakar, 22. oktobr\u012b sankcijas tika papla\u0161in\u0101tas uz visiem FIBA organiz\u0113tajiem turn\u012briem. Pats Lek\u016bns l\u0113mumu nep\u0101rs\u016bdz\u0113ja, l\u012bdz ar to tas ir st\u0101jies sp\u0113k\u0101 un gadu vi\u0146am b\u016bs j\u0101iztiek bez basketbola.<\/p>\n<p>K\u0101 nor\u0101d\u012bts lietas materi\u0101los, tad izmekl\u0113\u0161anas laik\u0101 tika analiz\u0113ti dati par aizdom\u012bg\u0101m likm\u0113m, sp\u0113l\u0113t\u0101ja uzved\u012bba ma\u010du laik\u0101, k\u0101 ar\u012b vi\u0146a sniegtie skaidrojumi.<\/p>\n<p>J\u0101atg\u0101dina, ka pag\u0101ju\u0161\u0101s sezonas laik\u0101 Lek\u016bns pievienoj\u0101s \u201cVentspils\u201d komandai, kuras rind\u0101s vi\u0146\u0161 ar\u012b pabeidza sezonu. Pirms tam vi\u0146\u0161 visu karjeru sp\u0113l\u0113ja Lietuv\u0101, p\u0101rst\u0101vot gan NKL, gan Lietuvas basketbola l\u012bgas (LKL) vien\u012bbas, taj\u0101 skait\u0101 Vi\u013c\u0146as \u201cRytas\u201d.<\/p>\n","protected":false},"excerpt":{"rendered":"Toms Lek\u016bns | Foto: D\u0101vis Lejasmeiers Lietuvie\u0161u basketbolists Toms Lek\u016bns diskvalific\u0113ts uz vienu gadu no vis\u0101m Starptautisk\u0101s basketbola&hellip;\n","protected":false},"author":2,"featured_media":29334,"comment_status":"","ping_status":"","sticky":false,"template":"","format":"standard","meta":{"footnotes":""},"categories":[17],"tags":[35,39,38,36,37,34,40,67],"class_list":{"0":"post-29333","1":"post","2":"type-post","3":"status-publish","4":"format-standard","5":"has-post-thumbnail","7":"category-sports","8":"tag-latvia","9":"tag-latvian","10":"tag-latviesu","11":"tag-latviesu-valoda","12":"tag-latviesuvaloda","13":"tag-latvija","14":"tag-lv","15":"tag-sports"},"share_on_mastodon":{"url":"https:\/\/pubeurope.com\/@lv\/115424393226455025","error":""},"_links":{"self":[{"href":"https:\/\/www.europesays.com\/lv\/wp-json\/wp\/v2\/posts\/29333","targetHints":{"allow":["GET"]}}],"collection":[{"href":"https:\/\/www.europesays.com\/lv\/wp-json\/wp\/v2\/posts"}],"about":[{"href":"https:\/\/www.europesays.com\/lv\/wp-json\/wp\/v2\/types\/post"}],"author":[{"embeddable":true,"href":"https:\/\/www.europesays.com\/lv\/wp-json\/wp\/v2\/users\/2"}],"replies":[{"embeddable":true,"href":"https:\/\/www.europesays.com\/lv\/wp-json\/wp\/v2\/comments?post=29333"}],"version-history":[{"count":0,"href":"https:\/\/www.europesays.com\/lv\/wp-json\/wp\/v2\/posts\/29333\/revisions"}],"wp:featuredmedia":[{"embeddable":true,"href":"https:\/\/www.europesays.com\/lv\/wp-json\/wp\/v2\/media\/29334"}],"wp:attachment":[{"href":"https:\/\/www.europesays.com\/lv\/wp-json\/wp\/v2\/media?parent=29333"}],"wp:term":[{"taxonomy":"category","embeddable":true,"href":"https:\/\/www.europesays.com\/lv\/wp-json\/wp\/v2\/categories?post=29333"},{"taxonomy":"post_tag","embeddable":true,"href":"https:\/\/www.europesays.com\/lv\/wp-json\/wp\/v2\/tags?post=29333"}],"curies":[{"name":"wp","href":"https:\/\/api.w.org\/{rel}","templated":true}]}}