{"id":29349,"date":"2025-10-23T16:47:10","date_gmt":"2025-10-23T16:47:10","guid":{"rendered":"https:\/\/www.europesays.com\/lv\/29349\/"},"modified":"2025-10-23T16:47:10","modified_gmt":"2025-10-23T16:47:10","slug":"noslegusies-pirma-personibas-akademija-sporta-skolotajiem","status":"publish","type":"post","link":"https:\/\/www.europesays.com\/lv\/29349\/","title":{"rendered":"Nosl\u0113gusies pirm\u0101 Person\u012bbas akad\u0113mija sporta skolot\u0101jiem"},"content":{"rendered":"<p>Person\u012bbas akad\u0113mij\u0101 uzst\u0101j\u0101s \u0101rsts-psihoterapeits Art\u016brs Miksons, daloties ar praktiskiem padomiem, k\u0101 nenon\u0101kt uz izdeg\u0161anas sliek\u0161\u0146a un atpaz\u012bt t\u0101s tuvo\u0161anos,\u00a0 Latvijas Olimpisk\u0101s vien\u012bbas sporta \u0101rsts J\u0101nis Kaupe, NovoFutura valdes priek\u0161s\u0113d\u0113t\u0101js Aleksandrs \u013bubinskis par m\u0101ksl\u012bg\u0101 intelekta r\u012bkiem un k\u0101 tos izmantot ikdienas darb\u0101, izaugsmes meto\u017eu un neform\u0101l\u0101s izgl\u012bt\u012bbas trenere Krist\u012bne Vilc\u0101ne par paaud\u017eu at\u0161\u0137ir\u012bb\u0101m, Rimi Latvija uztura speci\u0101liste Viktorija Jansone, anim\u0101cijas filmas \u201cStraume\u2018 producents Mat\u012bss Ka\u017ea, Olimpie\u0161i Tomass Dukurs un Andris \u0160ics un citi savas jomas profesion\u0101\u013ci.\u00a0<\/p>\n","protected":false},"excerpt":{"rendered":"Person\u012bbas akad\u0113mij\u0101 uzst\u0101j\u0101s \u0101rsts-psihoterapeits Art\u016brs Miksons, daloties ar praktiskiem padomiem, k\u0101 nenon\u0101kt uz izdeg\u0161anas sliek\u0161\u0146a un atpaz\u012bt t\u0101s&hellip;\n","protected":false},"author":2,"featured_media":29350,"comment_status":"","ping_status":"","sticky":false,"template":"","format":"standard","meta":{"footnotes":""},"categories":[5],"tags":[23,28,29,32,33,22,30,31,35,39,38,36,37,34,40,20,26,27,24,25,21],"class_list":{"0":"post-29349","1":"post","2":"type-post","3":"status-publish","4":"format-standard","5":"has-post-thumbnail","7":"category-aktualitates","8":"tag-aktualitates","9":"tag-breaking-news","10":"tag-breakingnews","11":"tag-featured-news","12":"tag-featurednews","13":"tag-headlines","14":"tag-latest-news","15":"tag-latestnews","16":"tag-latvia","17":"tag-latvian","18":"tag-latviesu","19":"tag-latviesu-valoda","20":"tag-latviesuvaloda","21":"tag-latvija","22":"tag-lv","23":"tag-news","24":"tag-popularakas-zinas","25":"tag-popularakaszinas","26":"tag-top-stories","27":"tag-topstories","28":"tag-zinas"},"share_on_mastodon":{"url":"https:\/\/pubeurope.com\/@lv\/115424502952302601","error":""},"_links":{"self":[{"href":"https:\/\/www.europesays.com\/lv\/wp-json\/wp\/v2\/posts\/29349","targetHints":{"allow":["GET"]}}],"collection":[{"href":"https:\/\/www.europesays.com\/lv\/wp-json\/wp\/v2\/posts"}],"about":[{"href":"https:\/\/www.europesays.com\/lv\/wp-json\/wp\/v2\/types\/post"}],"author":[{"embeddable":true,"href":"https:\/\/www.europesays.com\/lv\/wp-json\/wp\/v2\/users\/2"}],"replies":[{"embeddable":true,"href":"https:\/\/www.europesays.com\/lv\/wp-json\/wp\/v2\/comments?post=29349"}],"version-history":[{"count":0,"href":"https:\/\/www.europesays.com\/lv\/wp-json\/wp\/v2\/posts\/29349\/revisions"}],"wp:featuredmedia":[{"embeddable":true,"href":"https:\/\/www.europesays.com\/lv\/wp-json\/wp\/v2\/media\/29350"}],"wp:attachment":[{"href":"https:\/\/www.europesays.com\/lv\/wp-json\/wp\/v2\/media?parent=29349"}],"wp:term":[{"taxonomy":"category","embeddable":true,"href":"https:\/\/www.europesays.com\/lv\/wp-json\/wp\/v2\/categories?post=29349"},{"taxonomy":"post_tag","embeddable":true,"href":"https:\/\/www.europesays.com\/lv\/wp-json\/wp\/v2\/tags?post=29349"}],"curies":[{"name":"wp","href":"https:\/\/api.w.org\/{rel}","templated":true}]}}