{"id":29351,"date":"2025-10-23T16:52:11","date_gmt":"2025-10-23T16:52:11","guid":{"rendered":"https:\/\/www.europesays.com\/lv\/29351\/"},"modified":"2025-10-23T16:52:11","modified_gmt":"2025-10-23T16:52:11","slug":"daiga-mierina-valsts-valodai-veltitas-debates-valoda-ir-valsts-un-valsts-esam-mes-katrs","status":"publish","type":"post","link":"https:\/\/www.europesays.com\/lv\/29351\/","title":{"rendered":"Daiga Mieri\u0146a valsts valodai velt\u012bt\u0101s debat\u0113s: valoda ir valsts, un valsts esam m\u0113s katrs"},"content":{"rendered":"<p>\t\t\t(23.10.2025.)\n\t\t<\/p>\n<p>\t\t\t\t\t<img decoding=\"async\" src=\"https:\/\/www.europesays.com\/lv\/wp-content\/uploads\/2025\/10\/Bhv2kA.jpg\" alt=\"\"\/>\t\t\t\t<\/p>\n<p>\u201cValoda ir priek\u0161noteikums, lai veidotos valsts. Valoda veido kopumu, kas liek justies pieder\u012bgiem. Valoda ir valsts, un valsts esam m\u0113s katrs. T\u0101p\u0113c tas, k\u0101da ir m\u016bsu valoda, par\u0101da to, k\u0101da ir m\u016bsu valsts,\u201d pauda Saeimas priek\u0161s\u0113d\u0113t\u0101ja Daiga Mieri\u0146a ceturtdien, 23.oktobr\u012b, Saeimas s\u0113d\u0113 uzrun\u0101jot kl\u0101teso\u0161os p\u0113c Ministru kabineta\u00a0<a href=\"https:\/\/titania.saeima.lv\/LIVS14\/saeimalivs_lmp.nsf\/0\/2EAEAEB7A4BBA2AFC2258D090046D23B?OpenDocument\" target=\"_blank\" rel=\"nofollow noopener\">zi\u0146ojuma<\/a>\u00a0par paveikto un iecer\u0113to darb\u012bbu valsts valodas saglab\u0101\u0161anai, aizsardz\u012bbai, att\u012bst\u012b\u0161anai un ietekmes palielin\u0101\u0161anai.<\/p>\n<p>Saeimas priek\u0161s\u0113d\u0113t\u0101ja uzsv\u0113ra valodas lomu iek\u0161\u0113j\u0101s dro\u0161\u012bbas stiprin\u0101\u0161an\u0101, nor\u0101dot, ka m\u016bsu polariz\u0113taj\u0101 sabiedr\u012bb\u0101 valoda k\u013cuvusi ar\u012b par ieroci, kas \u0161\u0137e\u013c, nevis vieno.<\/p>\n<p>Saeimas priek\u0161s\u0113d\u0113t\u0101ja akcent\u0113ja \u2013 ir mald\u012bgi dom\u0101t, ka tikai \u0101r\u0113jie faktori sp\u0113j ietekm\u0113t latvie\u0161u valodas dz\u012bvotsp\u0113ju n\u0101kotn\u0113. \u201cGalvenok\u0101rt, tas ir atkar\u012bgs no mums pa\u0161iem, cik r\u016bp\u012bgi un apzin\u012bgi iztur\u0113simies pret savu valodu, k\u0101 ar\u012b, cik konsekventa b\u016bs m\u016bsu r\u012bc\u012bba attiec\u012bb\u0101 uz valodas politiku turpm\u0101k,\u201d pauda Saeimas priek\u0161s\u0113d\u0113t\u0101ja, aicinot stiprin\u0101t valsts valodas presti\u017eu.<\/p>\n<p>D.Mieri\u0146a atz\u012bm\u0113ja, ka mums visiem ir j\u0101str\u0101d\u0101 pie latvie\u0161u valodas apguves visos l\u012bme\u0146os. \u201cB\u016btiski atcer\u0113ties, ka valodu veidojam \u0123imen\u0113 un tas, k\u0101 vec\u0101ki, vecvec\u0101ki, pieaugu\u0161ie run\u0101 ar b\u0113rnu, k\u013c\u016bst par jaunie\u0161u balsi ar\u012b skol\u0101. \u0160\u016bpu\u013cdziesmas, pasakas, dzeja, m\u016bzika \u2013 t\u0101s ir v\u0113rt\u012bbas latvie\u0161u valod\u0101, ko varam nodot m\u016bsu b\u0113rniem jau no mazotnes. T\u0101p\u0113c tikpat svar\u012bgi ir str\u0101d\u0101t pie digit\u0101l\u0101 satura, kas ir ne maz\u0101k izklaid\u0113jo\u0161s, bet ar\u012b izgl\u012btojo\u0161s visu vecumu grup\u0101m, ar\u012b skolas vecuma b\u0113rniem,\u201d pauda Saeimas priek\u0161s\u0113d\u0113t\u0101ja.<\/p>\n<p>T\u0101pat D.Mieri\u0146a akcent\u0113ja, ka b\u016btisks priek\u0161noteikums latvie\u0161u valodas att\u012bst\u012bbai ir zin\u0101tne \u2013 pateicoties aizst\u0101v\u0113taj\u0101m disert\u0101cij\u0101m, m\u016bsu valod\u0101 ien\u0101k ar\u012b aizvien jauni termini, kas nodro\u0161ina valodas konkur\u0113tsp\u0113ju.<\/p>\n<p>\u201cKopsim savu valodu, lai t\u0101 ir v\u0113rt\u012bba k\u0101 mums pa\u0161iem, t\u0101 ar\u012b n\u0101kamaj\u0101m paaudz\u0113m,\u201d runas nosl\u0113gum\u0101 aicin\u0101ja Saeimas priek\u0161s\u0113d\u0113t\u0101ja.<\/p>\n<p>Par valodas jaut\u0101jumiem Saeimas 23.oktobra s\u0113d\u0113 zi\u0146oja Izgl\u012bt\u012bbas un zin\u0101tnes ministre Dace Melb\u0101rde, un parlament\u0101 \u0161\u0101ds zi\u0146ojums tika sniegts pirmo reizi.<\/p>\n<p>\u00a0<\/p>\n<p>Foto no Saeimas 23.oktobra s\u0113des:\u00a0<a href=\"https:\/\/www.flickr.com\/photos\/saeima\/albums\/72177720329858148\" target=\"_blank\" rel=\"nofollow noopener\">https:\/\/www.flickr.com\/photos\/saeima\/albums\/72177720329858148<br \/><\/a>Izmanto\u0161anas noteikumi:\u00a0<a href=\"https:\/\/www.saeima.lv\/lv\/autortiesibas\" rel=\"nofollow noopener\" target=\"_blank\">https:\/\/www.saeima.lv\/lv\/autortiesibas<\/a><\/p>\n<p>Saeimas Preses dienests<\/p>\n","protected":false},"excerpt":{"rendered":"(23.10.2025.) \u201cValoda ir priek\u0161noteikums, lai veidotos valsts. Valoda veido kopumu, kas liek justies pieder\u012bgiem. Valoda ir valsts, un&hellip;\n","protected":false},"author":2,"featured_media":29352,"comment_status":"","ping_status":"","sticky":false,"template":"","format":"standard","meta":{"footnotes":""},"categories":[12],"tags":[23,28,29,32,33,22,30,31,35,39,38,36,37,34,40,20,26,27,24,25,21],"class_list":{"0":"post-29351","1":"post","2":"type-post","3":"status-publish","4":"format-standard","5":"has-post-thumbnail","7":"category-latvija","8":"tag-aktualitates","9":"tag-breaking-news","10":"tag-breakingnews","11":"tag-featured-news","12":"tag-featurednews","13":"tag-headlines","14":"tag-latest-news","15":"tag-latestnews","16":"tag-latvia","17":"tag-latvian","18":"tag-latviesu","19":"tag-latviesu-valoda","20":"tag-latviesuvaloda","21":"tag-latvija","22":"tag-lv","23":"tag-news","24":"tag-popularakas-zinas","25":"tag-popularakaszinas","26":"tag-top-stories","27":"tag-topstories","28":"tag-zinas"},"share_on_mastodon":{"url":"https:\/\/pubeurope.com\/@lv\/115424522629852186","error":""},"_links":{"self":[{"href":"https:\/\/www.europesays.com\/lv\/wp-json\/wp\/v2\/posts\/29351","targetHints":{"allow":["GET"]}}],"collection":[{"href":"https:\/\/www.europesays.com\/lv\/wp-json\/wp\/v2\/posts"}],"about":[{"href":"https:\/\/www.europesays.com\/lv\/wp-json\/wp\/v2\/types\/post"}],"author":[{"embeddable":true,"href":"https:\/\/www.europesays.com\/lv\/wp-json\/wp\/v2\/users\/2"}],"replies":[{"embeddable":true,"href":"https:\/\/www.europesays.com\/lv\/wp-json\/wp\/v2\/comments?post=29351"}],"version-history":[{"count":0,"href":"https:\/\/www.europesays.com\/lv\/wp-json\/wp\/v2\/posts\/29351\/revisions"}],"wp:featuredmedia":[{"embeddable":true,"href":"https:\/\/www.europesays.com\/lv\/wp-json\/wp\/v2\/media\/29352"}],"wp:attachment":[{"href":"https:\/\/www.europesays.com\/lv\/wp-json\/wp\/v2\/media?parent=29351"}],"wp:term":[{"taxonomy":"category","embeddable":true,"href":"https:\/\/www.europesays.com\/lv\/wp-json\/wp\/v2\/categories?post=29351"},{"taxonomy":"post_tag","embeddable":true,"href":"https:\/\/www.europesays.com\/lv\/wp-json\/wp\/v2\/tags?post=29351"}],"curies":[{"name":"wp","href":"https:\/\/api.w.org\/{rel}","templated":true}]}}