{"id":29357,"date":"2025-10-23T17:01:11","date_gmt":"2025-10-23T17:01:11","guid":{"rendered":"https:\/\/www.europesays.com\/lv\/29357\/"},"modified":"2025-10-23T17:01:11","modified_gmt":"2025-10-23T17:01:11","slug":"1-2-xi-nakotnes-ligas-un-sieviesu-ligas-speles-futbola-salaspili-un-olaine","status":"publish","type":"post","link":"https:\/\/www.europesays.com\/lv\/29357\/","title":{"rendered":"1.-2.XI N\u0101kotnes l\u012bgas un Sievie\u0161u l\u012bgas sp\u0113les futbol\u0101 Salaspil\u012b un Olain\u0113"},"content":{"rendered":"<p>1.novembr\u012b plkst.13.00 notiks divas Latvijas futbola pirm\u0101s jeb N\u0101kotnes l\u012bgas priek\u0161p\u0113d\u0113j\u0101s k\u0101rtas sp\u0113les \u2013 Salaspil\u012b sacent\u012bsies \u201cOgre United\u201d un Skanstes sporta kluba futbolisti, bet Olain\u0113 Apvienot\u0101s futbola akad\u0113mijas \u201cOlaine\u201d un \u201cLeevon PPK\u201d komandas. 2.novembr\u012b plkst.14.00 Olaines stadion\u0101 sezonas p\u0113d\u0113jo m\u0101jas sp\u0113li Sievie\u0161u l\u012bgas turn\u012br\u0101 aizvad\u012bs futbola klubu \u201cIecava\u201d un \u201cOlaine\u201d apvienot\u0101 komanda, kuras pretinieces b\u016bs \u0136ekavas \u201cAudas\u201d futbolistes.<\/p>\n","protected":false},"excerpt":{"rendered":"1.novembr\u012b plkst.13.00 notiks divas Latvijas futbola pirm\u0101s jeb N\u0101kotnes l\u012bgas priek\u0161p\u0113d\u0113j\u0101s k\u0101rtas sp\u0113les \u2013 Salaspil\u012b sacent\u012bsies \u201cOgre United\u201d&hellip;\n","protected":false},"author":2,"featured_media":29358,"comment_status":"","ping_status":"","sticky":false,"template":"","format":"standard","meta":{"footnotes":""},"categories":[17],"tags":[47,381,64,35,39,38,36,37,34,40,385,172,382,384,67,383,21],"class_list":{"0":"post-29357","1":"post","2":"type-post","3":"status-publish","4":"format-standard","5":"has-post-thumbnail","7":"category-sports","8":"tag-ekonomika","9":"tag-jaunumi","10":"tag-kultura","11":"tag-latvia","12":"tag-latvian","13":"tag-latviesu","14":"tag-latviesu-valoda","15":"tag-latviesuvaloda","16":"tag-latvija","17":"tag-lv","18":"tag-pieriga","19":"tag-riga","20":"tag-sabiedriba","21":"tag-sludinajumi","22":"tag-sports","23":"tag-sports-afisa","24":"tag-zinas"},"share_on_mastodon":{"url":"https:\/\/pubeurope.com\/@lv\/115424558044459338","error":""},"_links":{"self":[{"href":"https:\/\/www.europesays.com\/lv\/wp-json\/wp\/v2\/posts\/29357","targetHints":{"allow":["GET"]}}],"collection":[{"href":"https:\/\/www.europesays.com\/lv\/wp-json\/wp\/v2\/posts"}],"about":[{"href":"https:\/\/www.europesays.com\/lv\/wp-json\/wp\/v2\/types\/post"}],"author":[{"embeddable":true,"href":"https:\/\/www.europesays.com\/lv\/wp-json\/wp\/v2\/users\/2"}],"replies":[{"embeddable":true,"href":"https:\/\/www.europesays.com\/lv\/wp-json\/wp\/v2\/comments?post=29357"}],"version-history":[{"count":0,"href":"https:\/\/www.europesays.com\/lv\/wp-json\/wp\/v2\/posts\/29357\/revisions"}],"wp:featuredmedia":[{"embeddable":true,"href":"https:\/\/www.europesays.com\/lv\/wp-json\/wp\/v2\/media\/29358"}],"wp:attachment":[{"href":"https:\/\/www.europesays.com\/lv\/wp-json\/wp\/v2\/media?parent=29357"}],"wp:term":[{"taxonomy":"category","embeddable":true,"href":"https:\/\/www.europesays.com\/lv\/wp-json\/wp\/v2\/categories?post=29357"},{"taxonomy":"post_tag","embeddable":true,"href":"https:\/\/www.europesays.com\/lv\/wp-json\/wp\/v2\/tags?post=29357"}],"curies":[{"name":"wp","href":"https:\/\/api.w.org\/{rel}","templated":true}]}}