{"id":29363,"date":"2025-10-23T17:06:27","date_gmt":"2025-10-23T17:06:27","guid":{"rendered":"https:\/\/www.europesays.com\/lv\/29363\/"},"modified":"2025-10-23T17:06:27","modified_gmt":"2025-10-23T17:06:27","slug":"latvija-mostas-jauna-kulturas-perle-ko-seit-apskatit-un-izbaudit-santa","status":"publish","type":"post","link":"https:\/\/www.europesays.com\/lv\/29363\/","title":{"rendered":"Latvij\u0101 mostas jauna kult\u016bras p\u0113rle. Ko \u0161eit apskat\u012bt un izbaud\u012bt? \u2014 Santa"},"content":{"rendered":"<p>\t\t\t\tM\u0101kslinieku rezidence SERDE<\/p>\n<p>\u00a0<\/p>\n<p>        <a href=\"https:\/\/www.europesays.com\/lv\/wp-content\/uploads\/2025\/10\/3607448d984e.jpg\"><img decoding=\"async\" alt=\"\" class=\"no-convert\" src=\"https:\/\/www.europesays.com\/lv\/wp-content\/uploads\/2025\/10\/3607448d984e.jpg\"\/><\/a><\/p>\n<p> Foto: Alvis Rozenbergs<\/p>\n<p>\u00a0<\/p>\n<p>Lai ar\u012b \u0161obr\u012bd glezniecisk\u0101 Dienvidkurzemes pils\u0113ta piedz\u012bvo Latvijai unik\u0101lu atdzim\u0161anas st\u0101stu, t\u0101 nav bijis vienm\u0113r. M\u0101kslinieku reziden\u010du nama SERDE vad\u012bt\u0101ja Signe Pucena atceras, ka pirms vair\u0101k nek\u0101 divdesmit gadiem pils\u0113t\u0101 \u0101tri vairoju\u0161ies tuk\u0161i, nojauktu \u0113ku gruntsgabali. Tolaik atjauno\u0161anas darbi nebija mod\u0113\u00a0\u2013 viegl\u0101k visu nojaukt un celt no jauna\u2026\u00a0<\/p>\n<p>L\u012bdz\u012bgu likteni b\u016btu piemekl\u0113jis ar\u012b skumj\u0101 st\u0101vokl\u012b eso\u0161ais nams Atmodas iel\u0101\u00a09. Tom\u0113r 2002.\u00a0gad\u0101 jauno m\u0101kslinieku grupa pamestaj\u0101 noliktavas \u0113k\u0101 saskat\u012bja lielisku iesp\u0113ju ier\u012bkot darbn\u012bcu telpas. Vi\u0146u uz\u0146\u0113m\u012bbas rezult\u0101t\u0101 soli pa solim ir izaudzis SERDES m\u0101kslinieku reziden\u010du centrs\u00a0\u2013 Aizputes atdzim\u0161anas st\u0101sta s\u0101kumpunkts. V\u0113l nep\u0101rk\u0101pjot m\u0101jas slieksnim, ir j\u016btama v\u0113sturisk\u0101 \u0113ku kompleksa rado\u0161\u0101 dv\u0113sele. Pret J\u0101\u0146a ielas puses logiem istab\u0101 atbalst\u012bti gl\u012bti apgleznoti trauki un senlaic\u012bgi plet\u012bzeri, bet no jumta tiev\u0101 diedzi\u0146\u0101 nolaidusies spilgti zila notek\u016bdens caurule.\u00a0<\/p>\n<p>\u00a0<\/p>\n<p>Oda \u0101bel\u0113m<\/p>\n<p>\u00a0<\/p>\n<p>        <a href=\"https:\/\/www.europesays.com\/lv\/wp-content\/uploads\/2025\/10\/994ce9177017.jpg\"><img decoding=\"async\" alt=\"\" class=\"no-convert\" src=\"https:\/\/www.europesays.com\/lv\/wp-content\/uploads\/2025\/10\/994ce9177017.jpg\"\/><\/a><\/p>\n<p> Foto: Alvis Rozenbergs<\/p>\n<p>\u00a0<\/p>\n<p>Nav iesp\u0113jams palaist gar\u0101m ar\u012b blakus eso\u0161\u0101 nama Atmodas iel\u0101\u00a011 sienas gleznojumu, kas ir k\u013cuvis par neat\u0146emamu orientieri ce\u013c\u0101 uz SERDES iek\u0161pagalmu. Tas ir tapis p\u0113c kan\u0101die\u0161u m\u0101kslinieku ieceres, un att\u0113lotie z\u0101l\u0113 sakritu\u0161ie \u0101boli simboliz\u0113 Aizputes \u0101be\u013cd\u0101rzus\u00a0\u2013 vienu no pils\u0113tas v\u0113rt\u012bb\u0101m. Katru gadu te norisin\u0101s \u0100bo\u013co\u0161ana\u00a0\u2013 m\u0101kslas un amatniec\u012bbas gadatirgus, kas vieno viet\u0113jo kopienu rado\u0161\u0101 svin\u0113\u0161an\u0101.\u00a0<\/p>\n<p>Pirms do\u0161an\u0101s t\u0101l\u0101k ir v\u0113rts ieskat\u012bties ko\u0161aj\u0101 pagalma dz\u012bv\u0113\u00a0\u2013 varb\u016bt tie\u0161i \u0161obr\u012bd klasiskaj\u0101 melnbalt\u0101 fotolaboratorij\u0101 tiek uz\u0146emtas lielform\u0101ta bildes vai keramikas darbn\u012bc\u0101 notiek m\u0101lu m\u012bc\u012b\u0161ana!<\/p>\n<p>Vien\u0101 no sen\u0101kaj\u0101m Aizputes ieli\u0146\u0101m\u00a0\u2013\u00a0J\u0101\u0146a iel\u0101, kas perpendikul\u0101ri Atmodas ielai nogrie\u017eas gar SERDES m\u0101kslinieku reziden\u010du centru,\u00a0\u2013 atrodas divi v\u0113sturiski nami, taut\u0101 d\u0113v\u0113ti par Be\u0137eru un Pap\u012bru m\u0101j\u0101m. Viens jau piedz\u012bvojis atjauno\u0161anu, bet otrs v\u0113l ir t\u0101s s\u0101kumposm\u0101. Tiem pretim\u00a0\u2013 uz Pasta ielas\u00a06 ugunsm\u016bra, koku lapot\u0146u ieskauts, atkl\u0101jas viens no Aizputes atpaz\u012bstam\u0101kajiem simboliem\u00a0\u2013 Linmeijera nama mur\u0101lis DIEVS, SV\u0112T\u012a LATVIJU. To p\u0113c \u0113kas \u012bpa\u0161nieku iniciat\u012bvas izstr\u0101d\u0101jusi m\u0101ksliniece Gerda St\u016bre. Var pav\u0113rot, k\u0101 gar\u0101mg\u0101j\u0113ji ik pa laikam iel\u016bkojas \u0161\u012b atdzimsto\u0161\u0101 koka nama atsl\u0113gcaurum\u0101. Ne velti! Caur to paveras skats uz pasaul\u0113 maz\u0101ko izst\u0101\u017eu z\u0101li.<\/p>\n<p>\u00a0<\/p>\n<p>Autentiska pieredze<\/p>\n<p>\u00a0<\/p>\n<p>        <a href=\"https:\/\/www.europesays.com\/lv\/wp-content\/uploads\/2025\/10\/8fa412cb181d.jpg\"><img decoding=\"async\" alt=\"\" class=\"no-convert\" src=\"https:\/\/www.europesays.com\/lv\/wp-content\/uploads\/2025\/10\/8fa412cb181d.jpg\"\/><\/a><\/p>\n<p> Foto: Alvis Rozenbergs<\/p>\n<p>\u00a0<\/p>\n<p>Aizput\u0113 no jauna s\u0101k atplaukt ar\u012b citas apk\u0101rt\u0113j\u0101s mazst\u0101vu koka apb\u016bves \u0113kas. Starp t\u0101m ir nams K5 Kuld\u012bgas iel\u0101\u00a05, kur\u0101 var piedz\u012bvot autentisku nak\u0161\u0146o\u0161anas pieredzi un viesm\u012bl\u012bbu. Simtprocent\u012bgais piecu zvaig\u017e\u0146u nov\u0113rt\u0113jums Airbnb run\u0101 pats par sevi. Nama saimnieks ir J\u0101nis Kreicburgs\u00a0\u2013 b\u016bvin\u017eenieris, AS Kurzemes atsl\u0113ga valdes loceklis un viens no Aizputes renesanses biedr\u012bbas galvenajiem p\u012bl\u0101riem.\u00a0<\/p>\n<p>\u00a0<\/p>\n<p>Ber\u010di nospiedums<\/p>\n<p>\u00a0<\/p>\n<p>        <a href=\"https:\/\/www.europesays.com\/lv\/wp-content\/uploads\/2025\/10\/fbd7b63f1135.jpg\"><img decoding=\"async\" alt=\"\" class=\"no-convert\" src=\"https:\/\/www.europesays.com\/lv\/wp-content\/uploads\/2025\/10\/fbd7b63f1135.jpg\"\/><\/a><\/p>\n<p> Foto: Alvis Rozenbergs<\/p>\n<p>\u00a0<\/p>\n<p>Pastaig\u0101joties pa Kalvenes ielu, var atkl\u0101t, ka Aizputes arhitekt\u016bras ainav\u0101 savulaik pirkstu pielicis ar\u012b slavenais arhitekts Makss Pauls Ber\u010di. Vi\u0146a projekt\u0113t\u0101 Lindenbergas karton\u0101\u017eas fabrikas sarkano \u0137ie\u0123e\u013cu \u0113ka, kas m\u016bsdien\u0101s ir Kurzemes atsl\u0113ga sast\u0101vda\u013ca, ielai pie\u0161\u0137ir cita m\u0113roga saj\u016btu.\u00a0<\/p>\n<p>\u00a0<\/p>\n<p>        <a href=\"https:\/\/www.europesays.com\/lv\/wp-content\/uploads\/2025\/10\/fa97796d78f2.jpg\"><img decoding=\"async\" alt=\"\" class=\"no-convert\" src=\"https:\/\/www.europesays.com\/lv\/wp-content\/uploads\/2025\/10\/fa97796d78f2.jpg\"\/><\/a><\/p>\n<p> Foto: Alvis Rozenbergs<\/p>\n<p>\u00a0<\/p>\n<p>Amalienburgas mui\u017ea un Safran\u2019s<\/p>\n<p>\u00a0<\/p>\n<p>        <a href=\"https:\/\/www.europesays.com\/lv\/wp-content\/uploads\/2025\/10\/e5e4ed8c2542.jpg\"><img decoding=\"async\" alt=\"\" class=\"no-convert\" src=\"https:\/\/www.europesays.com\/lv\/wp-content\/uploads\/2025\/10\/e5e4ed8c2542.jpg\"\/><\/a><\/p>\n<p> Foto: Alvis Rozenbergs<\/p>\n<p>\u00a0<\/p>\n<p>Aizputes pilsdrupu virzien\u0101, nok\u0101pjot da\u017eus so\u013cus lejup pa Atmodas ielas nog\u0101zi, j\u016btama svaigi ceptu k\u016bci\u0146u un kafijas smar\u017ea. T\u0101 ievilina nelielaj\u0101 pap\u012brlietu veikali\u0146\u0101 un kafet\u0113rij\u0101 Safran\u2019s, bet aiz st\u016bra\u00a0\u2013 Atmodas iel\u0101\u00a05\u00a0\u2013 nosl\u0113pusies viena no romantisk\u0101kaj\u0101m Aizputes p\u0113rl\u0113m\u00a0\u2013 Amalienburgas mui\u017ea. Ab\u0101s viet\u0101s saimnieko Aizputes renesanses biedr\u012bbas feja Marta.<\/p>\n<p>Mui\u017eu, kas bijusi ar\u012b Aizputes bankas \u0113ka, vi\u0146a pirms se\u0161iem gadiem ieg\u0101d\u0101jusies no \u0160rilankas pilso\u0146a, kuram t\u0101 bija nepiecie\u0161ama Eiropas uztur\u0113\u0161an\u0101s at\u013caujas sa\u0146em\u0161anai. \u0160obr\u012bd nams att\u012br\u012bts no gadu gait\u0101 sakr\u0101tajiem kult\u016brsl\u0101\u0146iem, un Marta aicina ikvienu ien\u0101kt pa pla\u0161i atv\u0113rtaj\u0101m mui\u017eas durv\u012bm un \u013cauties ce\u013cojumam laik\u0101.<\/p>\n<p>Te var ne tikai izbaud\u012bt senlaic\u012bgo interjera burv\u012bbu, nov\u0113rt\u0113t v\u0113sturisko m\u0113be\u013cu kolekciju un apbr\u012bnot m\u0101kslinieciski augstv\u0113rt\u012bgos sienu gleznojumus, bet ar\u012b svin\u0113t sv\u0113tkus vai klus\u012bb\u0101 izbaud\u012bt, k\u0101 aiz \u0113kas sien\u0101m paz\u016bd ielas \u0146irbo\u0146a un troksnis.<\/p>\n<p>\u00a0<\/p>\n<p>Izbijus\u012b mui\u017eas alus dar\u012btava<\/p>\n<p>\u00a0<\/p>\n<p>        <a href=\"https:\/\/www.europesays.com\/lv\/wp-content\/uploads\/2025\/10\/1415d3231006.jpg\"><img decoding=\"async\" alt=\"\" class=\"no-convert\" src=\"https:\/\/www.europesays.com\/lv\/wp-content\/uploads\/2025\/10\/1415d3231006.jpg\"\/><\/a><\/p>\n<p> Foto: Alvis Rozenbergs<\/p>\n<p>\u00a0<\/p>\n<p>Sekojot l\u012bkumainajam ce\u013cam aug\u0161up uz Livonijas orde\u0146a pils drup\u0101m, atkl\u0101jas gleznaina ainava. Tebras reljefos krastus ieskauj bazn\u012bca, vec\u0101s pilsmui\u017eas dzirnavas, v\u012bna un biju\u0161\u0101s Aizputes mui\u017eas alus dar\u012btavas \u0113kas. Nok\u0101pjot pa mazaj\u0101m met\u0101la k\u0101pn\u012bt\u0113m gar \u016bdensdzirnav\u0101m, atkl\u0101jas Edu\u0101ra Man\u0113 cien\u012bgas pastaigu p\u013cavas un d\u0101rzi.\u00a0<\/p>\n<p>\u00a0<\/p>\n<p>Lapka Hemp<\/p>\n<p>\u00a0<\/p>\n<p>        <a href=\"https:\/\/www.europesays.com\/lv\/wp-content\/uploads\/2025\/10\/f9eb8e093235.jpg\"><img decoding=\"async\" alt=\"\" class=\"no-convert\" src=\"https:\/\/www.europesays.com\/lv\/wp-content\/uploads\/2025\/10\/f9eb8e093235.jpg\"\/><\/a><\/p>\n<p> Foto: Alvis Rozenbergs<\/p>\n<p>\u00a0<\/p>\n<p>Savuk\u0101rt vien da\u017eu metru att\u0101lum\u0101 no v\u0113sturiskajiem pils m\u016briem\u00a0\u2013 vecaj\u0101 pilsmui\u017eas krog\u0101 Lapka Hemp\u00a0\u2013 \u0161obr\u012bd saimnieko ener\u0123iskie Aizputes renesanses kopienas biedri Ineta un Art\u016brs. Te m\u0101jo br\u012bvs un boh\u0113misks gars. Kop\u0161 2013.\u00a0gada, k\u0101dreiz\u0113jais grausts ar aizsistiem logiem pamaz\u0101m p\u0101rv\u0113rties par dz\u012bv\u012bgu vietu, kur var pieredz\u0113t kr\u0101\u0161\u0146u pas\u0101kumu bu\u0137eti\u00a0\u2013 no ball\u012bt\u0113m l\u012bdz reiviem, vakari\u0146\u0101m, koncertiem un komi\u0137u vakariem.\u00a0<\/p>\n<p>Padsmit gadus Ineta un Art\u016brs, entuziasma vad\u012bti, darboj\u0101s sve\u0161\u0101 \u012bpa\u0161um\u0101, tikai \u0161ogad v\u0113sturiskais krogs beidzot non\u0101cis vi\u0146u p\u0101rzi\u0146\u0101. \u0160obr\u012bd Lapka Hemp br\u012bvdienu r\u012btos pied\u0101v\u0101 izbaud\u012bt nesteidz\u012bgas brokastis. Telpas ir pla\u0161as, b\u0113rni var vizin\u0101ties pa istab\u0101m ar divriteni, skriet un trok\u0161\u0146ot. \u00abVec\u0101ki atp\u016btu\u0161ies\u00a0\u2013 b\u0113rni laim\u012bgi,\u00bb smej Ineta.\u00a0<\/p>\n<p>\u00a0<\/p>\n<p>\u00a0<\/p>\n<p>\u00a0<img decoding=\"async\" alt=\"\" class=\"no-convert\" src=\"https:\/\/www.europesays.com\/lv\/wp-content\/uploads\/2025\/10\/3c455076535f.jpg\" style=\"width: 600px; height: 400px;\"\/><\/p>\n<p>Raksts tapis ar VKKF atbalstu.\u00a0<\/p>\n","protected":false},"excerpt":{"rendered":"M\u0101kslinieku rezidence SERDE \u00a0 Foto: Alvis Rozenbergs \u00a0 Lai ar\u012b \u0161obr\u012bd glezniecisk\u0101 Dienvidkurzemes pils\u0113ta piedz\u012bvo Latvijai unik\u0101lu atdzim\u0161anas&hellip;\n","protected":false},"author":2,"featured_media":29364,"comment_status":"","ping_status":"","sticky":false,"template":"","format":"standard","meta":{"footnotes":""},"categories":[19],"tags":[89,90,35,39,38,36,37,34,40],"class_list":{"0":"post-29363","1":"post","2":"type-post","3":"status-publish","4":"format-standard","5":"has-post-thumbnail","7":"category-izklaide","8":"tag-entertainment","9":"tag-izklaide","10":"tag-latvia","11":"tag-latvian","12":"tag-latviesu","13":"tag-latviesu-valoda","14":"tag-latviesuvaloda","15":"tag-latvija","16":"tag-lv"},"share_on_mastodon":{"url":"https:\/\/pubeurope.com\/@lv\/115424577741913236","error":""},"_links":{"self":[{"href":"https:\/\/www.europesays.com\/lv\/wp-json\/wp\/v2\/posts\/29363","targetHints":{"allow":["GET"]}}],"collection":[{"href":"https:\/\/www.europesays.com\/lv\/wp-json\/wp\/v2\/posts"}],"about":[{"href":"https:\/\/www.europesays.com\/lv\/wp-json\/wp\/v2\/types\/post"}],"author":[{"embeddable":true,"href":"https:\/\/www.europesays.com\/lv\/wp-json\/wp\/v2\/users\/2"}],"replies":[{"embeddable":true,"href":"https:\/\/www.europesays.com\/lv\/wp-json\/wp\/v2\/comments?post=29363"}],"version-history":[{"count":0,"href":"https:\/\/www.europesays.com\/lv\/wp-json\/wp\/v2\/posts\/29363\/revisions"}],"wp:featuredmedia":[{"embeddable":true,"href":"https:\/\/www.europesays.com\/lv\/wp-json\/wp\/v2\/media\/29364"}],"wp:attachment":[{"href":"https:\/\/www.europesays.com\/lv\/wp-json\/wp\/v2\/media?parent=29363"}],"wp:term":[{"taxonomy":"category","embeddable":true,"href":"https:\/\/www.europesays.com\/lv\/wp-json\/wp\/v2\/categories?post=29363"},{"taxonomy":"post_tag","embeddable":true,"href":"https:\/\/www.europesays.com\/lv\/wp-json\/wp\/v2\/tags?post=29363"}],"curies":[{"name":"wp","href":"https:\/\/api.w.org\/{rel}","templated":true}]}}