{"id":29365,"date":"2025-10-23T17:28:07","date_gmt":"2025-10-23T17:28:07","guid":{"rendered":"https:\/\/www.europesays.com\/lv\/29365\/"},"modified":"2025-10-23T17:28:07","modified_gmt":"2025-10-23T17:28:07","slug":"eppa-prezidents-aicina-saeimu-balsot-pret-izstasanos-no-stambulas-konvencijas","status":"publish","type":"post","link":"https:\/\/www.europesays.com\/lv\/29365\/","title":{"rendered":"EPPA prezidents aicina Saeimu balsot pret izst\u0101\u0161anos no Stambulas konvencijas"},"content":{"rendered":"<p>&#8220;Es stingri aicinu Saeimu balsot par to, lai saglab\u0101tu Stambulas konvencij\u0101 noteikto sievie\u0161u ties\u012bbu un dz\u012bv\u012bbas aizsardz\u012bbu, kas Eirop\u0101 un \u0101rpus t\u0101s tiek uzskat\u012bta par &#8220;zelta standartu&#8221; c\u012b\u0146\u0101 par vardarb\u012bbas pret sieviet\u0113m nov\u0113r\u0161anu un sod\u012b\u0161anu par to,&#8221; nor\u0101d\u012bja Rusopuls.<\/p>\n<p>Jau zi\u0146ots, ka parlament\u0101rie\u0161u vair\u0101kums ceturtdien atbalst\u012bja steidzam\u012bbas noteik\u0161anu likumprojektam par izst\u0101\u0161anos no Eiropas Padomes Konvencijas par vardarb\u012bbas pret sieviet\u0113m un vardarb\u012bbas \u0123imen\u0113 nov\u0113r\u0161anu un apkaro\u0161anu.<\/p>\n<p>Par steidzam\u012bbas noteik\u0161anu nobalsoja opoz\u012bcijas partiju un koal\u012bcij\u0101 eso\u0161\u0101s Za\u013co un zemnieku savien\u012bbas (ZZS) kopum\u0101 52 deput\u0101ti, pret bija 31 deput\u0101ts no &#8220;Progres\u012bvo&#8221; un &#8220;Jaun\u0101s vienot\u012bbas&#8221; frakcij\u0101m, bet ZZS deput\u0101ts Andris B\u0113rzi\u0146\u0161 balsojum\u0101 attur\u0113j\u0101s, k\u013c\u016bstot par vien\u012bgo \u0161\u012bs partijas p\u0101rst\u0101vi, kur\u0161 nenobalsoja par steidzam\u012bbas noteik\u0161anu. T\u0101d\u0113j\u0101di par steidzam\u012bbas noteik\u0161anu nobalsoja maz\u0101k nek\u0101 divas tre\u0161da\u013cas kl\u0101teso\u0161o.<\/p>\n<p>Priek\u0161likumu iesnieg\u0161anas termi\u0146\u0161 likumprojektam noteikts tikai viena diena.<\/p>\n<p>Tre\u0161dien Saeimas \u0100rlietu komisija konceptu\u0101li atbalst\u012bja ieceri izst\u0101ties no Stambulas konvencijas.<\/p>\n<p>\u010cetri opoz\u012bcijas partijas p\u0101rst\u0101vo\u0161ie deput\u0101ti visos balsojumos &#8211; par atbalstu pirmaj\u0101 las\u012bjum\u0101, steidzam\u012bbas noteik\u0161anu, skat\u012b\u0161anu Saeimas s\u0113d\u0113 ceturtdien &#8211; balsoja &#8220;par&#8221;, bet koal\u012bcijas partijas p\u0101rst\u0101vo\u0161ie deput\u0101ti &#8211; Edmunds Cepur\u012btis (P), Irma Kalni\u0146a (JV) un Zanda Kalni\u0146a-Luka\u0161evica (JV) balsoja &#8220;pret&#8221;. J\u0101nis Vuc\u0101ns (ZZS) balsojumos nepiedal\u012bj\u0101s.<\/p>\n<p>T\u0101pat v\u0113st\u012bts v\u0113st\u012bts, ka septembra izska\u0146\u0101, pateicoties Za\u013co un zemnieku savien\u012bbas (ZZS) balsojumam Saeim\u0101 par Stambulas konvencijas denons\u0113\u0161anu, s\u0101k\u0101s izteikta nestabilit\u0101te vald\u012bbas koal\u012bcij\u0101. Koal\u012bcijas partneri gan ap\u0146\u0113mu\u0161ies str\u0101d\u0101t, lai pie\u0146emtu n\u0101kam\u0101 gada &#8220;dro\u0161\u012bbas bud\u017eetu&#8221;, ta\u010du tic\u012bbu Ministru prezidentes Evikas Sili\u0146as (JV) vald\u012bbas sp\u0113jai str\u0101d\u0101t ilgtermi\u0146\u0101 nu jau pau\u017e vien retais politi\u0137is.<\/p>\n<p>Latvij\u0101 Eiropas Padomes Konvencija par vardarb\u012bbas pret sieviet\u0113m un vardarb\u012bbas \u0123imen\u0113 nov\u0113r\u0161anu un apkaro\u0161anu jeb t\u0101 d\u0113v\u0113t\u0101 Stambulas konvencija st\u0101j\u0101s sp\u0113k\u0101 pag\u0101ju\u0161\u0101 gada 1. maij\u0101. Tas ir starptautisks l\u012bgums, kas paredz, ka t\u0101 dal\u012bbvalst\u012bm ir j\u0101izstr\u0101d\u0101 saska\u0146ota politika, lai lab\u0101k var\u0113tu aizsarg\u0101t sievietes no visu veidu vardarb\u012bbas, k\u0101 ar\u012b sievietes un v\u012brie\u0161us no vardarb\u012bbas \u0123imen\u0113. Tostarp dal\u012bbvalst\u012bm ir j\u0101nodro\u0161ina cietu\u0161ajiem vispus\u012bga pal\u012bdz\u012bba un aizsardz\u012bba, kr\u012bzes centri, kr\u012bzes t\u0101lrunis, kas darbojas diennakti, specializ\u0113tie atbalsta centri no seksu\u0101las vardarb\u012bbas cietu\u0161\u0101m person\u0101m, j\u0101aizsarg\u0101 un j\u0101atbalsta b\u0113rni, kas ir vardarb\u012bbas liecinieki.<\/p>\n","protected":false},"excerpt":{"rendered":"&#8220;Es stingri aicinu Saeimu balsot par to, lai saglab\u0101tu Stambulas konvencij\u0101 noteikto sievie\u0161u ties\u012bbu un dz\u012bv\u012bbas aizsardz\u012bbu, kas&hellip;\n","protected":false},"author":2,"featured_media":29366,"comment_status":"","ping_status":"","sticky":false,"template":"","format":"standard","meta":{"footnotes":""},"categories":[12],"tags":[23,28,29,32,33,22,30,31,35,39,38,36,37,34,40,20,26,27,2023,24,25,21],"class_list":{"0":"post-29365","1":"post","2":"type-post","3":"status-publish","4":"format-standard","5":"has-post-thumbnail","7":"category-latvija","8":"tag-aktualitates","9":"tag-breaking-news","10":"tag-breakingnews","11":"tag-featured-news","12":"tag-featurednews","13":"tag-headlines","14":"tag-latest-news","15":"tag-latestnews","16":"tag-latvia","17":"tag-latvian","18":"tag-latviesu","19":"tag-latviesu-valoda","20":"tag-latviesuvaloda","21":"tag-latvija","22":"tag-lv","23":"tag-news","24":"tag-popularakas-zinas","25":"tag-popularakaszinas","26":"tag-stambulas-konvencija","27":"tag-top-stories","28":"tag-topstories","29":"tag-zinas"},"share_on_mastodon":{"url":"https:\/\/pubeurope.com\/@lv\/115424664240123827","error":""},"_links":{"self":[{"href":"https:\/\/www.europesays.com\/lv\/wp-json\/wp\/v2\/posts\/29365","targetHints":{"allow":["GET"]}}],"collection":[{"href":"https:\/\/www.europesays.com\/lv\/wp-json\/wp\/v2\/posts"}],"about":[{"href":"https:\/\/www.europesays.com\/lv\/wp-json\/wp\/v2\/types\/post"}],"author":[{"embeddable":true,"href":"https:\/\/www.europesays.com\/lv\/wp-json\/wp\/v2\/users\/2"}],"replies":[{"embeddable":true,"href":"https:\/\/www.europesays.com\/lv\/wp-json\/wp\/v2\/comments?post=29365"}],"version-history":[{"count":0,"href":"https:\/\/www.europesays.com\/lv\/wp-json\/wp\/v2\/posts\/29365\/revisions"}],"wp:featuredmedia":[{"embeddable":true,"href":"https:\/\/www.europesays.com\/lv\/wp-json\/wp\/v2\/media\/29366"}],"wp:attachment":[{"href":"https:\/\/www.europesays.com\/lv\/wp-json\/wp\/v2\/media?parent=29365"}],"wp:term":[{"taxonomy":"category","embeddable":true,"href":"https:\/\/www.europesays.com\/lv\/wp-json\/wp\/v2\/categories?post=29365"},{"taxonomy":"post_tag","embeddable":true,"href":"https:\/\/www.europesays.com\/lv\/wp-json\/wp\/v2\/tags?post=29365"}],"curies":[{"name":"wp","href":"https:\/\/api.w.org\/{rel}","templated":true}]}}