{"id":29369,"date":"2025-10-23T17:36:09","date_gmt":"2025-10-23T17:36:09","guid":{"rendered":"https:\/\/www.europesays.com\/lv\/29369\/"},"modified":"2025-10-23T17:36:09","modified_gmt":"2025-10-23T17:36:09","slug":"1-xi-koncerts-kad-novadi-skan-salaspili","status":"publish","type":"post","link":"https:\/\/www.europesays.com\/lv\/29369\/","title":{"rendered":"1.XI Koncerts &#8220;Kad novadi skan!&#8221; Salaspil\u012b"},"content":{"rendered":"<p>1.novembr\u012b plkst.18.00 Salaspils kult\u016bras nam\u0101 &#8220;R\u012bgava&#8221; koncert\u0101 &#8220;Kad novadi skan!&#8221; uz vienas skatuves satiksies dzied\u0101t\u0101ji, dejot\u0101ji un p\u016bt\u0113ju or\u0137estris no da\u017e\u0101diem Latvijas novadiem, lai ar dziesmu, deju un ska\u0146u st\u0101stiem izdzied\u0101tu, izdejotu un izsp\u0113l\u0113tu Latvijas novadu kr\u0101sas, raksturus un saj\u016btas. Katrs priek\u0161nesums &#8211; k\u0101 ska\u0146as tilts, kas vieno novadus kop\u012bg\u0101 Latvijas skan\u0113jum\u0101. Ieeja br\u012bva.<\/p>\n","protected":false},"excerpt":{"rendered":"1.novembr\u012b plkst.18.00 Salaspils kult\u016bras nam\u0101 &#8220;R\u012bgava&#8221; koncert\u0101 &#8220;Kad novadi skan!&#8221; uz vienas skatuves satiksies dzied\u0101t\u0101ji, dejot\u0101ji un p\u016bt\u0113ju&hellip;\n","protected":false},"author":2,"featured_media":29370,"comment_status":"","ping_status":"","sticky":false,"template":"","format":"standard","meta":{"footnotes":""},"categories":[19],"tags":[47,89,90,381,64,35,39,38,36,37,34,40,385,172,382,384,383,21],"class_list":{"0":"post-29369","1":"post","2":"type-post","3":"status-publish","4":"format-standard","5":"has-post-thumbnail","7":"category-izklaide","8":"tag-ekonomika","9":"tag-entertainment","10":"tag-izklaide","11":"tag-jaunumi","12":"tag-kultura","13":"tag-latvia","14":"tag-latvian","15":"tag-latviesu","16":"tag-latviesu-valoda","17":"tag-latviesuvaloda","18":"tag-latvija","19":"tag-lv","20":"tag-pieriga","21":"tag-riga","22":"tag-sabiedriba","23":"tag-sludinajumi","24":"tag-sports-afisa","25":"tag-zinas"},"share_on_mastodon":{"url":"https:\/\/pubeurope.com\/@lv\/115424695618620107","error":""},"_links":{"self":[{"href":"https:\/\/www.europesays.com\/lv\/wp-json\/wp\/v2\/posts\/29369","targetHints":{"allow":["GET"]}}],"collection":[{"href":"https:\/\/www.europesays.com\/lv\/wp-json\/wp\/v2\/posts"}],"about":[{"href":"https:\/\/www.europesays.com\/lv\/wp-json\/wp\/v2\/types\/post"}],"author":[{"embeddable":true,"href":"https:\/\/www.europesays.com\/lv\/wp-json\/wp\/v2\/users\/2"}],"replies":[{"embeddable":true,"href":"https:\/\/www.europesays.com\/lv\/wp-json\/wp\/v2\/comments?post=29369"}],"version-history":[{"count":0,"href":"https:\/\/www.europesays.com\/lv\/wp-json\/wp\/v2\/posts\/29369\/revisions"}],"wp:featuredmedia":[{"embeddable":true,"href":"https:\/\/www.europesays.com\/lv\/wp-json\/wp\/v2\/media\/29370"}],"wp:attachment":[{"href":"https:\/\/www.europesays.com\/lv\/wp-json\/wp\/v2\/media?parent=29369"}],"wp:term":[{"taxonomy":"category","embeddable":true,"href":"https:\/\/www.europesays.com\/lv\/wp-json\/wp\/v2\/categories?post=29369"},{"taxonomy":"post_tag","embeddable":true,"href":"https:\/\/www.europesays.com\/lv\/wp-json\/wp\/v2\/tags?post=29369"}],"curies":[{"name":"wp","href":"https:\/\/api.w.org\/{rel}","templated":true}]}}