{"id":29373,"date":"2025-10-23T17:42:14","date_gmt":"2025-10-23T17:42:14","guid":{"rendered":"https:\/\/www.europesays.com\/lv\/29373\/"},"modified":"2025-10-23T17:42:14","modified_gmt":"2025-10-23T17:42:14","slug":"kinas-klasiskais-balets-daugavpili","status":"publish","type":"post","link":"https:\/\/www.europesays.com\/lv\/29373\/","title":{"rendered":"\u0136\u012bnas klasiskais balets Daugavpil\u012b!"},"content":{"rendered":"<p>\t\t        \t<a href=\"https:\/\/www.daugavpils.lv\/assets\/upload\/news\/2025\/10\/pekinas-deju-akademija1-001_max.jpg\" rel=\"nofollow noopener\" target=\"_blank\"><img decoding=\"async\" src=\"https:\/\/www.europesays.com\/lv\/wp-content\/uploads\/2025\/10\/pekinas-deju-akademija1-001_sml.jpg\" class=\"news-image\" title=\"\u0136\u012bnas klasiskais balets Daugavpil\u012b!\" alt=\"\u0136\u012bnas klasiskais balets Daugavpil\u012b!\"\/><\/a><\/p>\n<p>N\u0101kamceturtdien, 30. oktobr\u012b, plkst. 18.00 Daugavpils Kult\u016bras pil\u012b (Smil\u0161u iel\u0101 92) 30. Baltijas baleta festiv\u0101la ietvaros notiks Pekinas Dejas akad\u0113mijas (\u0136\u012bna) trupas koncertizr\u0101de \u201eAC\u012aMREDZAMAIS \u2013 NEIESP\u0112JAMAIS\u201d.<\/p>\n<p>&#13;<\/p>\n<p>\u201eAC\u012aMREDZAMAIS \u2013 NEIESP\u0112JAMAIS\u201d ir izr\u0101de, kur\u0101 b\u016bs iesp\u0113ja baud\u012bt unik\u0101lo \u0137\u012bnie\u0161u klasisk\u0101 baleta tehniku, kr\u0101\u0161\u0146us kost\u012bmus un neatk\u0101rtojamu gaismas m\u0101kslas burv\u012bbu. Ieejas bi\u013cetes var ieg\u0101d\u0101ties Daugavpils Kult\u016bras pils un Bi\u013ce\u0161u Parad\u012bzes kas\u0113s, k\u0101 ar\u012b <a href=\"https:\/\/www.bilesuparadize.lv\/lv\/event\/155596\" rel=\"nofollow noopener\" target=\"_blank\">internet\u0101<\/a>. Cena \u2013 10,00 eiro.<\/p>\n<p>&#13;<\/p>\n<p>K\u0101 nor\u0101da pas\u0101kuma r\u012bkot\u0101ji: \u201eT\u0101 k\u0101 \u0136\u012bnas klasiskais balets ir emocion\u0101li un vizu\u0101li iespaid\u012bgs m\u0101kslas veids, kur\u0101 apvienota rietumu klasisk\u0101 baleta tehnika ar \u0137\u012bnie\u0161u kult\u016bras elementiem, izr\u0101d\u0113 var\u0113s baud\u012bt gan p\u0101rsteidzo\u0161u virtuozit\u0101ti un tehniku, gan m\u0101ksliniecisk\u0101s izteiksmes piln\u012bbu.\u201d <\/p>\n<p>&#13;<\/p>\n<p>Pekinas Dejas akad\u0113mija ir \u0100zijas presti\u017e\u0101k\u0101 klasisk\u0101s dejas izgl\u012bt\u012bbas un p\u0113tniec\u012bbas platforma, \u0136\u012bnas un pasaules dejas izgl\u012bt\u012bbas l\u012bdere kop\u0161 1954.\u202fgada. Ar pla\u0161u programmu kl\u0101stu \u2013 no klasisk\u0101s \u0137\u012bnie\u0161u dejas l\u012bdz baleta, horeogr\u0101fijas un m\u016bzikas te\u0101trim \u2013 akad\u0113mija sagatavo izcilus dejot\u0101jus, kas \u0136\u012bnas klasisko baletu \u012bpa\u0161i izce\u013c pasaules kult\u016bras v\u0113rt\u012bbu virsotn\u0113s, t\u0101d\u0113j\u0101di simboliz\u0113jot profesion\u0101lismu, kult\u016bras trad\u012bcijas un inov\u0101cijas.<\/p>\n<p>&#13;<\/p>\n<p>Baltijas baleta festiv\u0101la \u201eNo klasikas l\u012bdz avangardam\u201d pirms\u0101kumi mekl\u0113jami 1996. gad\u0101. P\u0113c festiv\u0101la direktores Litas Beiris iniciat\u012bvas \u0161ogad jau 30. reizi Latvijas auditorija tiek iepaz\u012bstin\u0101ta ne tikai ar klasisk\u0101 baleta daudzveid\u012bbu, bet atkl\u0101j ar\u012b avangarda dejas \u0161armu un pievilc\u012bbu. \u0160ogad festiv\u0101la aktivit\u0101tes notiek no 22. oktobra l\u012bdz 10. novembrim R\u012bg\u0101, C\u0113s\u012bs, Ventspil\u012b un Daugavpil\u012b. \u00a0Vair\u0101k ar visa festiv\u0101la programmu var iepaz\u012bties \u00a0<a href=\"http:\/\/www.ballet-festival.lv\" rel=\"nofollow noopener\" target=\"_blank\">www.ballet-festival.lv<\/a> un festiv\u0101la soci\u0101lajos t\u012bklos.\u00a0<\/p>\n<p>&#13;<\/p>\n<p>30. Baltijas baleta festiv\u0101la koncertu Daugavpil\u012b r\u012bko nodibin\u0101jums \u201eDejas Varav\u012bksne\u201d, Daugavpils valstspils\u0113tas pa\u0161vald\u012bbas iest\u0101de \u201eVien\u012bbas nams\u201d, Pekinas Dejas akad\u0113mija. Atbalsta: Latvijas Republikas v\u0113stniec\u012bba \u0136\u012bnas Tautas Republik\u0101, \u0136\u012bnas Tautas Republikas v\u0113stniec\u012bba Latvij\u0101, Valsts kult\u016brkapit\u0101la fonds, Daugavpils valstspils\u0113tas pa\u0161vald\u012bba, Daugavpils Kult\u016bras pils.<\/p>\n<p>&#13;<\/p>\n<p>Inform\u0113jam, ka koncerts Daugavpil\u012b tiek fotograf\u0113ts un film\u0113ts pa\u0161vald\u012bbas publicit\u0101tes un v\u0113sturiskaj\u0101m vajadz\u012bb\u0101m.<\/p>\n<p>&#13;<\/p>\n<p>\u00a0<\/p>\n<p>&#13;<\/p>\n<p>Papildu inform\u0101cija:<\/p>\n<p>&#13;<\/p>\n<p>DVPI \u201eVien\u012bbas nams\u201d<\/p>\n<p>&#13;<\/p>\n<p>Latvie\u0161u un latgalie\u0161u kult\u016bras centrs<\/p>\n<p>&#13;<\/p>\n<p>t.: +371\u00a0654 27552<\/p>\n<p>&#13;<br \/>\n&#13;<\/p>\n<p>\u00a0<\/p>\n<p>&#13;<br \/>\n<img loading=\"lazy\" decoding=\"async\" src=\"https:\/\/www.europesays.com\/lv\/wp-content\/uploads\/2025\/10\/_Afisha_30.10.2025 Pekinas Deju akademija.jpg\" alt=\"\" width=\"932\" height=\"692\"\/><\/p>\n","protected":false},"excerpt":{"rendered":"N\u0101kamceturtdien, 30. oktobr\u012b, plkst. 18.00 Daugavpils Kult\u016bras pil\u012b (Smil\u0161u iel\u0101 92) 30. Baltijas baleta festiv\u0101la ietvaros notiks Pekinas&hellip;\n","protected":false},"author":2,"featured_media":29374,"comment_status":"","ping_status":"","sticky":false,"template":"","format":"standard","meta":{"footnotes":""},"categories":[19],"tags":[89,90,35,39,38,36,37,34,40],"class_list":{"0":"post-29373","1":"post","2":"type-post","3":"status-publish","4":"format-standard","5":"has-post-thumbnail","7":"category-izklaide","8":"tag-entertainment","9":"tag-izklaide","10":"tag-latvia","11":"tag-latvian","12":"tag-latviesu","13":"tag-latviesu-valoda","14":"tag-latviesuvaloda","15":"tag-latvija","16":"tag-lv"},"share_on_mastodon":{"url":"https:\/\/pubeurope.com\/@lv\/115424719305017264","error":""},"_links":{"self":[{"href":"https:\/\/www.europesays.com\/lv\/wp-json\/wp\/v2\/posts\/29373","targetHints":{"allow":["GET"]}}],"collection":[{"href":"https:\/\/www.europesays.com\/lv\/wp-json\/wp\/v2\/posts"}],"about":[{"href":"https:\/\/www.europesays.com\/lv\/wp-json\/wp\/v2\/types\/post"}],"author":[{"embeddable":true,"href":"https:\/\/www.europesays.com\/lv\/wp-json\/wp\/v2\/users\/2"}],"replies":[{"embeddable":true,"href":"https:\/\/www.europesays.com\/lv\/wp-json\/wp\/v2\/comments?post=29373"}],"version-history":[{"count":0,"href":"https:\/\/www.europesays.com\/lv\/wp-json\/wp\/v2\/posts\/29373\/revisions"}],"wp:featuredmedia":[{"embeddable":true,"href":"https:\/\/www.europesays.com\/lv\/wp-json\/wp\/v2\/media\/29374"}],"wp:attachment":[{"href":"https:\/\/www.europesays.com\/lv\/wp-json\/wp\/v2\/media?parent=29373"}],"wp:term":[{"taxonomy":"category","embeddable":true,"href":"https:\/\/www.europesays.com\/lv\/wp-json\/wp\/v2\/categories?post=29373"},{"taxonomy":"post_tag","embeddable":true,"href":"https:\/\/www.europesays.com\/lv\/wp-json\/wp\/v2\/tags?post=29373"}],"curies":[{"name":"wp","href":"https:\/\/api.w.org\/{rel}","templated":true}]}}