{"id":29389,"date":"2025-10-23T18:06:09","date_gmt":"2025-10-23T18:06:09","guid":{"rendered":"https:\/\/www.europesays.com\/lv\/29389\/"},"modified":"2025-10-23T18:06:09","modified_gmt":"2025-10-23T18:06:09","slug":"ar-bateriju-sistemu-rezekne-uzkras-elektroenergijas-rezerves-raksts","status":"publish","type":"post","link":"https:\/\/www.europesays.com\/lv\/29389\/","title":{"rendered":"Ar bateriju sist\u0113mu R\u0113zekn\u0113 uzkr\u0101s elektroener\u0123ijas rezerves \/ Raksts"},"content":{"rendered":"<p>R\u0113zekn\u0113 \u0161om\u0113nes s\u0101k darboties elektroener\u0123iju uzkr\u0101jo\u0161\u0101 bateriju sist\u0113ma. T\u0101 ir da\u013ca no infrastrukt\u016bras, lai kr\u012bzes gad\u012bjum\u0101 Latviju nodro\u0161in\u0101tu ar elektr\u012bbas rezerv\u0113m.\u00a0<\/p>\n<p>Ar augstsprieguma l\u012bnijas balstu nog\u0101\u0161anu \u0161opavasar nosl\u0113dz\u0101s l\u012bnijas demont\u0101\u017eas darbi pierobe\u017e\u0101, lai savienojumam ar Krievijas elektrot\u012bklu atpaka\u013cce\u013ca neb\u016btu.\u00a0<\/p>\n<blockquote>\n<p><a href=\"https:\/\/www.lsm.lv\/raksts\/zinas\/arzemes\/09.02.2025-latvija-lietuva-un-igaunija-pieslegusas-eiropas-elektrotiklam.a587043\/\" class=\"lsm-link\" data-type=\"article\" data-id=\"587043\" rel=\"nofollow noopener\" target=\"_blank\">Savieno\u0161an\u0101s ar Eiropas t\u012bklu<\/a> nu nosl\u0113gusies piln\u012bb\u0101, R\u0113zekn\u0113 atkl\u0101ta \u0161obr\u012bd liel\u0101k\u0101 bateriju sist\u0113ma Baltij\u0101.\u00a0<\/p>\n<\/blockquote>\n<p>T\u0101 paredz\u0113ta gan pl\u016bsmas regul\u0113\u0161anai, gan uzkr\u0101\u0161anai. AS &#8220;Augstsprieguma t\u012bkls&#8221; vad\u012bt\u0101js Rolands Irklis\u00a0skaidroja \u2013 balans\u0113\u0161anas jaudas rezerves var kalpot taj\u0101 br\u012bd\u012b, kad paz\u016bd k\u0101ds liels \u0123ener\u0101cijas vai pieg\u0101des avots.\u00a0<\/p>\n<p>&#8220;Baltij\u0101 \u0161\u012bs te rezerves, ko m\u0113s kop\u012bgi uzturam \u2013 visas tr\u012bs Baltijas valstis, ir paredz\u0113tas liel\u0101kajam incidentam, kas var notikt. Tas ir Lietuvas\u2013Zviedrijas starpsavienojums, 700 megavatu kabelis, vi\u0146\u0161 jebkur\u0101 br\u012bd\u012b var p\u0101rtraukt savu darb\u012bbu. Da\u017e\u0101du iemeslu p\u0113c. Varb\u016bt k\u0101da tre\u0161\u0101s puses ietekme,&#8221; nor\u0101d\u012bja Irklis.<\/p>\n<p>            <img decoding=\"async\" src=\"https:\/\/www.europesays.com\/lv\/wp-content\/uploads\/2025\/10\/ruws.jpg\" alt=\"\"\/><\/p>\n<p>Foto: Dinija Jeme\u013cjanova<\/p>\n<\/p>\n<p>&#8220;Augstsprieguma t\u012bklu&#8221; vad\u012bt\u0101js Rolands Irklis\u00a0<\/p>\n<p>Kabe\u013cu p\u0101rr\u0101vumi j\u016br\u0101 nav vien\u012bgais apdraud\u0113jums, kam j\u0101piev\u0113r\u0161 uzman\u012bba. Bateriju ra\u017eot\u0101ja p\u0101rst\u0101vis uzsv\u0113ra, ka nereti elektroener\u0123ijas infrastrukt\u016bras izb\u016bv\u0113 p\u0101r\u0101k maza uzman\u012bba tiek piev\u0113rsta kiberdro\u0161\u012bbai.\u00a0<\/p>\n<p>&#8220;Piem\u0113ram, ir iesp\u0113jams, ka k\u0101ds no \u0136\u012bnas s\u0101kt &#8220;sp\u0113l\u0113ties&#8221; ar sist\u0113mu. Visdr\u012bz\u0101k nedara to, bet tas ir iesp\u0113jams,&#8221; atz\u012bm\u0113ja\u00a0&#8220;Rolls-Royce Power Systems&#8221; galvenais finan\u0161u direktors\u00a0Andreass Strekers.\u00a0<\/p>\n<p>R\u0113zekn\u0113 uzst\u0101d\u012btaj\u0101m baterij\u0101m sist\u0113ma ra\u017eota Eirop\u0101. Liel\u0101ko da\u013cu projekta izmaksu sedz Eiropas Savien\u012bba, bet no Eiropas pal\u012bdz\u012bba b\u016bs nepiecie\u0161ama v\u0113l.\u00a0<\/p>\n<blockquote>\n<p>Baltijas valstis kop\u0101 ar Poliju l\u016bgs finansi\u0101lu atbalstu kritisk\u0101s infrastrukt\u016bras dro\u0161\u012bbas p\u0101rpl\u0101no\u0161anas darbiem. Tostarp jau min\u0113tajam starpsavienojumam.\u00a0<\/p>\n<\/blockquote>\n<p>&#8220;Vi\u0146u p\u0101rb\u016bv\u0113t ir \u013coti d\u0101rgi un neiesp\u0113jami. Bet tam, ko m\u0113s dar\u0101m, ir j\u0101b\u016bt uz vietas, j\u0101tur ir rezerves da\u013cas. Ja notiek k\u0101ds incidents, lai m\u0113s varam vi\u0146u \u0101tri saremont\u0113t. Kad b\u016bv\u0113ja starpsavienojumus, neviens nebija aizdom\u0101jies, ka k\u0101ds ar enkuru vilks speci\u0101li pa j\u016bras dibenu un m\u0113\u0123in\u0101s tos kabe\u013cus aiz\u0137ert,&#8221; teica klimata un ener\u0123\u0113tikas ministrs\u00a0Kaspars Melnis (Za\u013co un Zemnieku savien\u012bba).\u00a0<\/p>\n<p>            <img decoding=\"async\" src=\"https:\/\/www.europesays.com\/lv\/wp-content\/uploads\/2025\/10\/ruwt.jpg\" alt=\"\"\/><\/p>\n<p>Foto: Dinija Jeme\u013cjanova<\/p>\n<\/p>\n<p>L\u012bdz\u012bga bateriju sist\u0113ma paredz\u0113ta ar\u012b Lietuv\u0101, tiesa, nedaudz liel\u0101ka. Latvij\u0101 v\u0113l uzst\u0101d\u012bti ar\u012b tr\u012bs sinhronie kompensatori un maz\u0101ka bateriju sist\u0113ma Tukuma novada\u00a0Tum\u0113.<\/p>\n<p>Kop\u0113j\u0101s invest\u012bcijas bateriju sist\u0113m\u0101s Latvij\u0101 ir 77 miljoni eiro.<\/p>\n<p>                    Valodas k\u013c\u016bda rakst\u0101?<\/p>\n<p class=\"d-none d-md-block\">Iez\u012bm\u0113jiet tekstu un spiediet Ctrl+Enter, lai nos\u016bt\u012btu labojamo teksta fragmentu redaktoram! Par faktu k\u013c\u016bd\u0101m l\u016bdzam zi\u0146ot e-past\u0101 <a href=\"https:\/\/www.lsm.lv\/cdn-cgi\/l\/email-protection\" class=\"__cf_email__\" data-cfemail=\"7f0d1a1b1e141c16151e3f130c12511309\" rel=\"nofollow noopener\" target=\"_blank\">[email\u00a0protected]<\/a>.<\/p>\n<p class=\"d-md-none\">Iez\u012bm\u0113jiet tekstu un spiediet uz Zi\u0146ot par k\u013c\u016bdu pogas, lai nos\u016bt\u012btu labojamo teksta fragmentu redaktoram!<\/p>\n<p>\n                    Zi\u0146ot par k\u013c\u016bdu\n                <\/p>\n","protected":false},"excerpt":{"rendered":"R\u0113zekn\u0113 \u0161om\u0113nes s\u0101k darboties elektroener\u0123iju uzkr\u0101jo\u0161\u0101 bateriju sist\u0113ma. T\u0101 ir da\u013ca no infrastrukt\u016bras, lai kr\u012bzes gad\u012bjum\u0101 Latviju nodro\u0161in\u0101tu&hellip;\n","protected":false},"author":2,"featured_media":29390,"comment_status":"","ping_status":"","sticky":false,"template":"","format":"standard","meta":{"footnotes":""},"categories":[5],"tags":[23,28,29,32,33,22,30,31,35,39,38,36,37,34,40,20,26,27,24,25,21],"class_list":{"0":"post-29389","1":"post","2":"type-post","3":"status-publish","4":"format-standard","5":"has-post-thumbnail","7":"category-aktualitates","8":"tag-aktualitates","9":"tag-breaking-news","10":"tag-breakingnews","11":"tag-featured-news","12":"tag-featurednews","13":"tag-headlines","14":"tag-latest-news","15":"tag-latestnews","16":"tag-latvia","17":"tag-latvian","18":"tag-latviesu","19":"tag-latviesu-valoda","20":"tag-latviesuvaloda","21":"tag-latvija","22":"tag-lv","23":"tag-news","24":"tag-popularakas-zinas","25":"tag-popularakaszinas","26":"tag-top-stories","27":"tag-topstories","28":"tag-zinas"},"share_on_mastodon":{"url":"https:\/\/pubeurope.com\/@lv\/115424813599163921","error":""},"_links":{"self":[{"href":"https:\/\/www.europesays.com\/lv\/wp-json\/wp\/v2\/posts\/29389","targetHints":{"allow":["GET"]}}],"collection":[{"href":"https:\/\/www.europesays.com\/lv\/wp-json\/wp\/v2\/posts"}],"about":[{"href":"https:\/\/www.europesays.com\/lv\/wp-json\/wp\/v2\/types\/post"}],"author":[{"embeddable":true,"href":"https:\/\/www.europesays.com\/lv\/wp-json\/wp\/v2\/users\/2"}],"replies":[{"embeddable":true,"href":"https:\/\/www.europesays.com\/lv\/wp-json\/wp\/v2\/comments?post=29389"}],"version-history":[{"count":0,"href":"https:\/\/www.europesays.com\/lv\/wp-json\/wp\/v2\/posts\/29389\/revisions"}],"wp:featuredmedia":[{"embeddable":true,"href":"https:\/\/www.europesays.com\/lv\/wp-json\/wp\/v2\/media\/29390"}],"wp:attachment":[{"href":"https:\/\/www.europesays.com\/lv\/wp-json\/wp\/v2\/media?parent=29389"}],"wp:term":[{"taxonomy":"category","embeddable":true,"href":"https:\/\/www.europesays.com\/lv\/wp-json\/wp\/v2\/categories?post=29389"},{"taxonomy":"post_tag","embeddable":true,"href":"https:\/\/www.europesays.com\/lv\/wp-json\/wp\/v2\/tags?post=29389"}],"curies":[{"name":"wp","href":"https:\/\/api.w.org\/{rel}","templated":true}]}}