{"id":29395,"date":"2025-10-23T18:17:08","date_gmt":"2025-10-23T18:17:08","guid":{"rendered":"https:\/\/www.europesays.com\/lv\/29395\/"},"modified":"2025-10-23T18:17:08","modified_gmt":"2025-10-23T18:17:08","slug":"jus-gribat-tikai-stambulet-saeima-pirmaja-lasijuma-atbalsta-izstasanos-no-stambulas-konvencijas-raksts","status":"publish","type":"post","link":"https:\/\/www.europesays.com\/lv\/29395\/","title":{"rendered":"\u00abJ\u016bs gribat tikai stambul\u0113t.\u00bb Saeima pirmaj\u0101 las\u012bjum\u0101 atbalsta izst\u0101\u0161anos no Stambulas konvencijas \/ Raksts"},"content":{"rendered":"<p>Saeima ceturtdien, 23. oktobr\u012b, p\u0113c gar\u0101m debat\u0113m pirmaj\u0101 las\u012bjum\u0101 atbalst\u012bja izst\u0101\u0161anos no Stambulas konvencijas. Dienu iepriek\u0161 to atbalst\u012bja atbild\u012bgaj\u0101 komisij\u0101, dodot vienu dienu priek\u0161likumu iesnieg\u0161anai. Parlament\u0101 l\u0113ma likumprojektu skat\u012bt steidzam\u012bbas k\u0101rt\u0101, t\u0101tad to skat\u012bs v\u0113l tikai vien\u0101 las\u012bjum\u0101.<\/p>\n<p style=\"margin-left:0cm; margin-right:0cm\">Ar spraig\u0101m debat\u0113m parlaments ceturtdien atbalst\u012bja Stambulas konvencijas denons\u0113\u0161anu pirmaj\u0101 las\u012bjum\u0101.<\/p>\n<p style=\"margin-left:0cm; margin-right:0cm\">Ar 52 bals\u012bm &#8220;par&#8221;\u00a0to atbalst\u012bja opoz\u012bcijas partijas \u2013 &#8220;Apvienotais saraksts&#8221;, Nacion\u0101l\u0101 apvien\u012bba, &#8220;Stabilit\u0101tei!&#8221; un &#8220;Latvija pirmaj\u0101 viet\u0101&#8221; \u2013 kop\u0101 ar koal\u012bcijas partiju Za\u013co un Zemnieku savien\u012bba un vair\u0101kiem \u0101rpusfrakcijas deput\u0101tiem.<\/p>\n<p style=\"margin-left:0cm; margin-right:0cm\">Savuk\u0101rt &#8220;Jaun\u0101s Vienot\u012bbas&#8221; un &#8220;Progres\u012bvo&#8221; deput\u0101ti, k\u0101 ar\u012b pie frakcij\u0101m nepiedero\u0161\u0101 Skaidr\u012bte \u0100brama balsojum\u0101 nepiedal\u012bj\u0101s. Pie frakcij\u0101m nepiedero\u0161ais Didzis \u0160mits balsojum\u0101 attur\u0113j\u0101s.<\/p>\n<p style=\"margin-left:0cm; margin-right:0cm\">Koal\u012bcijas deput\u0101ti debat\u0113s nor\u0101d\u012bja ar\u012b uz reput\u0101cijas riskiem, izst\u0101joties no konvencijas.<\/p>\n<p style=\"margin-left:0cm; margin-right:0cm\">&#8220;Tas b\u016bs apkaunojums, kas vilksies l\u012bdzi ne tikai \u0161im, bet ar\u012b n\u0101kamajiem Saeimas sast\u0101viem. Ar\u012b katram no jums, kas atbalst\u012bs \u0161o iniciat\u012bvu person\u012bgi.<\/p>\n<blockquote>\n<p style=\"margin-left:0cm; margin-right:0cm\">Process b\u016bs izgaismojis to, k\u0101du kait\u0113jumu var rad\u012bt Saeima, ja tai uztic\u0113to varu izmanto bezatbild\u012bgi.<\/p>\n<\/blockquote>\n<p style=\"margin-left:0cm; margin-right:0cm\">Diskusija par stambulas konvenciju ir k\u013cuvusi par piem\u0113ru hibr\u012bdkara metod\u0113m,&#8221; teica deput\u0101ts Edmunds Cepur\u012btis (&#8220;Progres\u012bvie&#8221;).<\/p>\n<p style=\"margin-left:0cm; margin-right:0cm\">Zanda Kalni\u0146a-Luka\u0161evica (&#8220;Jaun\u0101 Vienot\u012bba&#8221;) uzsv\u0113ra, ka \u0161aj\u0101 laik\u0101 parlaments b\u016btu var\u0113jis piev\u0113rsties citiem jaut\u0101jumiem.<\/p>\n<p style=\"margin-left:0cm; margin-right:0cm\">&#8220;K\u0101p\u0113c mums \u0161\u012b debate visp\u0101r ir vajadz\u012bga? \u0160odiena bija iepl\u0101nota k\u0101 latvie\u0161u valodai velt\u012bta diena, kur\u0101 galven\u0101 uzman\u012bba ir m\u016bsu m\u012b\u013cajai valodai. Un j\u016bs par vis\u0101m var\u012bt\u0113m liekat iek\u0161\u0101 konvenciju. M\u0113s b\u016btu var\u0113ju\u0161i str\u0101d\u0101t pie jaut\u0101jumiem, kas ir vajadz\u012bgi inov\u0101cij\u0101m Latvij\u0101. M\u0113s var\u0113tu piev\u0113rsties dro\u0161\u012bbai, bet j\u016bs gribat tikai stambul\u0113t.<\/p>\n<blockquote>\n<p style=\"margin-left:0cm; margin-right:0cm\">K\u0101d\u0113\u013c m\u0113s gribam non\u0101kt \u0161o valstu klubi\u0146\u0101, kur ir Krievija, kas ir izsl\u0113gta no Eiropas Padomes, Baltkrievija?&#8221; pauda politi\u0137e.<\/p>\n<\/blockquote>\n<p style=\"margin-left:0cm; margin-right:0cm\">Savuk\u0101rt opoz\u012bcija turpin\u0101ja uzsv\u0113r ideolo\u0123iskus jaut\u0101jumus. Ramona Petravi\u010da (&#8220;Latvija pirmaj\u0101 viet\u0101&#8221;) frakcijas v\u0101rd\u0101 rosin\u0101ja vardarb\u012bbas probl\u0113mu risin\u0101t, stiprinot Latvijas likumus.<\/p>\n<p style=\"margin-left:0cm; margin-right:0cm\">&#8220;Liber\u0101\u013cu nometne m\u0113dz nov\u0113rst uzman\u012bbu no t\u0101, ka Stambulas konvencija paredz soci\u0101lo dzimumu ievie\u0161anu. Ikviens, kas iebilst pret konvenciju, tiek apz\u012bm\u0113ts par putinistu,&#8221; teica Petravi\u010da.<\/p>\n<p style=\"margin-left:0cm; margin-right:0cm\">Ar\u012b Svetlana \u010culkova (&#8220;Stabilit\u0101tei!&#8221;) pauda p\u0101rliec\u012bbu, ka vardarb\u012bbas apkaro\u0161anai konvencija nav vajadz\u012bga.<\/p>\n<p style=\"margin-left:0cm; margin-right:0cm\">&#8220;M\u0113s jau \u0161odien varam c\u012bn\u012bties pret vardarb\u012bbu ar eso\u0161ajiem likumiem. Mums ir dienesti un viss p\u0101r\u0113jais, lai aizsarg\u0101tu ikvienu cilv\u0113ku Latvij\u0101. Stambulas konvencija nepasarg\u0101 sievietes, tas pasarg\u0101 ideolo\u0123iju,&#8221; uzskata \u010culkova.<\/p>\n<p>EPPA prezidents aicina Saeimu balsot &#8220;pret&#8221;<\/p>\n<p>Eiropas Padomes Parlament\u0101r\u0101s asamblejas (EPPA) prezidents Teodors Rusopuls ceturtdien aicin\u0101ja Saeimu balsot pret izst\u0101\u0161anos no Stambulas konvencijas.<\/p>\n<p>&#8220;Esmu \u0101rk\u0101rt\u012bgi noba\u017e\u012bjies par Saeim\u0101 \u0161odien un n\u0101kamned\u0113\u013c paredz\u0113tajiem parlamenta balsojumiem steidzam\u012bbas k\u0101rt\u0101 par izst\u0101\u0161anos no Stambulas konvencijas, nesagaidot Ven\u0113cijas komisijas atzinumu, ko ir piepras\u012bjis Latvijas tieslietu ministrs,&#8221; teikts Rusopula pazi\u0146ojum\u0101.<\/p>\n<blockquote>\n<p>&#8220;Latvijas parlament\u0101rie\u0161i risk\u0113 s\u016bt\u012bt v\u0113st\u012bjumu vardarb\u012bb\u0101 cietu\u0161aj\u0101m sieviet\u0113m, ka vi\u0146u ties\u012bbas un vajadz\u012bbas netiek uztvertas nopietni un ka vi\u0146as nav peln\u012bju\u0161as \u0161\u012bs konvencijas augstos aizsardz\u012bbas un atbalsta meh\u0101nismus,&#8221; vi\u0146\u0161 uzsv\u0113ra.<\/p>\n<\/blockquote>\n<p>Ja deput\u0101ti nobalsos par \u0161\u012bs svar\u012bg\u0101s konvencijas denons\u0113\u0161anu tikai nedaudz vair\u0101k nek\u0101 gadu p\u0113c t\u0101s st\u0101\u0161an\u0101s sp\u0113k\u0101 Latvij\u0101, valsts k\u013c\u016bs par pirmo Eiropas Savien\u012bbas\u00a0(ES) valsti, kas izst\u0101sies no k\u0101da svar\u012bga Eiropas Padomes cilv\u0113kties\u012bbu l\u012bguma, teikts pazi\u0146ojum\u0101.<\/p>\n<p>&#8220;Tas ir v\u0113l jo nopietn\u0101k, \u0146emot v\u0113r\u0101, ka ES pati 2023. gad\u0101 k\u013cuva par Stambulas konvencijas l\u012bgumsl\u0113dz\u0113ju pusi un ka Stambulas konvencija neap\u0161aub\u0101mi ir viens no galvenajiem Eiropas Padomes juridiskajiem instrumentiem, kas ir t\u0101s pamatv\u0113rt\u012bbu centr\u0101,&#8221; pav\u0113st\u012bja Rusopuls.<\/p>\n<p>&#8220;Es stingri aicinu Saeimu balsot par to, lai saglab\u0101tu Stambulas konvencij\u0101 noteikto sievie\u0161u ties\u012bbu un dz\u012bv\u012bbas aizsardz\u012bbu, kas Eirop\u0101 un \u0101rpus t\u0101s tiek uzskat\u012bta par &#8220;zelta standartu&#8221; c\u012b\u0146\u0101 par vardarb\u012bbas pret sieviet\u0113m nov\u0113r\u0161anu un sod\u012b\u0161anu par to,&#8221; nor\u0101d\u012bja Rusopuls.<\/p>\n<p>Eksperti un organiz\u0101cijas nor\u0101da uz riskiem, Latvijai izst\u0101joties<\/p>\n<p style=\"margin-left:0cm; margin-right:0cm\">Organiz\u0101cija, kas str\u0101d\u0101 ar vardarb\u012bb\u0101 cietu\u0161\u0101m sieviet\u0113m \u2013 centrs &#8220;Marta&#8221; \u2013 vair\u0101kk\u0101rt l\u016bdza parlamentu \u0161\u0101du soli nespert. Centr\u0101 uzsv\u0113ra, ka pievieno\u0161an\u0101s \u0161\u0101dai konvencijai ir starptautiska ap\u0146em\u0161an\u0101s un vieno\u0161an\u0101s, kas Latvijai uzliek par pien\u0101kumu uz\u0146emt\u0101s saist\u012bbas pild\u012bt.\u00a0<\/p>\n<p style=\"margin-left:0cm; margin-right:0cm\">Opoz\u012bcijas deput\u0101ti un ZZS k\u0101 alternat\u012bvu sabiedr\u012bbai steidza pied\u0101v\u0101t deklar\u0101ciju &#8220;Par vardarb\u012bbas pret sieviet\u0113m un vardarb\u012bbas \u0123imen\u0113 nov\u0113r\u0161anu un izskau\u0161anu&#8221;, ko parlament\u0101 atbalst\u012bja 17. oktobr\u012b. Ta\u010du eksperti nor\u0101da \u2013 deklar\u0101cijai nav vienl\u012bdz\u012bgs sp\u0113ks ar ratific\u0113tu starptautisku konvenciju, kur\u0101 ir ar\u012b kontroles meh\u0101nismi.<\/p>\n<p style=\"margin-left:0cm; margin-right:0cm\">Piem\u0113ram, ties\u012bbsardze Karina Palkova uzsv\u0113ra, ka deklar\u0101cijai nav nek\u0101da juridiska sp\u0113ka un t\u0101 nerada tiesiskas saist\u012bbas. Ar\u012b Savien\u012bbas Visp\u0101r\u0113j\u0101s tiesas tiesnese Inga Reine intervij\u0101 Latvijas Radio to uzsv\u0113ra. Reine sac\u012bja, ka ap \u0161o jaut\u0101jumu pa\u0161laik ir daudz dezinform\u0101cijas un &#8220;konvencija ir starptautisk\u0101s sadarb\u012bbas meh\u0101nisms, nevis ideolo\u0123isks instruments&#8221;.<\/p>\n<p style=\"margin-left:0cm; margin-right:0cm\">Ar\u012b da\u013ca iedz\u012bvot\u0101ju steidza izteikt savu viedokli gan protest\u0113jot, gan da\u017eu dienu laik\u0101 sav\u0101cot 10 000 parakstu iniciat\u012bvai par Latvijas dal\u012bbas konvencij\u0101 turpin\u0101\u0161anu.\u00a0<\/p>\n<blockquote>\n<p style=\"margin-left:0cm; margin-right:0cm\">\u0100rvalstu investoru padome Latvij\u0101 (FICIL) nor\u0101d\u012bjusi, ka izst\u0101\u0161an\u0101s no konvencijas var negat\u012bvi ietekm\u0113t Latvijas reput\u0101ciju, invest\u012bciju vidi un soci\u0101li ekonomisko att\u012bst\u012bbu.<\/p>\n<\/blockquote>\n<p style=\"margin-left:0cm; margin-right:0cm\">Finan\u0161u ministrija savuk\u0101rt uzsv\u0113rusi, ka izst\u0101\u0161an\u0101s no konvencijas ietekme uz tautsaimniec\u012bbu v\u0113l j\u0101v\u0113rt\u0113.<\/p>\n<p style=\"margin-left:0cm; margin-right:0cm\">Attur\u012bgs par gaid\u0101mo saist\u012bb\u0101 ar \u0161o jaut\u0101jumu \u0161oned\u0113\u013c bija Valsts prezidents Edgars Rink\u0113vi\u010ds. Vi\u0146\u0161 skaidroja, ka diskusij\u0101s neiesaist\u012bsies, l\u012bdz Saeima pie\u0146ems gala l\u0113mumu. Iesp\u0113jamo r\u012bc\u012bbu gad\u012bjum\u0101, ja \u0161is l\u0113mums b\u016bs konvenciju denons\u0113t, Rink\u0113vi\u010ds neatkl\u0101ja.\u00a0<\/p>\n<blockquote>\n<p style=\"margin-left:0cm; margin-right:0cm\">L\u012bdz \u0161im no Stambulas konvencijas izst\u0101jusies tikai Turcija.\u00a0<\/p>\n<\/blockquote>\n<p style=\"margin-left:0cm; margin-right:0cm\">Konvencijas 80. pants paredz, ka l\u0113mums par t\u0101s denons\u0113\u0161anu j\u0101iesniedz Eiropas Padomes \u0123ener\u0101lsekret\u0101ram. Izst\u0101\u0161an\u0101s st\u0101jas sp\u0113k\u0101 n\u0101kam\u0101 m\u0113ne\u0161a pirmaj\u0101 dien\u0101 tr\u012bs m\u0113ne\u0161us p\u0113c tam, kad \u0123ener\u0101lsekret\u0101rs sa\u0146\u0113mis \u0161o l\u0113mumu.\u00a0<\/p>\n<p>KONTEKSTS:<\/p>\n<p>Latvij\u0101 atkal aktualiz\u0113jies jaut\u0101jums par Stambulas konvenciju, jo\u00a0<a class=\"lsm-link\" data-id=\"615749\" data-type=\"article\" href=\"https:\/\/www.lsm.lv\/raksts\/zinas\/latvija\/25.09.2025-saeimas-komisija-ar-zzs-atbalstu-vertes-opozicijas-ieceri-par-latvijas-izstasanos-no-stambulas-konvencijas.a615749\/\" rel=\"nofollow noopener\" target=\"_blank\">Saeim\u0101<\/a>\u00a0p\u0113c opoz\u012bcijas ierosin\u0101juma\u00a0v\u0113rt\u0113 Latvijas izst\u0101\u0161anos no t\u0101s. T\u0101 k\u0101 \u0161\u0101du ierosin\u0101jumu atbalsta ar\u012b koal\u012bcij\u0101 ietilpsto\u0161\u0101 Za\u013co un Zemnieku savien\u012bba (ZZS), ir liela iesp\u0113jam\u012bba, ka to denons\u0113s. Tas izrais\u012bjis ne vien\u00a0<a class=\"lsm-link\" data-id=\"616755\" data-type=\"article\" href=\"https:\/\/www.lsm.lv\/article-preview\/zinas\/latvija\/02.10.2025-foto-vairaki-simti-cilveku-pie-saeimas-proteste-pret-ieceri-latvijai-izstaties-no-stambulas-konvencijas.a616755\/\" rel=\"nofollow noopener\" target=\"_blank\">protestus\u00a0<\/a>sabiedr\u012bb\u0101, bet ar\u012b\u00a0<a class=\"lsm-link\" data-id=\"616412\" data-type=\"article\" href=\"https:\/\/www.lsm.lv\/article-preview\/zinas\/latvija\/30.09.2025-vienotibas-vaditajs-jurevics-zzs-iesaistijusies-slesera-un-stepanenko-prieksvelesanu-kampana.a616412\/\" rel=\"nofollow noopener\" target=\"_blank\">\u0161\u016bpo\u0161anos koal\u012bcij\u0101<\/a>.\u00a0<\/p>\n<p>Vienlaikus\u00a0Saeim\u0101 non\u0101kusi opoz\u012bcijas partiju un ZZS sagatavot\u0101\u00a0<a class=\"lsm-link\" data-id=\"617682\" data-type=\"article\" href=\"https:\/\/www.lsm.lv\/raksts\/zinas\/latvija\/09.10.2025-saeima-vertes-opozicijas-deputatu-un-zzs-izstradato-alternativu-stambulas-konvencijai.a617682\/\" rel=\"nofollow noopener\" target=\"_blank\">alternat\u012bva\u00a0Stambulas konvencijai.\u00a0<\/a>Saeimas priek\u0161s\u0113d\u0113t\u0101ja Daiga\u00a0<a class=\"lsm-link\" data-id=\"617911\" data-type=\"article\" href=\"https:\/\/www.lsm.lv\/raksts\/zinas\/latvija\/10.10.2025-alternativa-stambulas-konvencijai-bez-ideologiskam-interpretacijam-un-tiesiskam-saistibam.a617911\/\" rel=\"nofollow noopener\" target=\"_blank\">Mieri\u0146a<\/a>\u00a0(ZZS) nor\u0101d\u012bjusi, ka izstr\u0101d\u0101t\u0101 alternat\u012bva nedod vietu ideolo\u0123isk\u0101m interpret\u0101cij\u0101m. Vienlaikus ties\u012bbsardze Karina Palkova uzsv\u0113rusi\u00a0\u2013\u00a0Saeim\u0101 pied\u0101v\u0101tajai deklar\u0101cijai nav juridiska sp\u0113ka un t\u0101 pati par sevi nerada nek\u0101das tiesiskas saist\u012bbas.\u00a0<\/p>\n<p>Latvija Stambulas konvenciju\u00a0<a class=\"lsm-link\" data-id=\"533581\" data-type=\"article\" href=\"https:\/\/www.lsm.lv\/raksts\/zinas\/latvija\/30.11.2023-saeima-ratifice-stambulas-konvenciju-pec-teju-5-stundu-debatem.a533581\/\" rel=\"nofollow noopener\" target=\"_blank\">ratific\u0113ja<\/a>\u00a02023. gad\u0101 \u2013 septi\u0146arpus gadus p\u0113c t\u0101s parakst\u012b\u0161anas. Tas bija laik\u0101, kad labkl\u0101j\u012bbas ministrs bija ZZS\u00a0politi\u0137is Uldis Augulis. Toreiz vi\u0146\u0161 ZZS atbalstu konvencijas ratific\u0113\u0161anai pamatoja ar m\u0113r\u0137i aizsarg\u0101t sievietes no vardarb\u012bbas. Labkl\u0101j\u012bbas ministrija\u00a0konvencijai toreiz pievienoja skaidrojo\u0161u pielikumu, kur\u0101 uzsv\u0113ra, ka konvencij\u0101 iek\u013cautais un pretrun\u012bg\u0101s diskusij\u0101s izmantotais termins &#8220;soci\u0101lais dzimums&#8221; nav saist\u012bts ar pien\u0101kumu ieviest k\u0101du citu izpratni par dzimumu Latvijas ties\u012bbu un izgl\u012bt\u012bbas sist\u0113m\u0101. ZZS\u00a0nesen izplat\u012bja pazi\u0146ojumu, ka Kult\u016bras ministrija un Izgl\u012bt\u012bbas un zin\u0101tnes ministrija p\u0101rk\u0101pu\u0161as deklar\u0101ciju, jo<a class=\"lsm-link\" data-id=\"616332\" data-type=\"article\" href=\"https:\/\/www.lsm.lv\/article-preview\/zinas\/latvija\/30.09.2025-labklajibas-ministrs-parliecinats-par-latvijas-izstasanos-no-stambulas-konvencijas.a616332\/\" rel=\"nofollow noopener\" target=\"_blank\">\u00a0izmantoju\u0161as to citiem m\u0113r\u0137iem<\/a>\u00a0\u2013 \u00a0populariz\u0113ju\u0161as citu izpratni par dzimumu, stiprinot dzimtes ideolo\u0123iju\u00a0Latvij\u0101.\u00a0<a class=\"lsm-link\" data-id=\"617380\" data-type=\"article\" href=\"https:\/\/www.lsm.lv\/raksts\/zinas\/latvija\/07.10.2025-melbarde-izglitibas-un-zinatnes-ministrija-nepopularize-dzimtes-ideologiju.a617380\/\" rel=\"nofollow noopener\" target=\"_blank\">Abas ministres\u00a0<\/a>pret to iebildu\u0161as.<\/p>\n<p>Stambulas konvencijas m\u0113r\u0137is ir aizsarg\u0101t sievietes no jebk\u0101das vardarb\u012bbas un nov\u0113rst vardarb\u012bbu pret sieviet\u0113m un vardarb\u012bbu \u0123imen\u0113, sod\u012bt par to, k\u0101 ar\u012b sekm\u0113t jebk\u0101das vardarb\u012bbas pret sieviet\u0113m izskau\u0161anu un veicin\u0101t sievie\u0161u un v\u012brie\u0161u faktisku l\u012bdzties\u012bbu.\u00a0<a class=\"lsm-link\" data-id=\"617358\" data-type=\"article\" href=\"https:\/\/www.lsm.lv\/raksts\/zinas\/latvija\/07.10.2025-pedejos-gados-latvija-butiski-stiprinajusi-vardarbibas-mazinasanu-uzulnieks-aicina-gaidit-saeimas-lemumu-par-konvenciju.a617358\/\" rel=\"nofollow noopener\" target=\"_blank\">Labkl\u0101j\u012bbas ministrija\u00a0<\/a>iepriek\u0161 v\u0113st\u012bja, ka p\u0113d\u0113jos gados Latvija b\u016btiski stiprin\u0101jusi vardarb\u012bbas mazin\u0101\u0161anu.<\/p>\n","protected":false},"excerpt":{"rendered":"Saeima ceturtdien, 23. oktobr\u012b, p\u0113c gar\u0101m debat\u0113m pirmaj\u0101 las\u012bjum\u0101 atbalst\u012bja izst\u0101\u0161anos no Stambulas konvencijas. Dienu iepriek\u0161 to atbalst\u012bja&hellip;\n","protected":false},"author":2,"featured_media":29396,"comment_status":"","ping_status":"","sticky":false,"template":"","format":"standard","meta":{"footnotes":""},"categories":[12],"tags":[23,28,29,32,33,22,30,31,35,39,38,36,37,34,40,20,26,27,24,25,21],"class_list":{"0":"post-29395","1":"post","2":"type-post","3":"status-publish","4":"format-standard","5":"has-post-thumbnail","7":"category-latvija","8":"tag-aktualitates","9":"tag-breaking-news","10":"tag-breakingnews","11":"tag-featured-news","12":"tag-featurednews","13":"tag-headlines","14":"tag-latest-news","15":"tag-latestnews","16":"tag-latvia","17":"tag-latvian","18":"tag-latviesu","19":"tag-latviesu-valoda","20":"tag-latviesuvaloda","21":"tag-latvija","22":"tag-lv","23":"tag-news","24":"tag-popularakas-zinas","25":"tag-popularakaszinas","26":"tag-top-stories","27":"tag-topstories","28":"tag-zinas"},"share_on_mastodon":{"url":"https:\/\/pubeurope.com\/@lv\/115424856824893419","error":""},"_links":{"self":[{"href":"https:\/\/www.europesays.com\/lv\/wp-json\/wp\/v2\/posts\/29395","targetHints":{"allow":["GET"]}}],"collection":[{"href":"https:\/\/www.europesays.com\/lv\/wp-json\/wp\/v2\/posts"}],"about":[{"href":"https:\/\/www.europesays.com\/lv\/wp-json\/wp\/v2\/types\/post"}],"author":[{"embeddable":true,"href":"https:\/\/www.europesays.com\/lv\/wp-json\/wp\/v2\/users\/2"}],"replies":[{"embeddable":true,"href":"https:\/\/www.europesays.com\/lv\/wp-json\/wp\/v2\/comments?post=29395"}],"version-history":[{"count":0,"href":"https:\/\/www.europesays.com\/lv\/wp-json\/wp\/v2\/posts\/29395\/revisions"}],"wp:featuredmedia":[{"embeddable":true,"href":"https:\/\/www.europesays.com\/lv\/wp-json\/wp\/v2\/media\/29396"}],"wp:attachment":[{"href":"https:\/\/www.europesays.com\/lv\/wp-json\/wp\/v2\/media?parent=29395"}],"wp:term":[{"taxonomy":"category","embeddable":true,"href":"https:\/\/www.europesays.com\/lv\/wp-json\/wp\/v2\/categories?post=29395"},{"taxonomy":"post_tag","embeddable":true,"href":"https:\/\/www.europesays.com\/lv\/wp-json\/wp\/v2\/tags?post=29395"}],"curies":[{"name":"wp","href":"https:\/\/api.w.org\/{rel}","templated":true}]}}