{"id":29401,"date":"2025-10-23T18:29:07","date_gmt":"2025-10-23T18:29:07","guid":{"rendered":"https:\/\/www.europesays.com\/lv\/29401\/"},"modified":"2025-10-23T18:29:07","modified_gmt":"2025-10-23T18:29:07","slug":"saeima-uzklausa-zinojumu-par-paveikto-un-iecereto-darbibu-valsts-valodas-saglabasanai-lr1-latvijas-radio","status":"publish","type":"post","link":"https:\/\/www.europesays.com\/lv\/29401\/","title":{"rendered":"Saeim\u0101 uzklausa zi\u0146ojumu par paveikto un iecer\u0113to darb\u012bbu valsts valodas saglab\u0101\u0161anai \/ LR1 \/ \/ Latvijas Radio"},"content":{"rendered":"<p><a href=\"https:\/\/mapp.latvijasradio.lv\/shared-broadcast?b=124&amp;url=http:\/\/latvijasradio.lsm.lv\/lv\/lr1\/raidijumi\/pecpusdiena\/\" target=\"_blank\" rel=\"nofollow noopener\"><img decoding=\"async\" alt=\"Latvijas Radio lietotnes logo\" src=\"https:\/\/www.europesays.com\/lv\/wp-content\/uploads\/2025\/10\/1761244147_560_LR_pod poga.png\" style=\"width: 150px; height: 41px;\"\/><\/a><\/p>\n<p>Gandr\u012bz se\u0161as stundas zi\u0146ot un debat\u0113t par valsts valodu. Saeim\u0101 ar dai\u013cliterat\u016bras cit\u0101tiem bag\u0101t\u0101 s\u0113d\u0113 23. oktobr\u012b deput\u0101ti pirmo reizi uzklaus\u012bja vald\u012bbas zi\u0146ojumu par to, kas paveikts un iecer\u0113ts, lai saglab\u0101tu, aizsarg\u0101tu un att\u012bst\u012btu valsts valodu. P\u0113c \u0161ogad pie\u0146emtaj\u0101m izmai\u0146\u0101m Saeimas k\u0101rt\u012bbas rull\u012b vald\u012bbai t\u0101ds zi\u0146ojums parlament\u0101rie\u0161iem ir j\u0101iesniedz reizi divos gados. Debat\u0113t par valsts valodu v\u0113l\u0113j\u0101s daudzi deput\u0101ti, kuri ne tikai aicin\u0101ju\u0161i latvie\u0161u valodu lietot ikdien\u0101, bet ar\u012b nor\u0101d\u012bju\u0161i uz valodas lietojuma probl\u0113m\u0101m.\u00a0<\/p>\n<p>Zi\u0146ojumu Saeimai prezent\u0113ja izgl\u012bt\u012bbas un zin\u0101tnes ministre Dace Melb\u0101rde no \u201eJaun\u0101s Vienot\u012bbas\u201d, atg\u0101dinot, ka latvie\u0161u valodas statuss ir nostiprin\u0101ts Satversm\u0113. Vi\u0146a piemin\u0113ja ar\u012b v\u0113sturi, kad padomju laik\u0101 valoda bija apspiesta, un to, ka joproj\u0101m liela da\u013ca Latvijas iedz\u012bvot\u0101ju valsts valodu ikdien\u0101 nelieto. Ministre st\u0101st\u012bja, ka no 2023. l\u012bdz \u0161im gadam \u012bstenoti daudzi pas\u0101kumi sabiedr\u012bbai kopum\u0101, lai inform\u0113tu par valodu hierarhiju un valodas lomu. \u012apa\u0161a v\u0113r\u012bba \u0161aj\u0101 laik\u0101 piev\u0113rsta jaunie\u0161u iesaistei, stiprinot v\u0113lmi b\u016bt akt\u012bvam savas valodas sargam un populariz\u0113t\u0101jam, pal\u012bdzot ar\u012b cittautie\u0161iem t\u0101s apguv\u0113.<\/p>\n<p>Ieteikt<\/p>\n<p>    Latvijas Radio aicina izteikt savu viedokli par raid\u012bjum\u0101 dzird\u0113to un atbalsta diskusijas klaus\u012bt\u0101ju starp\u0101, tom\u0113r patur ties\u012bbas dz\u0113st koment\u0101rus, kas p\u0101rk\u0101pj cie\u0146pilnas attieksmes un \u0113tiskas r\u012bc\u012bbas robe\u017eas.<a name=\"comments\"\/><\/p>\n","protected":false},"excerpt":{"rendered":"Gandr\u012bz se\u0161as stundas zi\u0146ot un debat\u0113t par valsts valodu. Saeim\u0101 ar dai\u013cliterat\u016bras cit\u0101tiem bag\u0101t\u0101 s\u0113d\u0113 23. oktobr\u012b deput\u0101ti&hellip;\n","protected":false},"author":2,"featured_media":29402,"comment_status":"","ping_status":"","sticky":false,"template":"","format":"standard","meta":{"footnotes":""},"categories":[12],"tags":[23,28,29,32,33,22,30,31,35,39,38,36,37,34,40,20,26,27,24,25,21],"class_list":{"0":"post-29401","1":"post","2":"type-post","3":"status-publish","4":"format-standard","5":"has-post-thumbnail","7":"category-latvija","8":"tag-aktualitates","9":"tag-breaking-news","10":"tag-breakingnews","11":"tag-featured-news","12":"tag-featurednews","13":"tag-headlines","14":"tag-latest-news","15":"tag-latestnews","16":"tag-latvia","17":"tag-latvian","18":"tag-latviesu","19":"tag-latviesu-valoda","20":"tag-latviesuvaloda","21":"tag-latvija","22":"tag-lv","23":"tag-news","24":"tag-popularakas-zinas","25":"tag-popularakaszinas","26":"tag-top-stories","27":"tag-topstories","28":"tag-zinas"},"share_on_mastodon":{"url":"https:\/\/pubeurope.com\/@lv\/115424904314510541","error":""},"_links":{"self":[{"href":"https:\/\/www.europesays.com\/lv\/wp-json\/wp\/v2\/posts\/29401","targetHints":{"allow":["GET"]}}],"collection":[{"href":"https:\/\/www.europesays.com\/lv\/wp-json\/wp\/v2\/posts"}],"about":[{"href":"https:\/\/www.europesays.com\/lv\/wp-json\/wp\/v2\/types\/post"}],"author":[{"embeddable":true,"href":"https:\/\/www.europesays.com\/lv\/wp-json\/wp\/v2\/users\/2"}],"replies":[{"embeddable":true,"href":"https:\/\/www.europesays.com\/lv\/wp-json\/wp\/v2\/comments?post=29401"}],"version-history":[{"count":0,"href":"https:\/\/www.europesays.com\/lv\/wp-json\/wp\/v2\/posts\/29401\/revisions"}],"wp:featuredmedia":[{"embeddable":true,"href":"https:\/\/www.europesays.com\/lv\/wp-json\/wp\/v2\/media\/29402"}],"wp:attachment":[{"href":"https:\/\/www.europesays.com\/lv\/wp-json\/wp\/v2\/media?parent=29401"}],"wp:term":[{"taxonomy":"category","embeddable":true,"href":"https:\/\/www.europesays.com\/lv\/wp-json\/wp\/v2\/categories?post=29401"},{"taxonomy":"post_tag","embeddable":true,"href":"https:\/\/www.europesays.com\/lv\/wp-json\/wp\/v2\/tags?post=29401"}],"curies":[{"name":"wp","href":"https:\/\/api.w.org\/{rel}","templated":true}]}}