{"id":29411,"date":"2025-10-23T18:41:10","date_gmt":"2025-10-23T18:41:10","guid":{"rendered":"https:\/\/www.europesays.com\/lv\/29411\/"},"modified":"2025-10-23T18:41:10","modified_gmt":"2025-10-23T18:41:10","slug":"vid-generaldirektore-zem-knab-lupas-esmu-parliecinata-ka-esmu-rikojusies-tikai-un-vienigi-likuma-ietvaros","status":"publish","type":"post","link":"https:\/\/www.europesays.com\/lv\/29411\/","title":{"rendered":"VID \u0123ener\u0101ldirektore zem KNAB lupas: \u201cEsmu p\u0101rliecin\u0101ta, ka esmu r\u012bkojusies tikai un vien\u012bgi likuma ietvaros\u201d"},"content":{"rendered":"<p>    <img decoding=\"async\" src=\"https:\/\/www.europesays.com\/lv\/wp-content\/uploads\/2025\/10\/LET_24816568-1024x667.jpg\" alt=\"&#10;Foto: Evija Trifanova\/LETA&#10;\"\/><\/p>\n<p>Foto: Evija Trifanova\/LETA<\/p>\n<p>Valsts ie\u0146\u0113mumu dienesta (VID) \u0123ener\u0101ldirektore Baiba \u0160mite-Ro\u0137e piedal\u0101s preses konferenc\u0113, kur\u0101 inform\u0113 par VID izmekl\u0113\u0161anas un operat\u012bv\u0101s darb\u012bbas funkciju p\u0101r\u0146em\u0161anu.\n<\/p>\n<p>Korupcijas nov\u0113r\u0161anas un apkaro\u0161anas birojs (KNAB) veic resorisko p\u0101rbaudi par neizpau\u017eamu zi\u0146u iesp\u0113jamu atkl\u0101\u0161anu, kas saist\u012bta ar Valsts ie\u0146\u0113mumu dienesta (VID) veikto dienesta p\u0101rbaudi saist\u012bb\u0101 ar \u0161\u012b gada s\u0101kum\u0101 gar\u0101m palaisto rekordlielo hero\u012bna kravu, noskaidroja a\u0123ent\u016bra LETA.<\/p>\n<p>        Las\u012bt\u0101kie<br \/>\n        <a data-imagesrc=\"{&quot;300&quot;:&quot;https:\\\/\\\/lastatic.ams3.cdn.digitaloceanspaces.com\\\/2025\\\/10\\\/oul-2-300x200.png&quot;,&quot;1024&quot;:&quot;https:\\\/\\\/lastatic.ams3.cdn.digitaloceanspaces.com\\\/2025\\\/10\\\/oul-2-1024x683.png&quot;,&quot;1536&quot;:&quot;https:\\\/\\\/lastatic.ams3.cdn.digitaloceanspaces.com\\\/2025\\\/10\\\/oul-2-1536x1024.png&quot;,&quot;500&quot;:&quot;https:\\\/\\\/lastatic.ams3.cdn.digitaloceanspaces.com\\\/2025\\\/10\\\/oul-2-500x333.png&quot;,&quot;800&quot;:&quot;https:\\\/\\\/lastatic.ams3.cdn.digitaloceanspaces.com\\\/2025\\\/10\\\/oul-2-800x533.png&quot;,&quot;1800&quot;:&quot;https:\\\/\\\/lastatic.ams3.cdn.digitaloceanspaces.com\\\/2025\\\/10\\\/oul-2.png&quot;}\" data-focuspoint=\"&quot;&quot;\" data-p=\"2445017\" href=\"https:\/\/www.la.lv\/tu-pati-sev-pieliec-klat-gadus-8-ieradumi-kas-liek-sievietem-novecot-atrak\" class=\"content-item lazy-load\" wp_automatic_readability=\"26.5\" rel=\"nofollow noopener\" target=\"_blank\"><\/p>\n<p>                                <img decoding=\"async\" src=\"\" alt=\"\" style=\"\" data-imageid=\"\"\/><\/p>\n<p>\n                                                Tu pati sev pieliec kl\u0101t gadus! 8 ieradumi, kas liek sieviet\u0113m novecot \u0101tr\u0101k\n                            <\/p>\n<p><\/a><a data-imagesrc=\"{&quot;300&quot;:&quot;https:\\\/\\\/lastatic.ams3.cdn.digitaloceanspaces.com\\\/2025\\\/10\\\/man-with-light-bulb-1-300x209.jpg&quot;,&quot;1024&quot;:&quot;https:\\\/\\\/lastatic.ams3.cdn.digitaloceanspaces.com\\\/2025\\\/10\\\/man-with-light-bulb-1-1024x714.jpg&quot;,&quot;1536&quot;:&quot;https:\\\/\\\/lastatic.ams3.cdn.digitaloceanspaces.com\\\/2025\\\/10\\\/man-with-light-bulb-1-1536x1071.jpg&quot;,&quot;500&quot;:&quot;https:\\\/\\\/lastatic.ams3.cdn.digitaloceanspaces.com\\\/2025\\\/10\\\/man-with-light-bulb-1-500x349.jpg&quot;,&quot;800&quot;:&quot;https:\\\/\\\/lastatic.ams3.cdn.digitaloceanspaces.com\\\/2025\\\/10\\\/man-with-light-bulb-1-800x558.jpg&quot;,&quot;2560&quot;:&quot;https:\\\/\\\/lastatic.ams3.cdn.digitaloceanspaces.com\\\/2025\\\/10\\\/man-with-light-bulb-1-scaled.jpg&quot;}\" data-focuspoint=\"&quot;&quot;\" data-p=\"2447317\" href=\"https:\/\/www.la.lv\/ludzu-ludzu-kaut-es-butu-viens-no-viniem-cilveki-kas-dzimusi-sajos-trijos-datumos-tiek-uzskatiti-par-visgudrakajiem-pasaule\" class=\"content-item lazy-load\" wp_automatic_readability=\"28.5\" rel=\"nofollow noopener\" target=\"_blank\"><\/p>\n<p>                                <img decoding=\"async\" src=\"\" alt=\"\" style=\"\" data-imageid=\"\"\/><\/p>\n<p>                                Kokteilis<\/p>\n<p>\n                                                L\u016bdzu, l\u016bdzu, kaut es b\u016btu viens no vi\u0146iem: cilv\u0113ki, kas dzimu\u0161i \u0161ajos trijos datumos, tiek uzskat\u012bti par visgudr\u0101kajiem pasaul\u0113\n                            <\/p>\n<p><\/a><a data-imagesrc=\"{&quot;300&quot;:&quot;https:\\\/\\\/lastatic.ams3.cdn.digitaloceanspaces.com\\\/2024\\\/04\\\/ella-de-kross-T_o1foxyZJY-unsplash-300x200.jpg&quot;,&quot;1024&quot;:&quot;https:\\\/\\\/lastatic.ams3.cdn.digitaloceanspaces.com\\\/2024\\\/04\\\/ella-de-kross-T_o1foxyZJY-unsplash-1024x683.jpg&quot;,&quot;768&quot;:&quot;https:\\\/\\\/lastatic.ams3.cdn.digitaloceanspaces.com\\\/2024\\\/04\\\/ella-de-kross-T_o1foxyZJY-unsplash-768x513.jpg&quot;,&quot;1536&quot;:&quot;https:\\\/\\\/lastatic.ams3.cdn.digitaloceanspaces.com\\\/2024\\\/04\\\/ella-de-kross-T_o1foxyZJY-unsplash-1536x1025.jpg&quot;,&quot;2048&quot;:&quot;https:\\\/\\\/lastatic.ams3.cdn.digitaloceanspaces.com\\\/2024\\\/04\\\/ella-de-kross-T_o1foxyZJY-unsplash-2048x1367.jpg&quot;,&quot;200&quot;:&quot;https:\\\/\\\/lastatic.ams3.cdn.digitaloceanspaces.com\\\/2024\\\/04\\\/ella-de-kross-T_o1foxyZJY-unsplash-200x133.jpg&quot;,&quot;400&quot;:&quot;https:\\\/\\\/lastatic.ams3.cdn.digitaloceanspaces.com\\\/2024\\\/04\\\/ella-de-kross-T_o1foxyZJY-unsplash-400x267.jpg&quot;,&quot;500&quot;:&quot;https:\\\/\\\/lastatic.ams3.cdn.digitaloceanspaces.com\\\/2024\\\/04\\\/ella-de-kross-T_o1foxyZJY-unsplash-500x334.jpg&quot;,&quot;800&quot;:&quot;https:\\\/\\\/lastatic.ams3.cdn.digitaloceanspaces.com\\\/2024\\\/04\\\/ella-de-kross-T_o1foxyZJY-unsplash-800x534.jpg&quot;,&quot;1000&quot;:&quot;https:\\\/\\\/lastatic.ams3.cdn.digitaloceanspaces.com\\\/2024\\\/04\\\/ella-de-kross-T_o1foxyZJY-unsplash-1000x667.jpg&quot;,&quot;2560&quot;:&quot;https:\\\/\\\/lastatic.ams3.cdn.digitaloceanspaces.com\\\/2024\\\/04\\\/ella-de-kross-T_o1foxyZJY-unsplash-scaled.jpg&quot;}\" data-focuspoint=\"&quot;&quot;\" data-p=\"2448229\" href=\"https:\/\/www.la.lv\/ir-tikai-dazi-izredzetie-noskaidro-vai-tev-blakus-stav-specigs-sargengelis\" class=\"content-item lazy-load\" wp_automatic_readability=\"26.5\" rel=\"nofollow noopener\" target=\"_blank\"><\/p>\n<p>                                <img decoding=\"async\" src=\"\" alt=\"\" style=\"\" data-imageid=\"\"\/><\/p>\n<p>                                Kokteilis<\/p>\n<p>\n                                                Ir tikai da\u017ei izredz\u0113tie\u2026 Noskaidro, vai tev blakus st\u0101v sp\u0113c\u012bgs sarge\u0146\u0123elis\n                            <\/p>\n<p><\/a><br \/>\n        <a class=\"read-more\" href=\"https:\/\/www.la.lv\/top\" rel=\"nofollow noopener\" target=\"_blank\">Las\u012bt citas zi\u0146as<\/a><\/p>\n<p>TV24 v\u0113sta, ka korupcijas apkarot\u0101ji veicot p\u0101rbaudi, vai VID vad\u012bt\u0101ja nav nepamatoti izpaudusi ierobe\u017eotas pieejam\u012bbas inform\u0101ciju. VID \u0123ener\u0101ldirektore Baiba \u0160mite-Ro\u0137e intervij\u0101 \u201cTV24\u201d atkl\u0101jusi, ka gatavo atbildes uz KNAB uzdotajiem jaut\u0101jumiem.<\/p>\n<p>\u201cAc\u012bmredzot, KNAB savas kompetences ietvaros veic izv\u0113rt\u0113jumu par to, vai es esmu vai neesmu izpaudusi ierobe\u017eotas pieejam\u012bbas inform\u0101ciju cilv\u0113kiem, kas nebija ties\u012bgi \u0161o inform\u0101ciju dzird\u0113t. T\u0101 k\u0101 esmu izpaudusi inform\u0101ciju tikai finan\u0161u ministram un vi\u0146a uzdevum\u0101 tuv\u0101k st\u0101vo\u0161iem cilv\u0113kiem, esmu p\u0101rliecin\u0101ta, ka esmu r\u012bkojusies tikai un vien\u012bgi likuma ietvaros,\u201d \u201cTV24\u201d nor\u0101d\u012bjusi VID \u0123ener\u0101ldirektore.<\/p>\n<p>    CITI \u0160OBR\u012aD LASA<\/p>\n<blockquote><p>KNAB a\u0123ent\u016brai LETA apliecin\u0101ja, ka \u0161obr\u012bd veic resorisko p\u0101rbaudi par neizpau\u017eamu zi\u0146u iesp\u0113jamu izpau\u0161anu, kas saist\u012bta ar VID veikto dienesta p\u0101rbaudi.<\/p><\/blockquote>\n<p>Resoriskaj\u0101 p\u0101rbaud\u0113 tiek noskaidrots, vai k\u0101da VID amatpersona vai amatpersonas ir prettiesiski izpaudusi inform\u0101ciju par dienesta p\u0101rbaudes materi\u0101liem.<\/p>\n<p>Jau zi\u0146ots, ka VID augusta beig\u0101s piem\u0113rojis disciplin\u0101rsodus septi\u0146iem Nodok\u013cu un muitas policijas darbiniekiem un diviem Muitas p\u0101rvaldes darbiniekiem saist\u012bb\u0101 ar \u0161\u012b gada s\u0101kum\u0101 gar\u0101m palaisto rekordlielo hero\u012bna kravu, iepriek\u0161 v\u0113st\u012bja Latvijas Telev\u012bzijas raid\u012bjums \u201cde facto\u201d.<\/p>\n<p>P\u0113c raid\u012bjuma \u201cde facto\u201d r\u012bc\u012bb\u0101 eso\u0161\u0101s inform\u0101cijas, starp tiem ir Nodok\u013cu un muitas policijas p\u0101rvaldes vad\u012bba \u2013 Aigars Prusaks un vi\u0146a vietnieki \u2013 Nauris Melderis un Arturs Kova\u013cenko.<\/p>\n<p>Koment\u0113jot piem\u0113rotos disciplin\u0101rsodus, VID \u0123ener\u0101ldirektore \u201cde facto\u201d nor\u0101d\u012bjusi, ka \u0161\u012bs devi\u0146as disciplin\u0101rlietas bija pret konkr\u0113t\u0101m amatperson\u0101m, kuras bija iesaist\u012btas vai kur\u0101m bija j\u0101b\u016bt iesaist\u012bt\u0101m risku inform\u0101cijas apstr\u0101d\u0113.<\/p>\n<p>KNAB, kura p\u0101rst\u0101vis ar\u012b piedal\u012bj\u0101s disciplin\u0101rlietu izmekl\u0113\u0161an\u0101, nav secin\u0101jis, ka VID darbinieku r\u012bc\u012bb\u0101 b\u016btu saskat\u0101mas t\u0101du iesp\u0113jamu noziegumu paz\u012bmes, kuru izmekl\u0113\u0161ana b\u016btu KNAB kompetenc\u0113, un dienest\u0101 nav s\u0101ktu p\u0101rbaudes lietu vai krimin\u0101lprocesu saist\u012bb\u0101 ar \u0161o.<\/p>\n<p>Valsts kanceleja 14. oktobr\u012b izsludin\u0101jusi atkl\u0101tu konkursu uz Nodok\u013cu un muitas policijas (NMP) priek\u0161nieka amatu. Vald\u012bba l\u0113musi Nodok\u013cu un muitas policiju no 2026. gada 1. janv\u0101ra nodot iek\u0161lietu ministra pak\u013caut\u012bb\u0101.<\/p>\n<p>T\u0113mas<\/p>\n<p>    SAIST\u012aTIE RAKSTI<\/p>\n","protected":false},"excerpt":{"rendered":"Foto: Evija Trifanova\/LETA Valsts ie\u0146\u0113mumu dienesta (VID) \u0123ener\u0101ldirektore Baiba \u0160mite-Ro\u0137e piedal\u0101s preses konferenc\u0113, kur\u0101 inform\u0113 par VID izmekl\u0113\u0161anas&hellip;\n","protected":false},"author":2,"featured_media":29412,"comment_status":"","ping_status":"","sticky":false,"template":"","format":"standard","meta":{"footnotes":""},"categories":[12],"tags":[23,28,29,32,33,22,30,31,35,39,38,36,37,34,40,20,26,27,24,25,21],"class_list":{"0":"post-29411","1":"post","2":"type-post","3":"status-publish","4":"format-standard","5":"has-post-thumbnail","7":"category-latvija","8":"tag-aktualitates","9":"tag-breaking-news","10":"tag-breakingnews","11":"tag-featured-news","12":"tag-featurednews","13":"tag-headlines","14":"tag-latest-news","15":"tag-latestnews","16":"tag-latvia","17":"tag-latvian","18":"tag-latviesu","19":"tag-latviesu-valoda","20":"tag-latviesuvaloda","21":"tag-latvija","22":"tag-lv","23":"tag-news","24":"tag-popularakas-zinas","25":"tag-popularakaszinas","26":"tag-top-stories","27":"tag-topstories","28":"tag-zinas"},"share_on_mastodon":{"url":"https:\/\/pubeurope.com\/@lv\/115424951346532461","error":""},"_links":{"self":[{"href":"https:\/\/www.europesays.com\/lv\/wp-json\/wp\/v2\/posts\/29411","targetHints":{"allow":["GET"]}}],"collection":[{"href":"https:\/\/www.europesays.com\/lv\/wp-json\/wp\/v2\/posts"}],"about":[{"href":"https:\/\/www.europesays.com\/lv\/wp-json\/wp\/v2\/types\/post"}],"author":[{"embeddable":true,"href":"https:\/\/www.europesays.com\/lv\/wp-json\/wp\/v2\/users\/2"}],"replies":[{"embeddable":true,"href":"https:\/\/www.europesays.com\/lv\/wp-json\/wp\/v2\/comments?post=29411"}],"version-history":[{"count":0,"href":"https:\/\/www.europesays.com\/lv\/wp-json\/wp\/v2\/posts\/29411\/revisions"}],"wp:featuredmedia":[{"embeddable":true,"href":"https:\/\/www.europesays.com\/lv\/wp-json\/wp\/v2\/media\/29412"}],"wp:attachment":[{"href":"https:\/\/www.europesays.com\/lv\/wp-json\/wp\/v2\/media?parent=29411"}],"wp:term":[{"taxonomy":"category","embeddable":true,"href":"https:\/\/www.europesays.com\/lv\/wp-json\/wp\/v2\/categories?post=29411"},{"taxonomy":"post_tag","embeddable":true,"href":"https:\/\/www.europesays.com\/lv\/wp-json\/wp\/v2\/tags?post=29411"}],"curies":[{"name":"wp","href":"https:\/\/api.w.org\/{rel}","templated":true}]}}