{"id":29444,"date":"2025-10-23T19:34:11","date_gmt":"2025-10-23T19:34:11","guid":{"rendered":"https:\/\/www.europesays.com\/lv\/29444\/"},"modified":"2025-10-23T19:34:11","modified_gmt":"2025-10-23T19:34:11","slug":"takera-karlsona-parmetumi-izsauc-rezonansi-polija","status":"publish","type":"post","link":"https:\/\/www.europesays.com\/lv\/29444\/","title":{"rendered":"Takera Karlsona p\u0101rmetumi izsauc rezonansi Polij\u0101"},"content":{"rendered":"<p>Sikorskis platform\u0101 &#8220;X&#8221; repostojis po\u013cu \u017eurn\u0101lista Jakuba Vehas ierakstu ar Karlsona koment\u0101ra izkl\u0101stu un video.<\/p>\n<p>&#8220;Nedzird\u0113ti,&#8221; sav\u0101 ierakst\u0101 pau\u017e \u017eurn\u0101lists.<\/p>\n<p>Sikorskis, repostojot Vehas ierakstu, savuk\u0101rt nor\u0101da: &#8220;\u013baujiet man atg\u0101din\u0101t, ka \u0161is ir m\u016bsu nacion\u0101listu iecien\u012btais amerik\u0101\u0146u koment\u0113t\u0101js, tas pats, kam prezidents And\u017eejs Duda sniedza ekskluz\u012bvu interviju ce\u013cojuma laik\u0101 uz ASV.&#8221;<\/p>\n<p>&#8220;Pakalp\u012bba ne vienm\u0113r tiek atalgota,&#8221; rezum\u0113 ministrs.<\/p>\n<p>Karlsons ar saviem spriedumiem n\u0101ca klaj\u0101 otrdien konservat\u012bv\u0101s organiz\u0101cijas &#8220;Turning Point USA&#8221; jaut\u0101jumu un atbil\u017eu sesij\u0101.<\/p>\n<p>Kad k\u0101ds konferences dal\u012bbnieks polis jaut\u0101ja, vai Karlsons uzskata Krieviju par agresoru kar\u0101, kas turpin\u0101s kop\u0161 2014. gada, Karlsons noraid\u012bja \u0161\u0101du domu un vainoja NATO un ASV prezidenta D\u017eo Baidena administr\u0101ciju konflikta eskal\u0101cij\u0101.<\/p>\n<p>&#8220;Es uzskatu, ka Ukraina \u0161eit ir upuris. NATO ir agresors. NATO to izdar\u012bja D\u017eo Baidena vad\u012bb\u0101, un tas ir nepr\u0101ts,&#8221; sac\u012bja Karlsons. &#8220;K\u0101p\u0113c <a href=\"https:\/\/www.apollo.lv\/term\/555430\/polija\" class=\"topicLink\" target=\"_blank\" rel=\"nofollow noopener\">Polija<\/a> neiet karot ar Krieviju? Ja j\u016bs esat tik noraiz\u0113ju\u0161ies, k\u0101p\u0113c j\u016bs pa\u0161i neaizst\u0101vat Ukrainu? K\u0101p\u0113c es par to maks\u0101ju?&#8221;<\/p>\n<p>Karlsons piebilda, ka vi\u0146\u0161 neuzskata, ka ASV b\u016btu j\u0101iesaist\u0101s \u0161aj\u0101 konflikt\u0101.<\/p>\n<p>&#8220;Tas ir re\u0123ion\u0101ls jaut\u0101jums. K\u0101p\u0113c es esmu iesaist\u012bts? K\u0101p\u0113c mani b\u0113rni dz\u012bvo kodolkara \u0113n\u0101, kas izv\u0113rsts, lai aizst\u0101v\u0113tu Ukrainas suverenit\u0101ti vai gl\u0101btu Poliju? Man pat\u012bk Polija, man pat\u012bk Ukraina, bet es esmu amerik\u0101nis. Ne par vienu dol\u0101ru vair\u0101k! N\u0113. C\u012bnieties pa\u0161i, ja tas ir tik svar\u012bgi.&#8221;<\/p>\n<p>Karlsons ilgus gadus bija konservat\u012bv\u0101 ASV telekan\u0101la &#8220;Fox News&#8221; popul\u0101r\u0101ko raid\u012bjumu vad\u012bt\u0101ju vid\u016b. \u0160obr\u012bd vi\u0146am ir savs, ar lielajiem medijiem nesaist\u012bts podk\u0101sts.<\/p>\n","protected":false},"excerpt":{"rendered":"Sikorskis platform\u0101 &#8220;X&#8221; repostojis po\u013cu \u017eurn\u0101lista Jakuba Vehas ierakstu ar Karlsona koment\u0101ra izkl\u0101stu un video. &#8220;Nedzird\u0113ti,&#8221; sav\u0101 ierakst\u0101&hellip;\n","protected":false},"author":2,"featured_media":29445,"comment_status":"","ping_status":"","sticky":false,"template":"","format":"standard","meta":{"footnotes":""},"categories":[14],"tags":[23,57,28,29,32,33,22,30,31,35,39,38,36,37,34,40,20,72,26,27,9015,241,24,25,54,55,56,21,58],"class_list":{"0":"post-29444","1":"post","2":"type-post","3":"status-publish","4":"format-standard","5":"has-post-thumbnail","7":"category-zinas-no-arvalstim","8":"tag-aktualitates","9":"tag-arvalstim","10":"tag-breaking-news","11":"tag-breakingnews","12":"tag-featured-news","13":"tag-featurednews","14":"tag-headlines","15":"tag-latest-news","16":"tag-latestnews","17":"tag-latvia","18":"tag-latvian","19":"tag-latviesu","20":"tag-latviesu-valoda","21":"tag-latviesuvaloda","22":"tag-latvija","23":"tag-lv","24":"tag-news","25":"tag-polija","26":"tag-popularakas-zinas","27":"tag-popularakaszinas","28":"tag-prokrieviski-uzskati","29":"tag-takers-karlsons","30":"tag-top-stories","31":"tag-topstories","32":"tag-world","33":"tag-world-news","34":"tag-worldnews","35":"tag-zinas","36":"tag-zinas-no-arvalstim"},"share_on_mastodon":{"url":"https:\/\/pubeurope.com\/@lv\/115425159604838617","error":""},"_links":{"self":[{"href":"https:\/\/www.europesays.com\/lv\/wp-json\/wp\/v2\/posts\/29444","targetHints":{"allow":["GET"]}}],"collection":[{"href":"https:\/\/www.europesays.com\/lv\/wp-json\/wp\/v2\/posts"}],"about":[{"href":"https:\/\/www.europesays.com\/lv\/wp-json\/wp\/v2\/types\/post"}],"author":[{"embeddable":true,"href":"https:\/\/www.europesays.com\/lv\/wp-json\/wp\/v2\/users\/2"}],"replies":[{"embeddable":true,"href":"https:\/\/www.europesays.com\/lv\/wp-json\/wp\/v2\/comments?post=29444"}],"version-history":[{"count":0,"href":"https:\/\/www.europesays.com\/lv\/wp-json\/wp\/v2\/posts\/29444\/revisions"}],"wp:featuredmedia":[{"embeddable":true,"href":"https:\/\/www.europesays.com\/lv\/wp-json\/wp\/v2\/media\/29445"}],"wp:attachment":[{"href":"https:\/\/www.europesays.com\/lv\/wp-json\/wp\/v2\/media?parent=29444"}],"wp:term":[{"taxonomy":"category","embeddable":true,"href":"https:\/\/www.europesays.com\/lv\/wp-json\/wp\/v2\/categories?post=29444"},{"taxonomy":"post_tag","embeddable":true,"href":"https:\/\/www.europesays.com\/lv\/wp-json\/wp\/v2\/tags?post=29444"}],"curies":[{"name":"wp","href":"https:\/\/api.w.org\/{rel}","templated":true}]}}