{"id":29450,"date":"2025-10-23T19:40:12","date_gmt":"2025-10-23T19:40:12","guid":{"rendered":"https:\/\/www.europesays.com\/lv\/29450\/"},"modified":"2025-10-23T19:40:12","modified_gmt":"2025-10-23T19:40:12","slug":"video-kas-tads-nebija-noticis-500-gadus-karalis-carlzs-un-pavests-leo-vienojas-vesturiska-bridi","status":"publish","type":"post","link":"https:\/\/www.europesays.com\/lv\/29450\/","title":{"rendered":"VIDEO. Kas t\u0101ds nebija noticis 500 gadus! Karalis \u010c\u0101rlzs un p\u0101vests Leo vienojas v\u0113sturisk\u0101 br\u012bd\u012b"},"content":{"rendered":"<p>    <img decoding=\"async\" src=\"https:\/\/www.europesays.com\/lv\/wp-content\/uploads\/2025\/10\/FotoJet-12-1-1024x683.jpg\" alt=\"&#10;\"\/><\/p>\n<p>Foto: Vatican Media\n<\/p>\n<p>Lielbrit\u0101nijas karalis \u010c\u0101rlzs un p\u0101vests Leons XIV ceturtdien kop\u0101 l\u016bdz\u0101s Vatik\u0101na Siksta kapel\u0101. Kas t\u0101ds nebija noticis kop\u0161 Anglijas bazn\u012bcas at\u0161\u0137el\u0161an\u0101s no Romas 1534. gad\u0101, v\u0113sta \u201cReuters\u201d. <\/p>\n<p>        Las\u012bt\u0101kie<br \/>\n        <a data-imagesrc=\"{&quot;300&quot;:&quot;https:\\\/\\\/lastatic.ams3.cdn.digitaloceanspaces.com\\\/2025\\\/10\\\/oul-2-300x200.png&quot;,&quot;1024&quot;:&quot;https:\\\/\\\/lastatic.ams3.cdn.digitaloceanspaces.com\\\/2025\\\/10\\\/oul-2-1024x683.png&quot;,&quot;1536&quot;:&quot;https:\\\/\\\/lastatic.ams3.cdn.digitaloceanspaces.com\\\/2025\\\/10\\\/oul-2-1536x1024.png&quot;,&quot;500&quot;:&quot;https:\\\/\\\/lastatic.ams3.cdn.digitaloceanspaces.com\\\/2025\\\/10\\\/oul-2-500x333.png&quot;,&quot;800&quot;:&quot;https:\\\/\\\/lastatic.ams3.cdn.digitaloceanspaces.com\\\/2025\\\/10\\\/oul-2-800x533.png&quot;,&quot;1800&quot;:&quot;https:\\\/\\\/lastatic.ams3.cdn.digitaloceanspaces.com\\\/2025\\\/10\\\/oul-2.png&quot;}\" data-focuspoint=\"&quot;&quot;\" data-p=\"2445017\" href=\"https:\/\/www.la.lv\/tu-pati-sev-pieliec-klat-gadus-8-ieradumi-kas-liek-sievietem-novecot-atrak\" class=\"content-item lazy-load\" wp_automatic_readability=\"26.5\" rel=\"nofollow noopener\" target=\"_blank\"><\/p>\n<p>                                <img decoding=\"async\" src=\"\" alt=\"\" style=\"\" data-imageid=\"\"\/><\/p>\n<p>\n                                                Tu pati sev pieliec kl\u0101t gadus! 8 ieradumi, kas liek sieviet\u0113m novecot \u0101tr\u0101k\n                            <\/p>\n<p><\/a><a data-imagesrc=\"{&quot;300&quot;:&quot;https:\\\/\\\/lastatic.ams3.cdn.digitaloceanspaces.com\\\/2025\\\/10\\\/man-with-light-bulb-1-300x209.jpg&quot;,&quot;1024&quot;:&quot;https:\\\/\\\/lastatic.ams3.cdn.digitaloceanspaces.com\\\/2025\\\/10\\\/man-with-light-bulb-1-1024x714.jpg&quot;,&quot;1536&quot;:&quot;https:\\\/\\\/lastatic.ams3.cdn.digitaloceanspaces.com\\\/2025\\\/10\\\/man-with-light-bulb-1-1536x1071.jpg&quot;,&quot;500&quot;:&quot;https:\\\/\\\/lastatic.ams3.cdn.digitaloceanspaces.com\\\/2025\\\/10\\\/man-with-light-bulb-1-500x349.jpg&quot;,&quot;800&quot;:&quot;https:\\\/\\\/lastatic.ams3.cdn.digitaloceanspaces.com\\\/2025\\\/10\\\/man-with-light-bulb-1-800x558.jpg&quot;,&quot;2560&quot;:&quot;https:\\\/\\\/lastatic.ams3.cdn.digitaloceanspaces.com\\\/2025\\\/10\\\/man-with-light-bulb-1-scaled.jpg&quot;}\" data-focuspoint=\"&quot;&quot;\" data-p=\"2447317\" href=\"https:\/\/www.la.lv\/ludzu-ludzu-kaut-es-butu-viens-no-viniem-cilveki-kas-dzimusi-sajos-trijos-datumos-tiek-uzskatiti-par-visgudrakajiem-pasaule\" class=\"content-item lazy-load\" wp_automatic_readability=\"28.5\" rel=\"nofollow noopener\" target=\"_blank\"><\/p>\n<p>                                <img decoding=\"async\" src=\"\" alt=\"\" style=\"\" data-imageid=\"\"\/><\/p>\n<p>                                Kokteilis<\/p>\n<p>\n                                                L\u016bdzu, l\u016bdzu, kaut es b\u016btu viens no vi\u0146iem: cilv\u0113ki, kas dzimu\u0161i \u0161ajos trijos datumos, tiek uzskat\u012bti par visgudr\u0101kajiem pasaul\u0113\n                            <\/p>\n<p><\/a><a data-imagesrc=\"{&quot;300&quot;:&quot;https:\\\/\\\/lastatic.ams3.cdn.digitaloceanspaces.com\\\/2024\\\/04\\\/ella-de-kross-T_o1foxyZJY-unsplash-300x200.jpg&quot;,&quot;1024&quot;:&quot;https:\\\/\\\/lastatic.ams3.cdn.digitaloceanspaces.com\\\/2024\\\/04\\\/ella-de-kross-T_o1foxyZJY-unsplash-1024x683.jpg&quot;,&quot;768&quot;:&quot;https:\\\/\\\/lastatic.ams3.cdn.digitaloceanspaces.com\\\/2024\\\/04\\\/ella-de-kross-T_o1foxyZJY-unsplash-768x513.jpg&quot;,&quot;1536&quot;:&quot;https:\\\/\\\/lastatic.ams3.cdn.digitaloceanspaces.com\\\/2024\\\/04\\\/ella-de-kross-T_o1foxyZJY-unsplash-1536x1025.jpg&quot;,&quot;2048&quot;:&quot;https:\\\/\\\/lastatic.ams3.cdn.digitaloceanspaces.com\\\/2024\\\/04\\\/ella-de-kross-T_o1foxyZJY-unsplash-2048x1367.jpg&quot;,&quot;200&quot;:&quot;https:\\\/\\\/lastatic.ams3.cdn.digitaloceanspaces.com\\\/2024\\\/04\\\/ella-de-kross-T_o1foxyZJY-unsplash-200x133.jpg&quot;,&quot;400&quot;:&quot;https:\\\/\\\/lastatic.ams3.cdn.digitaloceanspaces.com\\\/2024\\\/04\\\/ella-de-kross-T_o1foxyZJY-unsplash-400x267.jpg&quot;,&quot;500&quot;:&quot;https:\\\/\\\/lastatic.ams3.cdn.digitaloceanspaces.com\\\/2024\\\/04\\\/ella-de-kross-T_o1foxyZJY-unsplash-500x334.jpg&quot;,&quot;800&quot;:&quot;https:\\\/\\\/lastatic.ams3.cdn.digitaloceanspaces.com\\\/2024\\\/04\\\/ella-de-kross-T_o1foxyZJY-unsplash-800x534.jpg&quot;,&quot;1000&quot;:&quot;https:\\\/\\\/lastatic.ams3.cdn.digitaloceanspaces.com\\\/2024\\\/04\\\/ella-de-kross-T_o1foxyZJY-unsplash-1000x667.jpg&quot;,&quot;2560&quot;:&quot;https:\\\/\\\/lastatic.ams3.cdn.digitaloceanspaces.com\\\/2024\\\/04\\\/ella-de-kross-T_o1foxyZJY-unsplash-scaled.jpg&quot;}\" data-focuspoint=\"&quot;&quot;\" data-p=\"2448229\" href=\"https:\/\/www.la.lv\/ir-tikai-dazi-izredzetie-noskaidro-vai-tev-blakus-stav-specigs-sargengelis\" class=\"content-item lazy-load\" wp_automatic_readability=\"26.5\" rel=\"nofollow noopener\" target=\"_blank\"><\/p>\n<p>                                <img decoding=\"async\" src=\"\" alt=\"\" style=\"\" data-imageid=\"\"\/><\/p>\n<p>                                Kokteilis<\/p>\n<p>\n                                                Ir tikai da\u017ei izredz\u0113tie\u2026 Noskaidro, vai tev blakus st\u0101v sp\u0113c\u012bgs sarge\u0146\u0123elis\n                            <\/p>\n<p><\/a><br \/>\n        <a class=\"read-more\" href=\"https:\/\/www.la.lv\/top\" rel=\"nofollow noopener\" target=\"_blank\">Las\u012bt citas zi\u0146as<\/a><\/p>\n<p>Kapel\u0101, kur pirms se\u0161iem m\u0113ne\u0161iem iev\u0113l\u0113ja Leo par pirmo p\u0101vestu no ASV, skan\u0113ja lat\u012b\u0146u dzied\u0101jumi un ang\u013cu l\u016bg\u0161anas. \u010c\u0101rlzs, kur\u0161 ir Anglijas bazn\u012bcas titul\u0101rais vad\u012bt\u0101js, un Kamilla s\u0113d\u0113ja zelta tro\u0146os. <\/p>\n<p>Karalis \u010c\u0101rlzs s\u0113d\u0113ja p\u0101vestam pa kreisi pie kapelas alt\u0101ra, kam\u0113r Leo un anglik\u0101\u0146u arhib\u012bskaps St\u012bvens Kotrels vad\u012bja dievkalpojumu, kur\u0101 piedal\u012bj\u0101s Siksta kapelas koris un divi karaliskie kori.<\/p>\n<p>    CITI \u0160OBR\u012aD LASA<\/p>\n<p>Lai gan \u010c\u0101rlzs ir ticies ar p\u0113d\u0113jiem trim p\u0101vestiem, vi\u0146u iepriek\u0161\u0113j\u0101s tik\u0161an\u0101s reizes nekad nebija noticis kas \u0161\u0101ds \u2013 kop\u012bgas l\u016bg\u0161anas.<\/p>\n<p>Karalis un karaliene Kamilla atrodas valsts viz\u012bt\u0113 Vatik\u0101n\u0101, atz\u012bm\u0113jot cie\u0161\u0101k\u0101s saites starp kato\u013cu bazn\u012bcu un anglik\u0101\u0146u kopienu piecus gadsimtus p\u0113c to nemier\u012bg\u0101s \u0161\u0137ir\u0161an\u0101s.<\/p>\n<p>\u201cPast\u0101v sp\u0113c\u012bga saj\u016bta, ka \u0161is br\u012bdis Siksta kapelas neparastaj\u0101 vid\u0113 pied\u0101v\u0101 sava veida v\u0113stures dziedin\u0101\u0161anu,\u201d a\u0123ent\u016brai \u201cReuters\u201d past\u0101st\u012bja Vestminsteras abatijas kanona teologs, anglik\u0101\u0146u m\u0101c\u012bt\u0101js D\u017eeimss Hokijs.<\/p>\n<p>\u201cTas neb\u016btu bijis iesp\u0113jams v\u0113l pirms vienas paaudzes,\u201d vi\u0146\u0161 teica. \u201cTas par\u0101da, cik t\u0101lu m\u016bsu bazn\u012bcas ir tiku\u0161as p\u0113d\u0113jo 60 dialoga gadu laik\u0101.\u201d<\/p>\n<p>\u0160\u0137ir\u0161an\u0101s starp kato\u013cu bazn\u012bcu un Anglijas bazn\u012bcu tika ofici\u0101li noform\u0113ta 1534. gad\u0101 p\u0113c tam, kad p\u0101vests Klements VII atteic\u0101s anul\u0113t kara\u013ca Henrija VIII laul\u012bbu ar Aragonas Katr\u012bnu.<\/p>\n<blockquote class=\"tiktok-embed\" cite=\"https:\/\/www.tiktok.com\/@gbnews\/video\/7564369369317346582\" data-video-id=\"7564369369317346582\" style=\"max-width: 605px;min-width: 325px;\"><p>\n <a target=\"_blank\" title=\"@gbnews\" href=\"https:\/\/www.tiktok.com\/@gbnews?refer=embed\" rel=\"noopener nofollow\">@gbnews<\/a> \ud83d\udea8BREAKING: King Charles and Pope Leo have become the first British monarch and pontiff to pray together in 500 years.   <a title=\"kingcharles\" target=\"_blank\" href=\"https:\/\/www.tiktok.com\/tag\/kingcharles?refer=embed\" rel=\"noopener nofollow\">#KingCharles<\/a> <a title=\"popeleo\" target=\"_blank\" href=\"https:\/\/www.tiktok.com\/tag\/popeleo?refer=embed\" rel=\"noopener nofollow\">#PopeLeo<\/a> <a title=\"royalnews\" target=\"_blank\" href=\"https:\/\/www.tiktok.com\/tag\/royalnews?refer=embed\" rel=\"noopener nofollow\">#RoyalNews<\/a> <a title=\"britain\" target=\"_blank\" href=\"https:\/\/www.tiktok.com\/tag\/britain?refer=embed\" rel=\"noopener nofollow\">#Britain<\/a> <a title=\"gbnews\" target=\"_blank\" href=\"https:\/\/www.tiktok.com\/tag\/gbnews?refer=embed\" rel=\"noopener nofollow\">#GBNews<\/a> <a target=\"_blank\" title=\"\u266c original sound  - GB News\" href=\"https:\/\/www.tiktok.com\/music\/original-sound-GB-News-7564369368382049046?refer=embed\" rel=\"noopener nofollow\">\u266c original sound  \u2013 GB News<\/a>\n<\/p><\/blockquote>\n<p>T\u0113mas<\/p>\n<p>    SAIST\u012aTIE RAKSTI<\/p>\n<p>                            <script async src=\"\/\/www.tiktok.com\/embed.js\"><\/script><\/p>\n","protected":false},"excerpt":{"rendered":"Foto: Vatican Media Lielbrit\u0101nijas karalis \u010c\u0101rlzs un p\u0101vests Leons XIV ceturtdien kop\u0101 l\u016bdz\u0101s Vatik\u0101na Siksta kapel\u0101. Kas t\u0101ds&hellip;\n","protected":false},"author":2,"featured_media":29451,"comment_status":"","ping_status":"","sticky":false,"template":"","format":"standard","meta":{"footnotes":""},"categories":[14],"tags":[23,57,28,29,32,33,22,30,31,35,39,38,36,37,34,40,20,26,27,24,25,54,55,56,21,58],"class_list":{"0":"post-29450","1":"post","2":"type-post","3":"status-publish","4":"format-standard","5":"has-post-thumbnail","7":"category-zinas-no-arvalstim","8":"tag-aktualitates","9":"tag-arvalstim","10":"tag-breaking-news","11":"tag-breakingnews","12":"tag-featured-news","13":"tag-featurednews","14":"tag-headlines","15":"tag-latest-news","16":"tag-latestnews","17":"tag-latvia","18":"tag-latvian","19":"tag-latviesu","20":"tag-latviesu-valoda","21":"tag-latviesuvaloda","22":"tag-latvija","23":"tag-lv","24":"tag-news","25":"tag-popularakas-zinas","26":"tag-popularakaszinas","27":"tag-top-stories","28":"tag-topstories","29":"tag-world","30":"tag-world-news","31":"tag-worldnews","32":"tag-zinas","33":"tag-zinas-no-arvalstim"},"share_on_mastodon":{"url":"https:\/\/pubeurope.com\/@lv\/115425183278915769","error":""},"_links":{"self":[{"href":"https:\/\/www.europesays.com\/lv\/wp-json\/wp\/v2\/posts\/29450","targetHints":{"allow":["GET"]}}],"collection":[{"href":"https:\/\/www.europesays.com\/lv\/wp-json\/wp\/v2\/posts"}],"about":[{"href":"https:\/\/www.europesays.com\/lv\/wp-json\/wp\/v2\/types\/post"}],"author":[{"embeddable":true,"href":"https:\/\/www.europesays.com\/lv\/wp-json\/wp\/v2\/users\/2"}],"replies":[{"embeddable":true,"href":"https:\/\/www.europesays.com\/lv\/wp-json\/wp\/v2\/comments?post=29450"}],"version-history":[{"count":0,"href":"https:\/\/www.europesays.com\/lv\/wp-json\/wp\/v2\/posts\/29450\/revisions"}],"wp:featuredmedia":[{"embeddable":true,"href":"https:\/\/www.europesays.com\/lv\/wp-json\/wp\/v2\/media\/29451"}],"wp:attachment":[{"href":"https:\/\/www.europesays.com\/lv\/wp-json\/wp\/v2\/media?parent=29450"}],"wp:term":[{"taxonomy":"category","embeddable":true,"href":"https:\/\/www.europesays.com\/lv\/wp-json\/wp\/v2\/categories?post=29450"},{"taxonomy":"post_tag","embeddable":true,"href":"https:\/\/www.europesays.com\/lv\/wp-json\/wp\/v2\/tags?post=29450"}],"curies":[{"name":"wp","href":"https:\/\/api.w.org\/{rel}","templated":true}]}}