{"id":29452,"date":"2025-10-23T19:42:08","date_gmt":"2025-10-23T19:42:08","guid":{"rendered":"https:\/\/www.europesays.com\/lv\/29452\/"},"modified":"2025-10-23T19:42:08","modified_gmt":"2025-10-23T19:42:08","slug":"latvija-ieviests-jauns-nodoklis-kas-skar-visus-automasinu-ipasniekus","status":"publish","type":"post","link":"https:\/\/www.europesays.com\/lv\/29452\/","title":{"rendered":"Latvij\u0101 ieviests jauns nodoklis, kas skar visus automa\u0161\u012bnu \u012bpa\u0161niekus"},"content":{"rendered":"<p>Jau pavisam dr\u012bz Latvijas iedz\u012bvot\u0101jiem n\u0101ksies piel\u0101goties jaunai k\u0101rt\u012bbai, kas b\u016btiski ietekm\u0113s ikdienas dz\u012bvi un person\u012bgos izdevumus. Lai gan s\u0101kotn\u0113ji \u0161\u012bs p\u0101rmai\u0146as var \u0161\u0137ist tehniskas un attiecin\u0101mas tikai uz noteiktu sabiedr\u012bbas da\u013cu, to ietekme paties\u012bb\u0101 b\u016bs j\u016btama daudz pla\u0161\u0101k.<\/p>\n<p>S\u0101kot ar 2025. gadu, Latvij\u0101 st\u0101ju\u0161\u0101s sp\u0113k\u0101 jaunas transportl\u012bdzek\u013cu nodok\u013cu likmes, kas paredz iev\u0113rojamas izmai\u0146as automa\u0161\u012bnu \u012bpa\u0161niekiem. Jaun\u0101 sist\u0113ma nosaka, ka transportl\u012bdzek\u013ciem ar liel\u0101kiem CO\u2082 izme\u0161iem un jaud\u012bg\u0101kiem dzin\u0113jiem b\u016bs j\u0101maks\u0101 iev\u0113rojami augst\u0101ks nodoklis nek\u0101 iepriek\u0161.<\/p>\n<p>Savuk\u0101rt videi draudz\u012bg\u0101kiem un ekonomisk\u0101kiem transportl\u012bdzek\u013ciem piem\u0113rots b\u016btiski samazin\u0101ts nodoklis, lai veicin\u0101tu p\u0101reju uz ilgtsp\u0113j\u012bg\u0101kiem p\u0101rvieto\u0161an\u0101s risin\u0101jumiem. \u0160\u0101di vald\u012bba cer samazin\u0101t kait\u012bgo izme\u0161u daudzumu un motiv\u0113t iedz\u012bvot\u0101jus izv\u0113l\u0113ties \u201cza\u013c\u0101kus\u201d auto, ta\u010du eksperti br\u012bdina, ka daudziem autovad\u012bt\u0101jiem \u0161is nodok\u013cu pieaugums var k\u013c\u016bt par iev\u0113rojamu finansi\u0101lu slogu, \u012bpa\u0161i tiem, kuru r\u012bc\u012bb\u0101 ir vec\u0101ki transportl\u012bdzek\u013ci.<\/p>\n<p>M\u016bsdien\u0101s pat\u0113r\u0113t\u0101ju attieksme pret automa\u0161\u012bnas ieg\u0101di un uztur\u0113\u0161anu ir k\u013cuvusi iev\u0113rojami piesardz\u012bg\u0101ka un racion\u0101l\u0101ka.<\/p>\n<p>Cilv\u0113ki arvien r\u016bp\u012bg\u0101k izv\u0113rt\u0113 un analiz\u0113 visas potenci\u0101l\u0101s ilgtermi\u0146a izmaksas, kas neizb\u0113gami saist\u012btas ar izv\u0113l\u0113t\u0101 transportl\u012bdzek\u013ca ekspluat\u0101ciju. Pirc\u0113ji vairs nekoncentr\u0113jas tikai uz s\u0101kotn\u0113jo ieg\u0101des cenu; vi\u0146i daudz dzi\u013c\u0101k un holistisk\u0101k apsver, vai konkr\u0113tais automa\u0161\u012bnas modelis patie\u0161\u0101m b\u016bs finansi\u0101li izdev\u012bgs ilgtermi\u0146\u0101.<\/p>\n<p>Tas ietver ne tikai ac\u012bmredzamo degvielas pat\u0113ri\u0146u, bet ar\u012b virkni citu b\u016btisku faktoru, piem\u0113ram, iesp\u0113jamos n\u0101kotnes maks\u0101jumus, kas var\u0113tu rasties dzin\u0113ja tipa, konkr\u0113t\u0101 CO\u2082 izme\u0161u apjoma d\u0113\u013c, vai ar\u012b \u0146emot v\u0113r\u0101 transportl\u012bdzek\u013ca paredzamo vecumu un ar to saist\u012bt\u0101s nodok\u013cu likmes. \u0160\u0101du tendenci nov\u0113ro un apstiprina \u201cEuropcar\u201d speci\u0101listi.<\/p>\n<p>Min\u0113t\u0101 piesardz\u012bguma un r\u016bp\u012bgas izmaksu izv\u0113rt\u0113\u0161anas tendence ir k\u013cuvusi \u012bpa\u0161i svar\u012bga un aktu\u0101la div\u0101s galvenaj\u0101s sabiedr\u012bbas grup\u0101s: mazajiem uz\u0146\u0113m\u0113jiem un priv\u0101taj\u0101m \u0123imen\u0113m. \u0160o segmentu dz\u012bv\u0113 automobilis bie\u017ei vien nav tikai element\u0101rs p\u0101rvieto\u0161an\u0101s l\u012bdzeklis no punkta A uz punktu B, bet gan kritiski svar\u012bgs darba instruments vai b\u016btiska un neatsverama ikdienas sast\u0101vda\u013ca.<\/p>\n<p>Turkl\u0101t situ\u0101ciju sare\u017e\u0123\u012b fakts, ka automa\u0161\u012bnas uztur\u0113\u0161ana m\u016bsdien\u0101s k\u013c\u016bst arvien d\u0101rg\u0101ka, un, kas ir v\u0113l svar\u012bg\u0101k, \u0161\u012bs izmaksas k\u013c\u016bst gr\u016bt\u0101k prognoz\u0113jamas. Izdevumi, kas v\u0113l nesen \u0161\u0137ita viegli pie\u0146emami vai sapr\u0101t\u012bgi, p\u0113d\u0113jos gados ir piedz\u012bvoju\u0161i b\u016btisku un strauju pieaugumu.<\/p>\n<p>K\u0101 piem\u0113ru var min\u0113t oblig\u0101to riepu mai\u0146u un to sezon\u0101lo glab\u0101\u0161anu galvaspils\u0113t\u0101 R\u012bg\u0101, kas tagad vid\u0113ji prasa ieguld\u012bt 100\u2013150 eiro vien\u0101 reiz\u0113, kas noz\u012bm\u0113 dubultu \u0161o summu gad\u0101. Paral\u0113li tam, ir b\u016btiski pieaugu\u0161as ar\u012b izmaksas par autoservisu pakalpojumiem un remontdarbiem, un, k\u0101 var spriest, \u0161\u012bm izmaksu pieauguma tendenc\u0113m pagaid\u0101m faktiski nav redzamas robe\u017eas.<\/p>\n<p>\u0160eit ir p\u0101rfr\u0101z\u0113ts un aptuveni 10% gar\u0101ks teksts, saglab\u0101jot s\u0101kotn\u0113jo noz\u012bmi un toni: Speci\u0101listi v\u0113r\u0161 uzman\u012bbu uz to, ka realit\u0101t\u0113 faktisk\u0101s transportl\u012bdzek\u013ca uztur\u0113\u0161anas izmaksas gandr\u012bz vienm\u0113r p\u0101rsniedz to bud\u017eetu, ko autovad\u012bt\u0101ji vai uz\u0146\u0113mumi ir s\u0101kotn\u0113ji pl\u0101noju\u0161i.<\/p>\n<p>Vieglo automa\u0161\u012bnu segment\u0101 \u0161is p\u0101rsniegums bie\u017ei sasniedz 25% l\u012bdz 30% no s\u0101kotn\u0113j\u0101s apl\u0113ses. Tom\u0113r situ\u0101cija k\u013c\u016bst v\u0113l sare\u017e\u0123\u012bt\u0101ka komerctransportam; \u0161aj\u0101 gad\u012bjum\u0101, \u012bpa\u0161i, ja transportl\u012bdzek\u013ci tiek intens\u012bvi ekspluat\u0113ti, re\u0101l\u0101s izmaksas var p\u0101rsniegt s\u0101kotn\u0113jo bud\u017eetu pat par 40%. \u0160is noz\u012bm\u012bgais negaid\u012bto izdevumu pieaugums rada nopietnu finansi\u0101lu spiedienu un ir j\u0101\u0146em v\u0113r\u0101, veidojot ilgtermi\u0146a ekspluat\u0101cijas strat\u0113\u0123iju, uzsver nozares eksperti.<\/p>\n","protected":false},"excerpt":{"rendered":"Jau pavisam dr\u012bz Latvijas iedz\u012bvot\u0101jiem n\u0101ksies piel\u0101goties jaunai k\u0101rt\u012bbai, kas b\u016btiski ietekm\u0113s ikdienas dz\u012bvi un person\u012bgos izdevumus. Lai&hellip;\n","protected":false},"author":2,"featured_media":29453,"comment_status":"","ping_status":"","sticky":false,"template":"","format":"standard","meta":{"footnotes":""},"categories":[5],"tags":[23,28,29,32,33,22,30,31,35,39,38,36,37,34,40,20,26,27,24,25,21],"class_list":{"0":"post-29452","1":"post","2":"type-post","3":"status-publish","4":"format-standard","5":"has-post-thumbnail","7":"category-aktualitates","8":"tag-aktualitates","9":"tag-breaking-news","10":"tag-breakingnews","11":"tag-featured-news","12":"tag-featurednews","13":"tag-headlines","14":"tag-latest-news","15":"tag-latestnews","16":"tag-latvia","17":"tag-latvian","18":"tag-latviesu","19":"tag-latviesu-valoda","20":"tag-latviesuvaloda","21":"tag-latvija","22":"tag-lv","23":"tag-news","24":"tag-popularakas-zinas","25":"tag-popularakaszinas","26":"tag-top-stories","27":"tag-topstories","28":"tag-zinas"},"share_on_mastodon":{"url":"https:\/\/pubeurope.com\/@lv\/115425191121741082","error":""},"_links":{"self":[{"href":"https:\/\/www.europesays.com\/lv\/wp-json\/wp\/v2\/posts\/29452","targetHints":{"allow":["GET"]}}],"collection":[{"href":"https:\/\/www.europesays.com\/lv\/wp-json\/wp\/v2\/posts"}],"about":[{"href":"https:\/\/www.europesays.com\/lv\/wp-json\/wp\/v2\/types\/post"}],"author":[{"embeddable":true,"href":"https:\/\/www.europesays.com\/lv\/wp-json\/wp\/v2\/users\/2"}],"replies":[{"embeddable":true,"href":"https:\/\/www.europesays.com\/lv\/wp-json\/wp\/v2\/comments?post=29452"}],"version-history":[{"count":0,"href":"https:\/\/www.europesays.com\/lv\/wp-json\/wp\/v2\/posts\/29452\/revisions"}],"wp:featuredmedia":[{"embeddable":true,"href":"https:\/\/www.europesays.com\/lv\/wp-json\/wp\/v2\/media\/29453"}],"wp:attachment":[{"href":"https:\/\/www.europesays.com\/lv\/wp-json\/wp\/v2\/media?parent=29452"}],"wp:term":[{"taxonomy":"category","embeddable":true,"href":"https:\/\/www.europesays.com\/lv\/wp-json\/wp\/v2\/categories?post=29452"},{"taxonomy":"post_tag","embeddable":true,"href":"https:\/\/www.europesays.com\/lv\/wp-json\/wp\/v2\/tags?post=29452"}],"curies":[{"name":"wp","href":"https:\/\/api.w.org\/{rel}","templated":true}]}}