{"id":29473,"date":"2025-10-23T20:25:08","date_gmt":"2025-10-23T20:25:08","guid":{"rendered":"https:\/\/www.europesays.com\/lv\/29473\/"},"modified":"2025-10-23T20:25:08","modified_gmt":"2025-10-23T20:25:08","slug":"zans-kristofs-spinozi-diriges-lnso-unikala-koncertprogramma-riga-un-ventspili-lente-lv-5","status":"publish","type":"post","link":"https:\/\/www.europesays.com\/lv\/29473\/","title":{"rendered":"\u017dans Kristofs Spinozi diri\u0123\u0113s LNSO unik\u0101l\u0101 koncertprogramm\u0101 R\u012bg\u0101 un Ventspil\u012b\u00a0\u2014\u00a0Lente.lv"},"content":{"rendered":"<p>Aizraujo\u0161s Muzik\u0101ls Ce\u013cojums ar \u017danu Kristofu Spinozi un LNSO<\/p>\n<p>Latvijas Nacion\u0101lais simfoniskais or\u0137estris (LNSO) \u0161oruden aicina klaus\u012bt\u0101jus uz diviem \u012bpa\u0161iem koncertiem, kas notiks 2025. gada 26. septembr\u012b plkst. 19.00 R\u012bgas Kongresu nam\u0101 un 27. septembr\u012b plkst. 17.00 Ventspils koncertz\u0101l\u0113 \u201cLatvija\u201d. \u0160ie pas\u0101kumi iez\u012bm\u0113 v\u0113sturisku notikumu \u2013 pirmo reizi pie LNSO diri\u0123enta pults st\u0101sies pasaul\u0113 atz\u012btais fran\u010du maestro \u017dans Kristofs Spinozi, kura interpret\u0101cijas baroka un klasicisma laikmeta m\u016bzik\u0101 ir \u012bpa\u0161i nov\u0113rt\u0113tas. Vi\u0146a unik\u0101l\u0101 pieeja un dzi\u013c\u0101 izpratne par v\u0113sturisko m\u016bziku sola klaus\u012bt\u0101jiem neaizmirstamu un emocion\u0101lu pieredzi, kas p\u0101rsniedz laiku un telpu. Maestro Spinozi ir ar\u012b presti\u017e\u0101 fran\u010du baroka or\u0137estra Ensemble Matheus dibin\u0101t\u0101js un m\u0101kslinieciskais vad\u012bt\u0101js, un vi\u0146a karjera bag\u0101tin\u0101ta ar uzst\u0101\u0161anos pasaulslaven\u0101s koncertz\u0101l\u0113s.<\/p>\n<p>Muzik\u0101la Moza\u012bka Cauri Gadsimtiem<\/p>\n<p>Koncertprogramma \u201cLNSO, Vasks, zelta baroks un For\u0113 Rekvi\u0113ms\u201d ir r\u016bp\u012bgi veidota k\u0101 muzik\u0101la moza\u012bka, kas klaus\u012bt\u0101jus ved\u012bs ce\u013cojum\u0101 cauri da\u017e\u0101diem laikmetiem un kompoz\u012bciju stiliem. Sezonas atkl\u0101\u0161anas koncerts s\u0101ksies ar LNSO 100. sezonas rezid\u0113jo\u0161\u0101 komponista P\u0113tera Vaska darbu \u201cCantabile\u201d st\u012bginstrumentiem. \u0160is 1979. gad\u0101 rad\u012btais ska\u0146darbs ir k\u013cuvis par vienu no latvie\u0161u m\u016bzikas simboliem, pau\u017eot dzi\u013cas filozofiskas p\u0101rdomas un aicinot ieklaus\u012bties cilv\u0113ka iek\u0161\u0113j\u0101 pasaul\u0113. P\u0113c Vaska meditat\u012bv\u0101s m\u016bzikas klaus\u012bt\u0101ji tiks ievesti spo\u017eaj\u0101 baroka laikmet\u0101 ar fragmentu \u201cSit nomen Domini\u201d no Antonio Vivaldi cikla \u201cLaudate pueri\u201d. \u0160aj\u0101 ska\u0146darb\u0101 \u012bpa\u0161i izcili skan\u0113s jaun\u0101 fran\u010du sopr\u0101na Ninas Spinozi balss, radot elegantu un dv\u0113selisku dialogu ar LNSO st\u012bgu grupu. Nina Spinozi, dzimusi m\u016bzi\u0137u \u0123imen\u0113, ir iekarojusi atzin\u012bbu gan oper\u0101, gan koncertos, atveidojot lomas pasaulslavenos darbos un demonstr\u0113jot pla\u0161u \u017eanru spektru, tostarp baroka m\u016bziku. Pirm\u0101s da\u013cas nosl\u0113gum\u0101 atskan\u0113s Johana Sebasti\u0101na Baha Koncerts klaves\u012bnam un or\u0137estrim re minor\u0101 BWV 1052, demonstr\u0113jot baroka laikmetam rakstur\u012bgo dramatisko spriegumu un melodisko izsmalcin\u0101t\u012bbu. Klaves\u012bna solo partiju izpild\u012bs talant\u012bg\u0101 latvie\u0161u klaves\u012bniste Ieva Saliete, kuras sp\u0113lei rakstur\u012bga ori\u0123inalit\u0101te, aizraut\u012bba un dzi\u013ca izpratne par v\u0113sturisko instrumentu nians\u0113m. Ieva Saliete ir br\u012bvm\u0101ksliniece, kas sadarbojas ar or\u0137estri \u201cSinfonietta R\u012bga\u201d baroka projektos un piedal\u0101s solo un kamerm\u016bzikas projektos V\u0101cij\u0101 un \u0160veic\u0113, k\u0101 ar\u012b ir Bernes sen\u0101s m\u016bzikas or\u0137estra \u201cLes Passions de l\u2019Ame\u201d klaves\u012bniste.<\/p>\n<p>Koncerta Kulmin\u0101cija \u2013 For\u0113 Rekvi\u0113ms<\/p>\n<p>Koncerta paties\u0101 kulmin\u0101cija sagaid\u012bs klaus\u012bt\u0101jus otraj\u0101 da\u013c\u0101 ar Gabriela For\u0113 monument\u0101lo Rekvi\u0113mu. At\u0161\u0137ir\u012bb\u0101 no tradicion\u0101laj\u0101m s\u0113ru mes\u0101m, \u0161is darbs p\u0101rv\u0113r\u0161 n\u0101ves t\u0113mu cer\u012bb\u0101, gaism\u0101 un dv\u0113seles mier\u0101. For\u0113 savu Rekvi\u0113mu raksturojis k\u0101 \u201cmiera rekvi\u0113mu\u201d, un tas ir caurstr\u0101dots ar cer\u012bbu, apceri par m\u016b\u017e\u012bbu un dz\u012bves skaistumu. Pats komponists par savu darbu teicis: \u201cEs t\u0101 j\u016btos par n\u0101vi \u2014 k\u0101 priec\u012bgu atbr\u012bvo\u0161anos, kas ved uz augst\u0101ku sv\u0113tlaimi, nevis k\u0101 s\u0101p\u012bgu beigu br\u012bdi.\u201d For\u0113 Rekvi\u0113ms izce\u013cas ar \u012bpa\u0161u gai\u0161umu un tiek uzskat\u012bts par vienu no emocion\u0101li aizkustino\u0161\u0101kajiem un klaus\u012bt\u0101ju visvair\u0101k iem\u012b\u013cotajiem m\u016bzikas darbiem. Kop\u0101 ar LNSO un Valsts Akad\u0113misko kori \u201cLatvija\u201d \u0161o ska\u0146darbu atska\u0146os ar\u012b norv\u0113\u0123u baritons Halvors Meliens, kur\u0161 ir bie\u017es viesis Eiropas koncertz\u0101l\u0113s un oper\u0101s, \u012bpa\u0161u uzman\u012bbu piev\u0113r\u0161ot baroka m\u016bzikai un v\u0101cu vok\u0101lajai kamerm\u016bzikai. Vi\u0146a interpret\u0101cij\u0101s apvienojas zieme\u013cniecisks smalkums ar emocion\u0101lu dzi\u013cumu, padarot katru uzst\u0101\u0161anos par m\u0101ksliniecisku notikumu.<\/p>\n<p>M\u0101kslinieku Spo\u017eums un Pied\u0101v\u0101jums<\/p>\n<p>\u0160ie divi koncerti k\u013c\u016bs par spo\u017eu notikumu ne tikai LNSO 100. sezon\u0101, bet ar\u012b visas Latvijas koncertdz\u012bv\u0113. Vi\u0146u kop\u012bg\u0101 uzst\u0101\u0161an\u0101s sola augstv\u0113rt\u012bgu m\u0101ksliniecisko sniegumu un neaizmirstamus iespaidus, piepildot rudens vakarus ar neaizmirstam\u0101m m\u016bzikas ska\u0146\u0101m. LNSO un t\u0101 viesi aicina iegrimt m\u016bzikas skaistum\u0101 un atv\u0113rties jaun\u0101m, iedvesmojo\u0161\u0101m saj\u016bt\u0101m. Bi\u013cetes uz \u0161iem iespaid\u012bgajiem koncertiem ir pieejamas p\u0101rdo\u0161an\u0101.<\/p>\n","protected":false},"excerpt":{"rendered":"Aizraujo\u0161s Muzik\u0101ls Ce\u013cojums ar \u017danu Kristofu Spinozi un LNSO Latvijas Nacion\u0101lais simfoniskais or\u0137estris (LNSO) \u0161oruden aicina klaus\u012bt\u0101jus uz&hellip;\n","protected":false},"author":2,"featured_media":29474,"comment_status":"","ping_status":"","sticky":false,"template":"","format":"standard","meta":{"footnotes":""},"categories":[19],"tags":[89,5955,90,2527,202,35,39,38,36,37,34,2923,40,2922],"class_list":{"0":"post-29473","1":"post","2":"type-post","3":"status-publish","4":"format-standard","5":"has-post-thumbnail","7":"category-izklaide","8":"tag-entertainment","9":"tag-gabriels-fore-rekviems","10":"tag-izklaide","11":"tag-klasiska-muzika","12":"tag-koncerts","13":"tag-latvia","14":"tag-latvian","15":"tag-latviesu","16":"tag-latviesu-valoda","17":"tag-latviesuvaloda","18":"tag-latvija","19":"tag-latvijas-nacionalais-simfoniskais-orkestris","20":"tag-lv","21":"tag-zans-kristofs-spinozi"},"share_on_mastodon":{"url":"https:\/\/pubeurope.com\/@lv\/115425360152396540","error":""},"_links":{"self":[{"href":"https:\/\/www.europesays.com\/lv\/wp-json\/wp\/v2\/posts\/29473","targetHints":{"allow":["GET"]}}],"collection":[{"href":"https:\/\/www.europesays.com\/lv\/wp-json\/wp\/v2\/posts"}],"about":[{"href":"https:\/\/www.europesays.com\/lv\/wp-json\/wp\/v2\/types\/post"}],"author":[{"embeddable":true,"href":"https:\/\/www.europesays.com\/lv\/wp-json\/wp\/v2\/users\/2"}],"replies":[{"embeddable":true,"href":"https:\/\/www.europesays.com\/lv\/wp-json\/wp\/v2\/comments?post=29473"}],"version-history":[{"count":0,"href":"https:\/\/www.europesays.com\/lv\/wp-json\/wp\/v2\/posts\/29473\/revisions"}],"wp:featuredmedia":[{"embeddable":true,"href":"https:\/\/www.europesays.com\/lv\/wp-json\/wp\/v2\/media\/29474"}],"wp:attachment":[{"href":"https:\/\/www.europesays.com\/lv\/wp-json\/wp\/v2\/media?parent=29473"}],"wp:term":[{"taxonomy":"category","embeddable":true,"href":"https:\/\/www.europesays.com\/lv\/wp-json\/wp\/v2\/categories?post=29473"},{"taxonomy":"post_tag","embeddable":true,"href":"https:\/\/www.europesays.com\/lv\/wp-json\/wp\/v2\/tags?post=29473"}],"curies":[{"name":"wp","href":"https:\/\/api.w.org\/{rel}","templated":true}]}}