{"id":29493,"date":"2025-10-23T21:24:31","date_gmt":"2025-10-23T21:24:31","guid":{"rendered":"https:\/\/www.europesays.com\/lv\/29493\/"},"modified":"2025-10-23T21:24:31","modified_gmt":"2025-10-23T21:24:31","slug":"riga-svin-gramatu-svetkus-ko-redzet-un-nepalaist-garam","status":"publish","type":"post","link":"https:\/\/www.europesays.com\/lv\/29493\/","title":{"rendered":"R\u012bg\u0101 svin Gr\u0101matu sv\u0113tkus \u2013 ko redz\u0113t un nepalaist gar\u0101m"},"content":{"rendered":"<p>Jau piektdien un sestdien, 24. un 25. oktobr\u012b, Latvijas Nacion\u0101laj\u0101 bibliot\u0113k\u0101 (LNB) tiks aizvad\u012bti R\u012bgas Gr\u0101matu sv\u0113tki. Pas\u0101kuma r\u012bkot\u0101ji aicina iev\u0101kt gr\u0101matu ra\u017eu garajiem rudens un ziemas vakariem, satikt autorus, piedal\u012bties diskusij\u0101s un darbn\u012bc\u0101s. Savuk\u0101rt &#8220;Delfi Kult\u016bra&#8221; pied\u0101v\u0101 smelties iedvesmu no pas\u0101kumu un notikumu izlases \u2013 ko redz\u0113t un kur b\u016bt sv\u0113tku laik\u0101.<\/p>\n<p class=\"MsoNormal\">R\u012bgas Gr\u0101matu sv\u0113tkos piedal\u012bsies 31 izdev\u0113js, kuri pied\u0101v\u0101s da\u017e\u0101du \u017eanru gr\u0101matas \u2013 gan tulkot\u0101s literat\u016bras jaunumus, gan latvie\u0161u autoru dai\u013cliterat\u016bras un p\u0113tniec\u012bbas darbus. Pied\u0101v\u0101jum\u0101 b\u016bs ar\u012b m\u0101kslas, dzejas, valodniec\u012bbas, fant\u0101zijas, romantikas un v\u0113stures izdevumi, k\u0101 ar\u012b viskr\u0101sain\u0101k\u0101s gr\u0101matas jaun\u0101kajiem las\u012bt\u0101jiem.<\/p>\n<p class=\"MsoNormal\">Ra\u017eas sezonas daudzveid\u012bba atspogu\u013cosies ar\u012b bag\u0101t\u012bgaj\u0101 kult\u016bras programmas pied\u0101v\u0101jum\u0101. B\u016bs tik\u0161an\u0101s ar las\u012bt\u0101ju iecien\u012btiem pa\u0161m\u0101ju un \u0101rzemju autoriem, tematiskas diskusijas un pat ieteikumi, k\u0101 veidot pa\u0161am savu gr\u0101matu klubu. To visu papildin\u0101s gr\u0101matu atv\u0113r\u0161anas sv\u0113tki, autogr\u0101fu stundas un sarunas par rakst\u012b\u0161anu un las\u012b\u0161anu. Jaun\u0101kie las\u012bt\u0101ji tiks aicin\u0101ti uz rado\u0161\u0101m darbn\u012bc\u0101m, tik\u0161anos ar iem\u012b\u013cotiem autoriem, le\u013c\u013cu te\u0101tri un dz\u012bvo gr\u0101matu klubu &#8220;Piena zobs&#8221;.<\/p>\n<p class=\"MsoNormal\">Darbosies ar\u012b gr\u0101matu mai\u0146as punkts, kur las\u012bt\u0101ji var\u0113s iemain\u012bt jau izlas\u012bto, lielisko gr\u0101matu pret citu, l\u012bdzv\u0113rt\u012bgi lielisku gr\u0101matu. Gr\u0101matu mai\u0146as organizatori aicina cien\u012bt citus las\u012bt\u0101jus un nepied\u0101v\u0101t mai\u0146ai makulat\u016bru, k\u0101 ar\u012b apmai\u0146as iesp\u0113ju neizmantot \u013caunpr\u0101t\u012bgi un komerci\u0101los nol\u016bkos.<\/p>\n<p class=\"MsoNormal\">Sv\u0113tku pas\u0101kumi LNB 24. oktobr\u012b norisin\u0101sies no pulksten 10 l\u012bdz 20, savuk\u0101rt 25. oktobr\u012b no pulksten 11 l\u012bdz 18. Ieeja pas\u0101kumos ir bez maksas.<\/p>\n<p>Piektdiena, 24. oktobris<\/p>\n<p class=\"MsoNormal\">Pas\u0101kumu ofici\u0101l\u0101 atkl\u0101\u0161ana norisin\u0101sies pulksten 11. <\/p>\n<p class=\"MsoNormal\">(Ne)redzam\u0101 v\u0113sture<\/p>\n<p class=\"MsoNormal\">Pulksten 13 pirm\u0101 st\u0101va Draugu telp\u0101 tiks aizvad\u012bta saruna par Baltijas romiem arh\u012bvu fotogr\u0101fij\u0101. Latvijas Universit\u0101tes Literat\u016bras, folkloras un m\u0101kslas instit\u016bts (LU LFMI) aicina uz \u012bpa\u0161as foto gr\u0101matas atv\u0113r\u0161anu, kas pirmoreiz vienkopus atkl\u0101j Baltijas romu kopienu dz\u012bvi pirms Otr\u0101 pasaules kara. Album\u0101 apkopotas arh\u012bva fotogr\u0101fijas no vis\u0101m trim Baltijas valst\u012bm, izgaismojot romu v\u0113sturi, kult\u016bru un ikdienu, kas nereti palikusi \u0101rpus m\u016bsu kop\u012bg\u0101s atmi\u0146as. Pas\u0101kum\u0101 b\u016bs saruna par romu v\u0113stures redzam\u012bbu, taj\u0101 piedal\u012bsies romu sievie\u0161u biedr\u012bbas &#8220;S\u0101re khetene&#8221; biedres Malda Avramenko un Irina Kleina, k\u0101 ar\u012b LU LFMI p\u0113tnieces Ieva V\u012bvere un Ieva Garda-Rozenberga. <\/p>\n<p class=\"MsoNormal\">Markesa ma\u0123iskais faktors<\/p>\n<p class=\"MsoNormal\">Pulksten 15 pirm\u0101 st\u0101va Draugu telp\u0101 notiks diskusija par izdevniec\u012bb\u0101 &#8220;Latvijas Mediji&#8221; izdotajiem Markesa darbiem &#8220;Tiksimies august\u0101&#8221;, &#8220;Patriarha rudens&#8221;, &#8220;12 st\u0101sti ce\u013cinieki&#8221;. Sarun\u0101 piedal\u012bsies literat\u016brzin\u0101tnieks Oj\u0101rs L\u0101ms, rakstnieks un tulkot\u0101js <a rel=\"noopener nofollow\" target=\"_blank\" href=\"https:\/\/www.delfi.lv\/temas\/52613129\/vilis-kasims\" tag-id=\"52613129\">Vilis Kasims<\/a>, literat\u016brp\u0113tnieks Ingus Barovskis. Diskusiju vad\u012bs LU LFMI p\u0113tniece <a rel=\"noopener nofollow\" target=\"_blank\" href=\"https:\/\/www.delfi.lv\/temas\/54309238\/ilze-jansone\" tag-id=\"54309238\">Ilze Jansone<\/a>.<\/p>\n<p class=\"MsoNormal\">&#8220;Tukuma kar\u0161&#8221; <\/p>\n<p class=\"MsoNormal\">Pulksten 17 pirm\u0101 st\u0101va Draugu telp\u0101 garuna ar v\u0113sturisk\u0101 piedz\u012bvojumu rom\u0101na &#8220;Tukuma kar\u0161&#8221; autoru Gunti T\u0101leru, Tukuma muzeja direktori Agritu Ozolu un Apg\u0101da Zvaigzne ABC Latvie\u0161u literat\u016bras redakcijas vad\u012bt\u0101ju B\u0101rbalu Simsoni. <\/p>\n<p class=\"MsoNormal\">Laiks las\u012bt, rakst\u012bt, izdot un eksport\u0113t<\/p>\n<p class=\"MsoNormal\">Pulksten 18 pirm\u0101 st\u0101va Draugu telp\u0101 tiks aizvad\u012bta saruna ar kust\u012bbas #LaiksLas\u012bt idejas autori, rakstnieci Ingu Grencbergu, rakstnieku Arno Jundzi un Apg\u0101da Zvaigzne ABC liter\u0101ro a\u0123enti Santu Sva\u017eu. <\/p>\n<p class=\"MsoNormal\">&#8220;Albartross&#8221;<\/p>\n<p class=\"MsoNormal\">Savuk\u0101rt pulksten 19 pirm\u0101 st\u0101va Draugu telp\u0101 gaid\u0101ma Eg\u012bla Ventera jaun\u0101 \u012bsrom\u0101nu cikla &#8220;Albartross&#8221; atv\u0113r\u0161ana<\/p>\n<p>Sestdiena, 25. oktobris<\/p>\n<p class=\"MsoNormal\">Baraviku laika dullums: Saruna par Reg\u012bnai Ezerai velt\u012btajiem p\u0113t\u012bjumiem<\/p>\n<p class=\"MsoNormal\">Pulksten 11 pirm\u0101 st\u0101va Draugu telp\u0101 LU Literat\u016bras, folkloras un m\u0101kslas instit\u016bts aicina uz sarunu par jaun\u0101kajiem Reg\u012bnai Ezerai velt\u012btajiem p\u0113t\u012bjumiem. Daces Bulas monogr\u0101fija &#8220;Liter\u0101r\u0101s dabkult\u016bras: Reg\u012bnas Ezeras zooproza ekokritisk\u0101 las\u012bjum\u0101&#8221; (2024) piev\u0113r\u0161as tam, k\u0101 <a rel=\"noopener nofollow\" target=\"_blank\" href=\"https:\/\/www.delfi.lv\/temas\/43202614\/regina-ezera\" tag-id=\"43202614\">Reg\u012bna Ezera<\/a> sav\u0101 \u012bsproz\u0101 rada dabkult\u016bras. Savuk\u0101rt kolekt\u012bv\u0101 monogr\u0101fija &#8220;Reg\u012bna Ezera: sievi\u0161\u0137ais subjekts, vide, st\u0101st\u012bjums&#8221; (2025) akcent\u0113 Ezeras darbu noz\u012bmi un aktualit\u0101ti m\u016bsdienu kontekst\u0101, pied\u0101v\u0101jot daudzveid\u012bgu, padzi\u013cin\u0101tu un jaunu skat\u012bjumu uz vi\u0146as prozu. Sarun\u0101 piedal\u0101s Anda Bakl\u0101ne, Dace Bula, Zanda G\u016btmane, Ed\u012bte Ti\u0161heizere un <a rel=\"noopener nofollow\" target=\"_blank\" href=\"https:\/\/www.delfi.lv\/temas\/40365579\/karlis-verdins\" tag-id=\"40365579\">K\u0101rlis V\u0113rdi\u0146\u0161<\/a>. <\/p>\n<p class=\"MsoNormal\">Person\u012bbas mist\u0113rijas \u0161\u0137etinot<\/p>\n<p class=\"MsoNormal\">Pulksten 11.30  \u2013 1. st\u0101v\u0101 (konferen\u010du centra A da\u013c\u0101) tiks aizvad\u012bta tik\u0161an\u0101s ar somu rakstnieci R\u012bku Pulkinenu un tulkot\u0101ju Maimu Gr\u012bnbergu, saruna par nesen izn\u0101ku\u0161o rom\u0101nu &#8220;Burv\u012bba&#8221;.<\/p>\n<p class=\"MsoNormal\">Gr\u0101matu klubs k\u0101 las\u012bt\u0101ju kopiena<\/p>\n<p class=\"MsoNormal\">Savuk\u0101rt pulksten 12:30 \u2013 1. st\u0101v\u0101 gaid\u0101mas sarunas par gr\u0101matu klubiem. K\u0101 izveidot, k\u0101 notur\u0113t, k\u0101 augt. Pieredzes un iedvesmas st\u0101sti no da\u017e\u0101du formu gr\u0101matu klubiem. Sarunu vad\u012bs gr\u0101matu kluba &#8220;Tot\u0101ls v\u0101ks&#8221; ilggad\u0113j\u0101 vad\u012bt\u0101ja un blogere Krist\u012bne P\u012bkenena. <\/p>\n<p class=\"MsoNormal\">Par gr\u0101matu rakst\u012b\u0161anu un las\u012b\u0161anu<\/p>\n<p class=\"MsoNormal\">Pulksten 13 pirm\u0101 st\u0101va Draugu telp\u0101 notiks rakstnieka Dzintara Tilaka un izdev\u0113jas Vijas Kilblokas saruna par gr\u0101matu rakst\u012b\u0161anu un las\u012b\u0161anu.<\/p>\n<p class=\"MsoNormal\">&#8220;Es savu dz\u012bvo\u0161anu ierakstu v\u0113stul\u0113s. Ilzes Indr\u0101nes v\u0113stules laikabiedriem&#8221;<\/p>\n<p class=\"MsoNormal\">Pulksten 13.30 \u2013 1. st\u0101v\u0101 notiks gr\u0101matas &#8220;Es savu dz\u012bvo\u0161anu ierakstu v\u0113stul\u0113s. Ilzes Indr\u0101nes v\u0113stules laikabiedriem&#8221;, sak\u0101rtot\u0101ja Dace Zvirgzdi\u0146a, atv\u0113r\u0161anas sv\u0113tki. Ilzes Indr\u0101nes (1927\u20132025) v\u0113stules laikabiedriem aptver veselu cilv\u0113ka m\u016b\u017eu (1947\u20132018) \u2013 t\u0101s ies\u0101k tikko vidusskolu absolv\u0113jusi meitene un p\u0113c 71 gada pabeidz sirma Vecm\u0101mi\u0146a. V\u0113stu\u013cu izlase veidota no gandr\u012bz se\u0161iem simtiem vi\u0146as v\u0113stu\u013cu un z\u012bm\u012b\u0161u 18 person\u0101m \u2013 draugiem, skolot\u0101jiem, \u017eurn\u0101listiem, klasesbiedriem, kam vi\u0146a uztic iespaidus Pedago\u0123iskaj\u0101 instit\u016bt\u0101, skolas darba mirk\u013cus, sabiedrisko ros\u012bbu lauku apvid\u016b, ieinteres\u0113t\u012bbu jaunu liter\u0101tu tap\u0161an\u0101, koment\u0113 atsevi\u0161\u0137u liter\u0101ro darbu ra\u0161anos, r\u016bpes par \u0123imeni un par tuviniekiem k\u013cuvu\u0161ajiem sarakstes partneriem, par ikdienas sadz\u012bvi m\u0101j\u0101s Madonas piev\u0101rt\u0113. <\/p>\n<p class=\"MsoNormal\">&#8220;R\u012bgas ielas. Kreisais krasts&#8221;<\/p>\n<p class=\"MsoNormal\">Pulksten 14 pirm\u0101 st\u0101va Draugu telp\u0101 gaid\u0101ma tik\u0161an\u0101s ar gr\u0101matas &#8220;R\u012bgas ielas. Kreisais krasts&#8221; redaktoru J\u0101ni Barbanu. \u0160\u012b ir otr\u0101 gr\u0101mata s\u0113rij\u0101 par R\u012bgas iel\u0101m. Gr\u0101matu s\u0113rijas redaktors J\u0101nis Barbans past\u0101st\u012bs par \u0161\u012b izdevuma tap\u0161anu un P\u0101rdaugavas ielu specifiku.<\/p>\n<p class=\"MsoNormal\">Vai m\u0101tes lomu var iem\u0101c\u012bties<\/p>\n<p class=\"MsoNormal\">Pulksten 14.30 \u20131. st\u0101v\u0101 notiks saruna ar zviedru rakstnieci Goln\u0101zu Ha\u0161emz\u0101di Bundi un tulkot\u0101ju Jolantu P\u0113tersoni par nesen izn\u0101ku\u0161o rom\u0101nu &#8220;Dabiska uzved\u012bba&#8221;.<\/p>\n<p class=\"MsoNormal\">Pasaules troksnis<\/p>\n<p class=\"MsoNormal\">Pulksten 15 pirm\u0101 st\u0101va Draugu telp\u0101 sarun\u0101sies rakstnieki Ilze Jansone un Svens Kuzmins. <\/p>\n<p class=\"MsoNormal\">Igau\u0146u trimdas literat\u016bras spo\u017e\u0101kie d\u0101rgumi<\/p>\n<p class=\"MsoNormal\">Pulksten 15.30 \u20131. st\u0101v\u0101 gaid\u0101ma saruna ar tulkot\u0101ju Maimu Gr\u012bnbergu un trimdas literat\u016bras p\u0113tnieci Ingunu Dauksti-Silaspro\u0123i par Karla Ristikivi rom\u0101nu &#8220;Dv\u0113se\u013cu nakts&#8221;.<\/p>\n<p class=\"MsoNormal\">&#8220;Vientul\u012bbas dro\u0161\u012bbas noteikumi&#8221;<\/p>\n<p class=\"MsoNormal\">Savuk\u0101rt pulksten 16.30 \u20131. st\u0101v\u0101 notiks Agneses Rutk\u0113vi\u010das dzejas kr\u0101juma &#8220;Vientul\u012bbas dro\u0161\u012bbas noteikumi&#8221; atv\u0113r\u0161ana. Piedal\u0101s autore <a rel=\"noopener nofollow\" target=\"_blank\" href=\"https:\/\/www.delfi.lv\/temas\/44897114\/agnese-rutkevica\" tag-id=\"44897114\">Agnese Rutk\u0113vi\u010da<\/a> un gr\u0101matas fotogr\u0101fiju autore <a rel=\"noopener nofollow\" target=\"_blank\" href=\"https:\/\/www.delfi.lv\/temas\/47082213\/madara-rutkevica\" tag-id=\"47082213\">Madara Rutk\u0113vi\u010da<\/a>. <\/p>\n<p>Pas\u0101kumi b\u0113rniem un jaunie\u0161iem<\/p>\n<p>Sestdien, 25. oktobr\u012b Latvijas Nacion\u0101laj\u0101 bibliot\u0113k\u0101 b\u016bs padom\u0101ts ar\u012b par pa\u0161iem jaun\u0101kajiem las\u012bt\u0101jiem.<\/p>\n<p class=\"MsoNormal\">Lapsa lasa par t\u0113ti un ka\u0137\u012bti<\/p>\n<p class=\"MsoNormal\">Pulksten 11 sept\u012bt\u0101 st\u0101va \u0101trij\u0101 pie B\u0113rnu literat\u016bras centra tiks atv\u0113rta jaun\u0101 izdevniec\u012bbas &#8220;Liels un mazs&#8221; s\u0113rij\u0101 &#8220;Lapsa lasa&#8221; izn\u0101kus\u012b \u0112rikas B\u0113rzi\u0146as gr\u0101mata &#8220;Mares lielais sapnis&#8221; ar Annas Vaivares ilustr\u0101cij\u0101m. Piedal\u0101s autore un gr\u0101matas redaktore <a rel=\"noopener nofollow\" target=\"_blank\" href=\"https:\/\/www.delfi.lv\/temas\/40412073\/inese-zandere\" tag-id=\"40412073\">Inese Zandere<\/a>. Annas Vaivares vizu\u0101lo uzdevumu darbn\u012bca. <\/p>\n<p class=\"MsoNormal\">Kur\u0161 sas\u0113d\u0113ja vamp\u012bri\u0146u?<\/p>\n<p class=\"MsoNormal\">Pulksten 12 sept\u012bt\u0101 st\u0101va \u0101trij\u0101 pie B\u0113rnu literat\u016bras centra viesosies dz\u012bvo gr\u0101matu klubs &#8220;Piena zobs&#8221;. Komiksu nosl\u0113pumiem velt\u012btaj\u0101 nodarb\u012bb\u0101 piedal\u012bsies m\u0101ksliniece un tulkot\u0101ja <a rel=\"noopener nofollow\" target=\"_blank\" href=\"https:\/\/www.delfi.lv\/temas\/51408153\/elina-braslina\" tag-id=\"51408153\">El\u012bna Brasli\u0146a<\/a> un tulkot\u0101ja Jolanta P\u0113tersone. Lai lab\u0101k sagatavotos, aicin\u0101m izlas\u012bt \u0112rlenna L\u016b un Kima Jorteija komiksu &#8220;Kur\u0161 sas\u0113d\u0113ja br\u016bno sieru?&#8221; un Joanna Sf\u0101ra komiksu &#8220;Mazais vamp\u012bri\u0146\u0161&#8221;, ta\u010du pavisam noteikti interesanti b\u016bs ar\u012b tiem dal\u012bbniekiem, kas v\u0113l neb\u016bs paz\u012bstami ar \u0161\u012bm gr\u0101mat\u0101m. <\/p>\n<p class=\"MsoNormal\">&#8220;Nejauc\u0113ni&#8221; <\/p>\n<p class=\"MsoNormal\">Savuk\u0101rt astot\u0101 st\u0101va las\u012btav\u0101 pulksten 12.30 darbosies rado\u0161\u0101 darbn\u012bca b\u0113rniem kop\u0101 ar gr\u0101matas &#8220;Nejauc\u0113ni&#8221; autori M\u0101r\u012bti Tabitu Kalni\u0146u.<\/p>\n<p class=\"MsoNormal\">Mo\u013c\u013ca <\/p>\n<p class=\"MsoNormal\">Astot\u0101 st\u0101va las\u012btav\u0101 pulksten 14.30 somu autore un m\u0101ksliniece Katri Kirkkopelto (ar Maimas Gr\u012bnbergas tulkojumu latvie\u0161u valod\u0101) aicina b\u0113rnus uz rado\u0161u un aizraujo\u0161u darbn\u012bcu. Kop\u0101 ar autori b\u016bs iesp\u0113ja atkl\u0101t Mo\u013c\u013ca pasauli, iepaz\u012bt vi\u0146a draugus un pa\u0161iem iem\u0101c\u012bties tos uzz\u012bm\u0113t. T\u0101 b\u016bs aizraujo\u0161a piedz\u012bvojumu pilna nodarb\u012bba, kur b\u0113rni var\u0113s \u013cauties fant\u0101zijai, izpaust savu rado\u0161umu un g\u016bt prieku kop\u0101 ar citiem. Bet pulksten 15.30 gaid\u0101ma le\u013c\u013cu izr\u0101de par somu autores Katri Kirkkopelto rad\u012bto m\u012b\u013co t\u0113lu Molli un vi\u0146a draugiem. T\u0101 ved\u012bs b\u0113rnus kr\u0101sainaj\u0101 j\u016btu pasaul\u0113, st\u0101st\u012bs par draudz\u012bbu un pal\u012bdz\u0113s atpaz\u012bt un izprast savas emocijas.<\/p>\n<p class=\"MsoNormal\">Milzis staig\u0101 m\u016bsu pils\u0113t\u0101<\/p>\n<p class=\"MsoNormal\">Pulksten 15 sept\u012bt\u0101 st\u0101va \u0101trij\u0101 pie B\u0113rnu literat\u016bras centra gaid\u0101ma tik\u0161an\u0101s ar bil\u017eu gr\u0101matas &#8220;Milzis&#8221; autori, \u010dehu m\u0101kslinieci Terezu \u0160iklovu, piedal\u0101s tulkot\u0101ja <a rel=\"noopener nofollow\" target=\"_blank\" href=\"https:\/\/www.delfi.lv\/temas\/52694001\/ingmara-balode\" tag-id=\"52694001\">Ingm\u0101ra Balode<\/a> un m\u0101ksliniece \u016ana Laukmane. <\/p>\n<p class=\"m-0\">Seko &#8220;Delfi&#8221; ar\u012b  <a target=\"_blank\" href=\"https:\/\/www.instagram.com\/delfi.lv\/\" rel=\"nofollow noopener\">Instagram<\/a>  un <a target=\"_blank\" href=\"https:\/\/www.youtube.com\/channel\/UCw5foWtcJvAbUm64rv7jwUQ\" rel=\"nofollow noopener\">YouTube<\/a>  profil\u0101 \u2013 pievienojies, lai uzzin\u0101tu svar\u012bg\u0101ko un interesant\u0101ko pirmais!<\/p>\n<p>Publik\u0101cijas saturs vai t\u0101s jebk\u0101da apjoma da\u013ca ir aizsarg\u0101ts autorties\u012bbu objekts Autorties\u012bbu likuma izpratn\u0113, un t\u0101 izmanto\u0161ana bez izdev\u0113ja at\u013caujas ir aizliegta. Vair\u0101k lasi  <a target=\"_blank\" href=\"https:\/\/www.delfi.lv\/noteikumi#autortiesibas\" rel=\"nofollow noopener\">\u0161eit<\/a><script async src=\"\/\/www.instagram.com\/embed.js\"><\/script><\/p>\n","protected":false},"excerpt":{"rendered":"Jau piektdien un sestdien, 24. un 25. oktobr\u012b, Latvijas Nacion\u0101laj\u0101 bibliot\u0113k\u0101 (LNB) tiks aizvad\u012bti R\u012bgas Gr\u0101matu sv\u0113tki. Pas\u0101kuma&hellip;\n","protected":false},"author":2,"featured_media":29494,"comment_status":"","ping_status":"","sticky":false,"template":"","format":"standard","meta":{"footnotes":""},"categories":[5],"tags":[8764,23,28,29,9026,32,33,22,9029,7279,9028,9023,9022,30,31,35,39,38,36,37,34,40,9025,20,26,27,9024,24,25,9027,21],"class_list":{"0":"post-29493","1":"post","2":"type-post","3":"status-publish","4":"format-standard","5":"has-post-thumbnail","7":"category-aktualitates","8":"tag-agnese-rutkevica","9":"tag-aktualitates","10":"tag-breaking-news","11":"tag-breakingnews","12":"tag-elina-braslina","13":"tag-featured-news","14":"tag-featurednews","15":"tag-headlines","16":"tag-ilze-jansone","17":"tag-inese-zandere","18":"tag-ingmara-balode","19":"tag-jaunakas-gramatas","20":"tag-karlis-verdins","21":"tag-latest-news","22":"tag-latestnews","23":"tag-latvia","24":"tag-latvian","25":"tag-latviesu","26":"tag-latviesu-valoda","27":"tag-latviesuvaloda","28":"tag-latvija","29":"tag-lv","30":"tag-madara-rutkevica","31":"tag-news","32":"tag-popularakas-zinas","33":"tag-popularakaszinas","34":"tag-regina-ezera","35":"tag-top-stories","36":"tag-topstories","37":"tag-vilis-kasims","38":"tag-zinas"},"share_on_mastodon":{"url":"https:\/\/pubeurope.com\/@lv\/115425592126146332","error":""},"_links":{"self":[{"href":"https:\/\/www.europesays.com\/lv\/wp-json\/wp\/v2\/posts\/29493","targetHints":{"allow":["GET"]}}],"collection":[{"href":"https:\/\/www.europesays.com\/lv\/wp-json\/wp\/v2\/posts"}],"about":[{"href":"https:\/\/www.europesays.com\/lv\/wp-json\/wp\/v2\/types\/post"}],"author":[{"embeddable":true,"href":"https:\/\/www.europesays.com\/lv\/wp-json\/wp\/v2\/users\/2"}],"replies":[{"embeddable":true,"href":"https:\/\/www.europesays.com\/lv\/wp-json\/wp\/v2\/comments?post=29493"}],"version-history":[{"count":0,"href":"https:\/\/www.europesays.com\/lv\/wp-json\/wp\/v2\/posts\/29493\/revisions"}],"wp:featuredmedia":[{"embeddable":true,"href":"https:\/\/www.europesays.com\/lv\/wp-json\/wp\/v2\/media\/29494"}],"wp:attachment":[{"href":"https:\/\/www.europesays.com\/lv\/wp-json\/wp\/v2\/media?parent=29493"}],"wp:term":[{"taxonomy":"category","embeddable":true,"href":"https:\/\/www.europesays.com\/lv\/wp-json\/wp\/v2\/categories?post=29493"},{"taxonomy":"post_tag","embeddable":true,"href":"https:\/\/www.europesays.com\/lv\/wp-json\/wp\/v2\/tags?post=29493"}],"curies":[{"name":"wp","href":"https:\/\/api.w.org\/{rel}","templated":true}]}}