{"id":2951,"date":"2025-09-23T13:19:16","date_gmt":"2025-09-23T13:19:16","guid":{"rendered":"https:\/\/www.europesays.com\/lv\/2951\/"},"modified":"2025-09-23T13:19:16","modified_gmt":"2025-09-23T13:19:16","slug":"raivo-saulgriezis-pasaules-cempionatu-nosledz-41-vieta-20-km-solosana-lente-lv","status":"publish","type":"post","link":"https:\/\/www.europesays.com\/lv\/2951\/","title":{"rendered":"Raivo Saulgriezis pasaules \u010dempion\u0101tu nosl\u0113dz 41. viet\u0101 20 km so\u013co\u0161an\u0101\u00a0\u2014\u00a0Lente.lv"},"content":{"rendered":"<p>Raivo Saulgrie\u017ea ce\u013c\u0161 pasaules \u010dempion\u0101t\u0101 nosl\u0113dzies ar 41. vietu<\/p>\n<p>Latvijas atl\u0113ts Raivo Saulgriezis ir pabeidzis savu dal\u012bbu pasaules vieglatl\u0113tikas \u010dempion\u0101t\u0101 Tokij\u0101. Sestdien notiku\u0161aj\u0101s 20 kilometru so\u013co\u0161anas sacens\u012bb\u0101s sportists ie\u0146\u0113ma 41. vietu, atvadoties no \u0161\u012b presti\u017e\u0101 pasaules m\u0113roga notikuma.<\/p>\n<p>Pasaules \u010dempion\u0101ta pieredze un rezult\u0101ti<\/p>\n<p>Lai gan rezult\u0101ts varb\u016bt nav tas, ko daudzi cer\u0113ja, Saulgrie\u017ea dal\u012bba pasaules \u010dempion\u0101t\u0101 ir noz\u012bm\u012bgs sasniegums un v\u0113rt\u012bga pieredze. Katra \u0161\u0101da sacens\u012bba ir solis uz priek\u0161u, uzkr\u0101jot neatsveramu pieredzi, kas pal\u012bdz\u0113s att\u012bst\u012bties n\u0101kotn\u0113.<\/p>\n<p>\u0160ogad pasaules \u010dempion\u0101ta distance sol\u012b bija \u012bpa\u0161i saspringta, un konkurence bija augsta. Raivo Saulgriezis, c\u012bnoties l\u012bdz pat fini\u0161am, demonstr\u0113ja savu neatlaid\u012bbu un sportisko garu. \u0160is sasniegums, lai ar\u012b nav meda\u013cu kaluma, liecina par sportista centieniem un gatav\u012bbu st\u0101ties pret\u012b pasaules lab\u0101kajiem.<\/p>\n<p>N\u0101kotnes perspekt\u012bvas un att\u012bst\u012bba<\/p>\n<p>Lai gan \u0161is \u010dempion\u0101ts ir nosl\u0113dzies, Saulgrie\u017ea karjera noteikti turpin\u0101s. \u0160\u012b pieredze Tokij\u0101 sniegs vi\u0146am jaunas idejas un motiv\u0101ciju treni\u0146os un turpm\u0101kaj\u0101s sacens\u012bb\u0101s. Svar\u012bgi ir neapst\u0101ties pie sasniegt\u0101, bet turpin\u0101t str\u0101d\u0101t pie sav\u0101m stipraj\u0101m un v\u0101jaj\u0101m pus\u0113m.<\/p>\n<p>K\u0101 zin\u0101ms, so\u013co\u0161ana ir discipl\u012bna, kas prasa gan fizisku iztur\u012bbu, gan ar\u012b teicamu tehniku un koncentr\u0113\u0161anos. Katrs solis, katra kust\u012bba ir r\u016bp\u012bgi j\u0101kontrol\u0113, lai izvair\u012btos no diskvalifik\u0101cijas un sasniegtu lab\u0101ko iesp\u0113jamo rezult\u0101tu. \u0160\u012b sp\u0113ja uztur\u0113t stabilu tempu un pareizu tehniku uz gar\u0101m distanc\u0113m ir patie\u0161\u0101m iespaid\u012bga.<\/p>\n<p>Lai gan 41. vieta pasaules \u010dempion\u0101t\u0101 var \u0161\u0137ist t\u0101lu no goda pjedest\u0101la, ir j\u0101\u0146em v\u0113r\u0101 milz\u012bg\u0101 dal\u012bbnieku skaits un pasaules l\u012bme\u0146a sportistu kl\u0101tb\u016btne. Katrs atl\u0113ts, kas sp\u0113j kvalific\u0113ties un start\u0113t \u0161\u0101d\u0101 pas\u0101kum\u0101, ir peln\u012bjis atzin\u012bbu.<\/p>\n<p>Latvijas vieglatl\u0113tikas perspekt\u012bvas<\/p>\n<p>Raivo Saulgrie\u017ea piedal\u012b\u0161an\u0101s ir apliecin\u0101jums Latvijas vieglatl\u0113tikas potenci\u0101lam un augo\u0161ajai tendencei iesaist\u012bt m\u016bsu sportistus starptautisk\u0101 l\u012bmen\u012b. M\u016bsu valsts vieglatl\u0113tika, lai ar\u012b nevar sacensties ar lielvalstu finans\u0113jumu un infrastrukt\u016bru, sp\u0113j izaudzin\u0101t talant\u012bgus un sp\u0113c\u012bgus sportistus. \u0160ie sportisti, piem\u0113ram, Saulgriezis, ir \u012bsti varo\u0146i, kas ar savu darbu un cent\u012bbu iedvesmo m\u016bs visus.<\/p>\n<p>N\u0101kotn\u0113 varam sagaid\u012bt v\u0113l vair\u0101k pan\u0101kumu no Latvijas vieglatl\u0113tiem. Svar\u012bgi ir turpin\u0101t atbalst\u012bt sportistus, nodro\u0161in\u0101t vi\u0146iem nepiecie\u0161amo sagatavo\u0161an\u0101s infrastrukt\u016bru un profesion\u0101lu treneru komandu. Tikai ar kop\u012bgiem sp\u0113kiem m\u0113s varam nodro\u0161in\u0101t m\u016bsu sportam ilgtsp\u0113j\u012bgu att\u012bst\u012bbu.<\/p>\n<p>\u0160is pasaules \u010dempion\u0101ts ir kalpojis k\u0101 svar\u012bgs posms Raivo Saulgrie\u017ea sporta ce\u013c\u0101, un cerams, ka tas sniegs vi\u0146am sp\u0113ku un motiv\u0101ciju turpin\u0101t savu izaugsmi un sasniegt jaunus, v\u0113l augst\u0101kus m\u0113r\u0137us n\u0101kotn\u0113.<\/p>\n","protected":false},"excerpt":{"rendered":"Raivo Saulgrie\u017ea ce\u013c\u0161 pasaules \u010dempion\u0101t\u0101 nosl\u0113dzies ar 41. vietu Latvijas atl\u0113ts Raivo Saulgriezis ir pabeidzis savu dal\u012bbu pasaules&hellip;\n","protected":false},"author":2,"featured_media":2952,"comment_status":"","ping_status":"","sticky":false,"template":"","format":"standard","meta":{"footnotes":""},"categories":[17],"tags":[35,39,38,36,37,34,40,844,1523,395,67,357,434],"class_list":{"0":"post-2951","1":"post","2":"type-post","3":"status-publish","4":"format-standard","5":"has-post-thumbnail","7":"category-sports","8":"tag-latvia","9":"tag-latvian","10":"tag-latviesu","11":"tag-latviesu-valoda","12":"tag-latviesuvaloda","13":"tag-latvija","14":"tag-lv","15":"tag-pasaules-cempionats","16":"tag-raivo-saulgriezis","17":"tag-solosana","18":"tag-sports","19":"tag-tokija","20":"tag-vieglatletika"},"share_on_mastodon":{"url":"","error":""},"_links":{"self":[{"href":"https:\/\/www.europesays.com\/lv\/wp-json\/wp\/v2\/posts\/2951","targetHints":{"allow":["GET"]}}],"collection":[{"href":"https:\/\/www.europesays.com\/lv\/wp-json\/wp\/v2\/posts"}],"about":[{"href":"https:\/\/www.europesays.com\/lv\/wp-json\/wp\/v2\/types\/post"}],"author":[{"embeddable":true,"href":"https:\/\/www.europesays.com\/lv\/wp-json\/wp\/v2\/users\/2"}],"replies":[{"embeddable":true,"href":"https:\/\/www.europesays.com\/lv\/wp-json\/wp\/v2\/comments?post=2951"}],"version-history":[{"count":0,"href":"https:\/\/www.europesays.com\/lv\/wp-json\/wp\/v2\/posts\/2951\/revisions"}],"wp:featuredmedia":[{"embeddable":true,"href":"https:\/\/www.europesays.com\/lv\/wp-json\/wp\/v2\/media\/2952"}],"wp:attachment":[{"href":"https:\/\/www.europesays.com\/lv\/wp-json\/wp\/v2\/media?parent=2951"}],"wp:term":[{"taxonomy":"category","embeddable":true,"href":"https:\/\/www.europesays.com\/lv\/wp-json\/wp\/v2\/categories?post=2951"},{"taxonomy":"post_tag","embeddable":true,"href":"https:\/\/www.europesays.com\/lv\/wp-json\/wp\/v2\/tags?post=2951"}],"curies":[{"name":"wp","href":"https:\/\/api.w.org\/{rel}","templated":true}]}}