{"id":29510,"date":"2025-10-23T22:05:07","date_gmt":"2025-10-23T22:05:07","guid":{"rendered":"https:\/\/www.europesays.com\/lv\/29510\/"},"modified":"2025-10-23T22:05:07","modified_gmt":"2025-10-23T22:05:07","slug":"rigas-gramatu-svetki-aicina-uz-rudens-literaturas-razu-latvijas-nacionalaja-biblioteka-lente-lv","status":"publish","type":"post","link":"https:\/\/www.europesays.com\/lv\/29510\/","title":{"rendered":"R\u012bgas Gr\u0101matu sv\u0113tki aicina uz rudens literat\u016bras ra\u017eu Latvijas Nacion\u0101laj\u0101 bibliot\u0113k\u0101\u00a0\u2014\u00a0Lente.lv"},"content":{"rendered":"<p>Latvijas Nacion\u0101l\u0101 bibliot\u0113ka (LNB) un Latvijas Gr\u0101matizdev\u0113ju asoci\u0101cija \u0161oruden, 24. un 25. oktobr\u012b, aicina visus gr\u0101matu entuziastus uz gaid\u012bto Rudens R\u012bgas Gr\u0101matu sv\u0113tku pas\u0101kumu. \u0160\u012b pas\u0101kuma laik\u0101 apmekl\u0113t\u0101jiem b\u016bs iesp\u0113ja ne tikai atkl\u0101t jaun\u0101ko un aizraujo\u0161\u0101k\u0101 literat\u016bras pied\u0101v\u0101jumu, bet ar\u012b satikties ar autoriem, piedal\u012bties aizraujo\u0161\u0101s diskusij\u0101s un rado\u0161aj\u0101s darbn\u012bc\u0101s. Sv\u0113tki norisin\u0101sies pla\u0161aj\u0101s Latvijas Nacion\u0101l\u0101s bibliot\u0113kas telp\u0101s, M\u016bkusalas iel\u0101 3, pied\u0101v\u0101jot pla\u0161u programmu gan piektdien\u0101, 24. oktobr\u012b, no plkst. 10:00 l\u012bdz 20:00, gan sestdien\u0101, 25. oktobr\u012b, no plkst. 11:00 l\u012bdz 18:00.<\/p>\n<p>Ofici\u0101la atkl\u0101\u0161ana un pla\u0161s izdev\u0113ju kl\u0101sts<\/p>\n<p>Sv\u0113tku ofici\u0101l\u0101 atkl\u0101\u0161ana paredz\u0113ta 24. oktobr\u012b plkst. 11:00 LNB Draugu telp\u0101, kas atrodas bibliot\u0113kas pirmaj\u0101 st\u0101v\u0101. Pas\u0101kum\u0101 piedal\u012bsies 31 izdev\u0113js, kas pied\u0101v\u0101s kr\u0101\u0161\u0146u un daudzveid\u012bgu gr\u0101matu kl\u0101stu \u2013 no jaun\u0101kajiem rom\u0101niem un dzejas kr\u0101jumiem l\u012bdz pat v\u0113sturiskai literat\u016brai un izgl\u012btojo\u0161iem darbiem. Kl\u0101st\u0101 b\u016bs gan iem\u012b\u013cotu latvie\u0161u autoru jaun\u0101k\u0101s gr\u0101matas, gan aizraujo\u0161i tulkojumi no cit\u0101m valod\u0101m. Izdev\u0113ji pied\u0101v\u0101s savas gr\u0101matas par \u012bpa\u0161\u0101m sv\u0113tku cen\u0101m, padarot gr\u0101matu ieg\u0101di v\u0113l pievilc\u012bg\u0101ku.<\/p>\n<p>Iegrimstiet literat\u016bras pasaul\u0113: autori, diskusijas un darbn\u012bcas<\/p>\n<p>R\u012bgas Gr\u0101matu sv\u0113tki ir vair\u0101k nek\u0101 tikai gr\u0101matu tirdzi\u0146\u0161; t\u0101 ir platforma, kur satiekas autori un las\u012bt\u0101ji, veidojot dz\u012bvu un dinamisku liter\u0101ro kopienu. Apmekl\u0113t\u0101jiem b\u016bs unik\u0101la iesp\u0113ja kl\u0101tien\u0113 tikties ar saviem iem\u012b\u013cotajiem autoriem, dzird\u0113t par vi\u0146u jaun\u0101kajiem darbiem, uzdot jaut\u0101jumus un sa\u0146emt autogr\u0101fus. Programm\u0101 iek\u013cautas ar\u012b aizraujo\u0161as diskusijas par aktu\u0101l\u0101m t\u0113m\u0101m literat\u016br\u0101 un las\u012b\u0161anas kult\u016br\u0101, k\u0101 ar\u012b rado\u0161\u0101s darbn\u012bcas, kas sniegs iesp\u0113ju ne tikai b\u0113rniem, bet ar\u012b pieaugu\u0161ajiem rado\u0161i izpausties.<\/p>\n<p>\u012apa\u0161i gaid\u012bts b\u016bs pas\u0101kums \u201cRakstnieka viesistab\u0101\u201d, ko organiz\u0113 kust\u012bba \u201cLaiks las\u012bt\u201d. \u0160aj\u0101 omul\u012bgaj\u0101 gaisotn\u0113 var\u0113s baud\u012bt sarunas ar autoriem, klaus\u012bties iedvesmojo\u0161os st\u0101stus un baud\u012bt siltu dz\u0113rienu. Par \u012bpa\u0161u notikumu var k\u013c\u016bt ar\u012b diskusijas par to, k\u0101 izveidot savu gr\u0101matu klubu, dodot iesp\u0113ju las\u012bt\u0101jiem dal\u012bties iespaidos un atkl\u0101t jaunas literat\u016bras pasaules kop\u0101.<\/p>\n<p>Kult\u016bras programma un izst\u0101des<\/p>\n<p>Latvijas Nacion\u0101l\u0101 bibliot\u0113ka ir sagatavojusi bag\u0101t\u012bgu kult\u016bras programmu, kas papildin\u0101s gr\u0101matu baud\u012bjumu. Apmekl\u0113t\u0101ji var\u0113s doties ekskursij\u0101s kop\u0101 ar kuratoriem, iepaz\u012bstot divas noz\u012bm\u012bgas izst\u0101des: \u201cBirkerts. Bibliot\u0113kas. Gaisma\u201d un \u201cTies\u012bbas uz bibliot\u0113ku\u201d. \u0160\u012bs izst\u0101des sniegs dzi\u013c\u0101ku ieskatu bibliot\u0113ku v\u0113stur\u0113, to noz\u012bm\u0113 sabiedr\u012bbai un cilv\u0113ka ties\u012bb\u0101s uz inform\u0101ciju. Papildus tam, interesenti var\u0113s izm\u0113\u0123in\u0101t rekonstru\u0113to 16. gadsimta iespiedpresi, piedz\u012bvojot v\u0113sturisku atgrie\u0161anos gr\u0101matniec\u012bbas pirms\u0101kumos.<\/p>\n<p>R\u012bgas manifests \u2013 ce\u013cvedis las\u012b\u0161anas n\u0101kotnei<\/p>\n<p>K\u0101 noz\u012bm\u012bgs notikums sv\u0113tku ietvaros 24. oktobr\u012b notiks starptautisks simpozijs \u201cTies\u012bbas uz las\u012b\u0161anu. R\u012bgas manifests\u201d. \u0160is simpozijs pulc\u0113s profesion\u0101\u013cus no visas pasaules, lai diskut\u0113tu par las\u012b\u0161anas noz\u012bmi m\u016bsdienu sabiedr\u012bb\u0101 un izstr\u0101d\u0101tu \u201cR\u012bgas manifestu\u201d \u2013 dokumentu, kas kalpos par pamatu nacion\u0101l\u0101s las\u012b\u0161anas strat\u0113\u0123ijas izveidei Latvij\u0101. Latvijas Nacion\u0101l\u0101 bibliot\u0113ka ir uz\u0146\u0113musies \u0161\u012bs svar\u012bg\u0101s iniciat\u012bvas virz\u012bbu, aicinot ikvienu iedz\u012bvot\u0101ju pievienoties \u0161\u012b v\u0113sturisk\u0101 dokumenta parakst\u012b\u0161anai un t\u0101 \u012bsteno\u0161anai.<\/p>\n<p>\u012apa\u0161i pied\u0101v\u0101jumi jaun\u0101kajiem las\u012bt\u0101jiem<\/p>\n<p>Mazie gr\u0101matu m\u012b\u013cot\u0101ji neb\u016bs aizmirsu\u0161i! R\u012bgas Gr\u0101matu sv\u0113tkos vi\u0146iem b\u016bs sar\u016bp\u0113tas rado\u0161as darbn\u012bcas, aizraujo\u0161as tik\u0161an\u0101s ar iem\u012b\u013cotiem b\u0113rnu autoru, kr\u0101\u0161\u0146s le\u013c\u013cu te\u0101tris un dz\u012bvais gr\u0101matu klubs \u201cPiena zobs\u201d. \u0160ie pas\u0101kumi rad\u012bs prieku un interesi par las\u012b\u0161anu jau no maz\u0101m dien\u0101m, veicinot b\u0113rnu izt\u0113li un zin\u0101tk\u0101ri.<\/p>\n<p>Kust\u012bba \u201cLaiks las\u012bt\u201d un gr\u0101matu mai\u0146as punkts<\/p>\n<p>Kust\u012bba \u201cLaiks las\u012bt\u201d sestdien, 25. oktobr\u012b, aicin\u0101s uz sirsn\u012bg\u0101m sarun\u0101m un t\u0113jas baud\u012b\u0161anu \u201cLas\u012b\u0161anas viesistab\u0101\u201d. Turpinoties las\u012b\u0161anas populariz\u0113\u0161anai, notiks ar\u012b las\u012b\u0161anas zibakcija plkst. 12:59, kas aicin\u0101s ikvienu uz br\u012bdi apst\u0101ties un velt\u012bt uzman\u012bbu gr\u0101mat\u0101m. Lai veicin\u0101tu gr\u0101matu apriti un iepaz\u012btu jaunus st\u0101stus, darbosies ar\u012b gr\u0101matu mai\u0146as punkts. Tur las\u012bt\u0101ji var\u0113s apmain\u012bt savas jau izlas\u012bt\u0101s, m\u012bl\u0113t\u0101s gr\u0101matas pret cit\u0101m, tikpat v\u0113rt\u012bg\u0101m las\u0101mviel\u0101m, atkl\u0101jot jaunas literat\u016bras pasaules.<\/p>\n<p>Papildus inform\u0101cija un organizatori<\/p>\n<p>Pas\u0101kumu organiz\u0113 Latvijas Gr\u0101matizdev\u0113ju asoci\u0101cija sadarb\u012bb\u0101 ar Latvijas Nacion\u0101lo bibliot\u0113ku un kust\u012bbu \u201cLaiks las\u012bt\u201d, ar atbalstu no R\u012bgas valstspils\u0113tas pa\u0161vald\u012bbas. Ieeja sv\u0113tkos ir bez maksas. Visu pas\u0101kuma norisi tiks fotograf\u0113ts un film\u0113ts, t\u0101p\u0113c l\u016bdzam \u0146emt v\u0113r\u0101, ka j\u016bsu att\u0113ls var tikt izmantots publicit\u0101tes nol\u016bkos.<\/p>\n<p>Sv\u0113tku programma b\u016bs pieejama jau dr\u012bzum\u0101, ta\u010du jau tagad aicin\u0101m pievienot pas\u0101kumu savam kalend\u0101ram, atbr\u012bvot vietu gr\u0101matu plauktos un aicin\u0101t uz sv\u0113tkiem ar\u012b draugus! \u0160\u012b b\u016bs lieliska iesp\u0113ja baud\u012bt rudens ra\u017eu liter\u0101r\u0101 gar\u0101.<\/p>\n","protected":false},"excerpt":{"rendered":"Latvijas Nacion\u0101l\u0101 bibliot\u0113ka (LNB) un Latvijas Gr\u0101matizdev\u0113ju asoci\u0101cija \u0161oruden, 24. un 25. oktobr\u012b, aicina visus gr\u0101matu entuziastus uz&hellip;\n","protected":false},"author":2,"featured_media":29511,"comment_status":"","ping_status":"","sticky":false,"template":"","format":"standard","meta":{"footnotes":""},"categories":[12],"tags":[23,9034,28,29,32,33,4575,22,9035,64,9038,30,31,35,39,38,36,37,34,7251,5922,40,20,9036,26,27,9033,9037,24,25,21],"class_list":{"0":"post-29510","1":"post","2":"type-post","3":"status-publish","4":"format-standard","5":"has-post-thumbnail","7":"category-latvija","8":"tag-aktualitates","9":"tag-autori","10":"tag-breaking-news","11":"tag-breakingnews","12":"tag-featured-news","13":"tag-featurednews","14":"tag-gramatas","15":"tag-headlines","16":"tag-izdeveji","17":"tag-kultura","18":"tag-lasisana","19":"tag-latest-news","20":"tag-latestnews","21":"tag-latvia","22":"tag-latvian","23":"tag-latviesu","24":"tag-latviesu-valoda","25":"tag-latviesuvaloda","26":"tag-latvija","27":"tag-latvijas-nacionala-biblioteka","28":"tag-literatura","29":"tag-lv","30":"tag-news","31":"tag-pasakumi-riga","32":"tag-popularakas-zinas","33":"tag-popularakaszinas","34":"tag-rigas-gramatu-svetki","35":"tag-rudens-raza","36":"tag-top-stories","37":"tag-topstories","38":"tag-zinas"},"share_on_mastodon":{"url":"","error":"Validation failed: Text character limit of 500 exceeded"},"_links":{"self":[{"href":"https:\/\/www.europesays.com\/lv\/wp-json\/wp\/v2\/posts\/29510","targetHints":{"allow":["GET"]}}],"collection":[{"href":"https:\/\/www.europesays.com\/lv\/wp-json\/wp\/v2\/posts"}],"about":[{"href":"https:\/\/www.europesays.com\/lv\/wp-json\/wp\/v2\/types\/post"}],"author":[{"embeddable":true,"href":"https:\/\/www.europesays.com\/lv\/wp-json\/wp\/v2\/users\/2"}],"replies":[{"embeddable":true,"href":"https:\/\/www.europesays.com\/lv\/wp-json\/wp\/v2\/comments?post=29510"}],"version-history":[{"count":0,"href":"https:\/\/www.europesays.com\/lv\/wp-json\/wp\/v2\/posts\/29510\/revisions"}],"wp:featuredmedia":[{"embeddable":true,"href":"https:\/\/www.europesays.com\/lv\/wp-json\/wp\/v2\/media\/29511"}],"wp:attachment":[{"href":"https:\/\/www.europesays.com\/lv\/wp-json\/wp\/v2\/media?parent=29510"}],"wp:term":[{"taxonomy":"category","embeddable":true,"href":"https:\/\/www.europesays.com\/lv\/wp-json\/wp\/v2\/categories?post=29510"},{"taxonomy":"post_tag","embeddable":true,"href":"https:\/\/www.europesays.com\/lv\/wp-json\/wp\/v2\/tags?post=29510"}],"curies":[{"name":"wp","href":"https:\/\/api.w.org\/{rel}","templated":true}]}}