{"id":29512,"date":"2025-10-23T22:07:20","date_gmt":"2025-10-23T22:07:20","guid":{"rendered":"https:\/\/www.europesays.com\/lv\/29512\/"},"modified":"2025-10-23T22:07:20","modified_gmt":"2025-10-23T22:07:20","slug":"kinopilseta-cinevilla-partaps-magiska-sapnu-valstiba-2","status":"publish","type":"post","link":"https:\/\/www.europesays.com\/lv\/29512\/","title":{"rendered":"Kinopils\u0113ta \u201cCinevilla\u201d p\u0101rtaps ma\u0123isk\u0101 sap\u0146u valst\u012bb\u0101"},"content":{"rendered":"<p>\u0160\u012b gada festiv\u0101la t\u0113ma ir iedvesmota no gr\u0101matas \u201cAlise Br\u012bnumzem\u0113\u201d, kur viss neiesp\u0113jamais k\u013c\u016bst par \u012bsten\u012bbu un katrs pils\u0113tas st\u016br\u012btis glab\u0101 nosl\u0113ptu p\u0101rsteigumu. T\u0101 b\u016bs vieta, kur laiks apst\u0101jas un kur atdzimst sap\u0146i, kas ikdienas steig\u0101 ir aizmirsti. \u201cCinevilla\u201d p\u0101rtaps par pils\u0113tu, kur\u0101 \u012bsten\u012bba un izt\u0113le sapl\u016bd\u012bs vien\u0101 elp\u0101. \u201c\u0160ogad \u201cDanger Fest\u201d vairs nav tikai sv\u0113tki \u2013 t\u0101 ir \u012bsta pieredze, kas \u013cauj cilv\u0113kiem piedz\u012bvot br\u012bnumus un atcer\u0113ties, ka sap\u0146i nekad nav pazudu\u0161i. Tie vienk\u0101r\u0161i gaida, lai tos atdz\u012bvina,\u201d st\u0101sta pas\u0101kuma organizatore Anete Vancevi\u010da.<\/p>\n","protected":false},"excerpt":{"rendered":"\u0160\u012b gada festiv\u0101la t\u0113ma ir iedvesmota no gr\u0101matas \u201cAlise Br\u012bnumzem\u0113\u201d, kur viss neiesp\u0113jamais k\u013c\u016bst par \u012bsten\u012bbu un katrs&hellip;\n","protected":false},"author":2,"featured_media":29084,"comment_status":"","ping_status":"","sticky":false,"template":"","format":"standard","meta":{"footnotes":""},"categories":[19],"tags":[89,90,35,39,38,36,37,34,40],"class_list":{"0":"post-29512","1":"post","2":"type-post","3":"status-publish","4":"format-standard","5":"has-post-thumbnail","7":"category-izklaide","8":"tag-entertainment","9":"tag-izklaide","10":"tag-latvia","11":"tag-latvian","12":"tag-latviesu","13":"tag-latviesu-valoda","14":"tag-latviesuvaloda","15":"tag-latvija","16":"tag-lv"},"share_on_mastodon":{"url":"https:\/\/pubeurope.com\/@lv\/115425761160692263","error":""},"_links":{"self":[{"href":"https:\/\/www.europesays.com\/lv\/wp-json\/wp\/v2\/posts\/29512","targetHints":{"allow":["GET"]}}],"collection":[{"href":"https:\/\/www.europesays.com\/lv\/wp-json\/wp\/v2\/posts"}],"about":[{"href":"https:\/\/www.europesays.com\/lv\/wp-json\/wp\/v2\/types\/post"}],"author":[{"embeddable":true,"href":"https:\/\/www.europesays.com\/lv\/wp-json\/wp\/v2\/users\/2"}],"replies":[{"embeddable":true,"href":"https:\/\/www.europesays.com\/lv\/wp-json\/wp\/v2\/comments?post=29512"}],"version-history":[{"count":0,"href":"https:\/\/www.europesays.com\/lv\/wp-json\/wp\/v2\/posts\/29512\/revisions"}],"wp:featuredmedia":[{"embeddable":true,"href":"https:\/\/www.europesays.com\/lv\/wp-json\/wp\/v2\/media\/29084"}],"wp:attachment":[{"href":"https:\/\/www.europesays.com\/lv\/wp-json\/wp\/v2\/media?parent=29512"}],"wp:term":[{"taxonomy":"category","embeddable":true,"href":"https:\/\/www.europesays.com\/lv\/wp-json\/wp\/v2\/categories?post=29512"},{"taxonomy":"post_tag","embeddable":true,"href":"https:\/\/www.europesays.com\/lv\/wp-json\/wp\/v2\/tags?post=29512"}],"curies":[{"name":"wp","href":"https:\/\/api.w.org\/{rel}","templated":true}]}}