{"id":29515,"date":"2025-10-23T22:13:07","date_gmt":"2025-10-23T22:13:07","guid":{"rendered":"https:\/\/www.europesays.com\/lv\/29515\/"},"modified":"2025-10-23T22:13:07","modified_gmt":"2025-10-23T22:13:07","slug":"vina-man-riktigi-iekakaja-dvesele-lente-lv","status":"publish","type":"post","link":"https:\/\/www.europesays.com\/lv\/29515\/","title":{"rendered":"\u201cVi\u0146a man rikt\u012bgi iekak\u0101ja dv\u0113sel\u0113\u201d\u00a0\u2014\u00a0Lente.lv"},"content":{"rendered":"<p>\u0112riks Ozollapa dal\u0101s s\u0101p\u012bgaj\u0101s izj\u016bt\u0101s p\u0113c \u0161\u0137ir\u0161an\u0101s no Leldes Dreimanes<\/p>\n<p>Pav\u0101rs un uz\u0146\u0113m\u0113js \u0112riks Ozollapa, kur\u0161 savulaik bija kop\u0101 ar aktrisi Leldi Dreimani un pat gatavoj\u0101s vi\u0146u bildin\u0101t, nesen atkl\u0101jis savas dzi\u013c\u0101s s\u0101pes un vil\u0161anos p\u0113c abu attiec\u012bbu izjuk\u0161anas. Ozollapa intervij\u0101 izdevumam \u201cKas Jauns\u201d atz\u012bst, ka p\u0113c \u0161\u0137ir\u0161an\u0101s vi\u0146\u0161 cen\u0161as izvair\u012bties no jebk\u0101da veida kontakta ar biju\u0161o m\u012blest\u012bbu, pat ja tas noz\u012bm\u0113tu apmekl\u0113t k\u0101du pas\u0101kumu, kur\u0101 piedal\u0101s ar\u012b vi\u0146a draugi. \u0160\u012b distanc\u0113\u0161an\u0101s ir tik dzi\u013ca, ka Ozollapa pat neapmekl\u0113 izr\u0101des, kur\u0101s sp\u0113l\u0113 aktrise. Vi\u0146a skarb\u0101 atz\u012b\u0161an\u0101s izskan\u0113jusi: \u201cVi\u0146a man rikt\u012bgi iekak\u0101ja dv\u0113sel\u0113.\u201d<\/p>\n<p>Attiec\u012bbu l\u012bklo\u010di un s\u0101p\u012bg\u0101 atvad\u012b\u0161an\u0101s<\/p>\n<p>\u0112rika un Leldes attiec\u012bbu v\u0113sture ir bijusi k\u0101 amerik\u0101\u0146u kalni\u0146i, pilna gan ar spo\u017eiem mirk\u013ciem, gan s\u0101p\u012bgiem kritumiem. Lai gan p\u0101ris kop\u0101 bija \u010detrus gadus un pat vair\u0101kk\u0101rt apsv\u0113ra laul\u012bbu, katra cer\u012bba uz laim\u012bgu kopdz\u012bvi izr\u0101d\u012bj\u0101s \u012bslaic\u012bga. P\u0113d\u0113j\u0101 publiski zin\u0101m\u0101 \u0161\u0137ir\u0161an\u0101s notika 2024. gada ruden\u012b, ko Ozollapa gan s\u0101kotn\u0113ji raksturoja k\u0101 notiku\u0161u \u201cuz draudz\u012bgas nots\u201d. V\u0113l\u0101k gan atkl\u0101jies, ka Ozollapa p\u0113c attiec\u012bbu beig\u0101m pat pametis Latviju un devies uz Amerikas Savienotaj\u0101m Valst\u012bm, lai uzs\u0101ktu jaunu dz\u012bves posmu. Vi\u0146\u0161 atzina, ka Leldes kl\u0101tb\u016btne agr\u0101k vi\u0146u saist\u012bja ar Latviju, ta\u010du p\u0113c \u0161\u0137ir\u0161an\u0101s vi\u0146u tur vairs nekas netur\u0113ja. Ozollapa ar\u012b nol\u0113ma sl\u0113gt savu restor\u0101nu \u201cMunch BBQ\u201d, nevis finansi\u0101lu probl\u0113mu d\u0113\u013c, bet gan lai piepild\u012btu savus sap\u0146us par dz\u012bvi Amerik\u0101.<\/p>\n<p>Ozollapas skat\u012bjums uz Dreimanes jaunajiem izaicin\u0101jumiem<\/p>\n<p>Neskatoties uz s\u0101p\u012bgo \u0161\u0137ir\u0161anos, \u0112riks Ozollapa ir koment\u0113jis Leldes Dreimanes jaun\u0101kos so\u013cus karjer\u0101 un person\u012bgaj\u0101 dz\u012bv\u0113. Vi\u0146\u0161 paudis no\u017e\u0113lu par aktrises l\u0113mumu piedal\u012bties iepaz\u012b\u0161an\u0101s \u0161ov\u0101 \u201cRandi\u0146\u0161 ar div\u0101m\u201d, sakot: \u201c\u013boti \u017e\u0113l, ja tas vi\u0146ai \u0161\u0137iet vien\u012bgais veids, k\u0101 atrast d\u017eeku.\u201d. Lai gan vi\u0146\u0161 nov\u0113l Leldes veiksmi, Ozollapas izteikumi atkl\u0101j r\u016bgtumu un vil\u0161anos par biju\u0161\u0101s draudzenes r\u012bc\u012bbu. Vi\u0146\u0161 ar\u012b izteicis skepsi par vi\u0146as neseno l\u0113mumu iesaist\u012bties politik\u0101, nor\u0101dot, ka, vi\u0146upr\u0101t, Leldei nevajadz\u0113tu darboties politik\u0101. \u0160ie koment\u0101ri liecina par Ozollapas sare\u017e\u0123\u012bto emocion\u0101lo st\u0101vokli un at\u0161\u0137ir\u012bgo skat\u012bjumu uz Leldes dz\u012bves izv\u0113l\u0113m p\u0113c abu ce\u013cu \u0161\u0137ir\u0161an\u0101s.<\/p>\n<p>Izjukusi m\u012blest\u012bba un jauni s\u0101kumi<\/p>\n<p>Dailes te\u0101tra aktrises Leldes Dreimanes un restor\u0101na \u201cMunch BBQ\u201d saimnieka \u0112rika Ozollapas gandr\u012bz \u010detrus gadus ilg\u0101s attiec\u012bbas nosl\u0113dz\u0101s. Lai gan s\u0101kotn\u0113ji Lelde par attiec\u012bbu statusu izteic\u0101s izvair\u012bgi, d\u0113v\u0113jot to par \u201crado\u0161o pauzi\u201d, nevis \u0161\u0137ir\u0161anos, Ozollapa ir bijis tie\u0161\u0101ks, atkl\u0101jot, ka attiec\u012bbas izjuku\u0161as uz nedraudz\u012bgas nots. Ozollapa nor\u0101da, ka, lai gan vi\u0146i bija \u013coti l\u012bdz\u012bgi cilv\u0113ki ar vien\u0101d\u0101m gaum\u0113m un interes\u0113m, sadz\u012bvo\u0161ana bijusi neiesp\u0113jama. Galu gal\u0101 tika pie\u0146emts l\u0113mums p\u0101rtraukt dar\u012bt p\u0101ri viens otram, un, ja k\u0101du \u013coti m\u012bli, ir j\u0101\u013cauj tam aiziet, lai ar\u012b cik s\u0101p\u012bgi tas neb\u016btu. Ozollapa ar\u012b atzinis, ka p\u0113c \u0161\u0137ir\u0161an\u0101s vi\u0146\u0161 j\u016btas laim\u012bgs un atguvis dz\u012bvesprieku, un nev\u0113las to \u201csa\u010dakar\u0113t\u201d ar sievieti blak\u0101m.<\/p>\n","protected":false},"excerpt":{"rendered":"\u0112riks Ozollapa dal\u0101s s\u0101p\u012bgaj\u0101s izj\u016bt\u0101s p\u0113c \u0161\u0137ir\u0161an\u0101s no Leldes Dreimanes Pav\u0101rs un uz\u0146\u0113m\u0113js \u0112riks Ozollapa, kur\u0161 savulaik bija&hellip;\n","protected":false},"author":2,"featured_media":29516,"comment_status":"","ping_status":"","sticky":false,"template":"","format":"standard","meta":{"footnotes":""},"categories":[19],"tags":[262,89,8454,90,35,39,38,36,37,34,3714,40,3434,6407],"class_list":{"0":"post-29515","1":"post","2":"type-post","3":"status-publish","4":"format-standard","5":"has-post-thumbnail","7":"category-izklaide","8":"tag-attiecibas","9":"tag-entertainment","10":"tag-eriks-ozollapa","11":"tag-izklaide","12":"tag-latvia","13":"tag-latvian","14":"tag-latviesu","15":"tag-latviesu-valoda","16":"tag-latviesuvaloda","17":"tag-latvija","18":"tag-lelde-dreimane","19":"tag-lv","20":"tag-skirsanas","21":"tag-slavenibu-paris"},"share_on_mastodon":{"url":"https:\/\/pubeurope.com\/@lv\/115425784822374765","error":""},"_links":{"self":[{"href":"https:\/\/www.europesays.com\/lv\/wp-json\/wp\/v2\/posts\/29515","targetHints":{"allow":["GET"]}}],"collection":[{"href":"https:\/\/www.europesays.com\/lv\/wp-json\/wp\/v2\/posts"}],"about":[{"href":"https:\/\/www.europesays.com\/lv\/wp-json\/wp\/v2\/types\/post"}],"author":[{"embeddable":true,"href":"https:\/\/www.europesays.com\/lv\/wp-json\/wp\/v2\/users\/2"}],"replies":[{"embeddable":true,"href":"https:\/\/www.europesays.com\/lv\/wp-json\/wp\/v2\/comments?post=29515"}],"version-history":[{"count":0,"href":"https:\/\/www.europesays.com\/lv\/wp-json\/wp\/v2\/posts\/29515\/revisions"}],"wp:featuredmedia":[{"embeddable":true,"href":"https:\/\/www.europesays.com\/lv\/wp-json\/wp\/v2\/media\/29516"}],"wp:attachment":[{"href":"https:\/\/www.europesays.com\/lv\/wp-json\/wp\/v2\/media?parent=29515"}],"wp:term":[{"taxonomy":"category","embeddable":true,"href":"https:\/\/www.europesays.com\/lv\/wp-json\/wp\/v2\/categories?post=29515"},{"taxonomy":"post_tag","embeddable":true,"href":"https:\/\/www.europesays.com\/lv\/wp-json\/wp\/v2\/tags?post=29515"}],"curies":[{"name":"wp","href":"https:\/\/api.w.org\/{rel}","templated":true}]}}