{"id":29517,"date":"2025-10-23T22:19:20","date_gmt":"2025-10-23T22:19:20","guid":{"rendered":"https:\/\/www.europesays.com\/lv\/29517\/"},"modified":"2025-10-23T22:19:20","modified_gmt":"2025-10-23T22:19:20","slug":"skaistums-nav-mati-mis-nevada-merija-siklere-uz-mis-asv-skatuves-kapj-bez-parukas","status":"publish","type":"post","link":"https:\/\/www.europesays.com\/lv\/29517\/","title":{"rendered":"Skaistums nav mati! &#8220;Mis Nevada&#8221; M\u0113rija Siklere uz &#8220;Mis ASV&#8221; skatuves k\u0101pj bez par\u016bkas"},"content":{"rendered":"<p>Tre\u0161dienas, 22. oktobra, vakar\u0101 Reno, Nevadas \u0161tat\u0101, notika \u0161\u012b gada &#8220;Mis <a rel=\"noopener nofollow\" target=\"_blank\" href=\"https:\/\/www.delfi.lv\/temas\/42596146\/asv\" tag-id=\"42596146\">ASV<\/a>&#8221; konkursa viena no atlases k\u0101rt\u0101m. K\u0101das dal\u012bbnieces drosme k\u013cuva par pagrieziena punktu vis\u0101 konkursa v\u0113stur\u0113. <\/p>\n<p>Alop\u0113cija vi\u0146ai at\u0146\u0113ma ne tikai matus, bet ar\u012b pa\u0161apzi\u0146u. Modelei, kas gadiem bija dz\u012bvojusi pasaul\u0113, kur \u0101r\u0113jais t\u0113ls noz\u012bm\u0113 visu, tas bija trieciens. Vi\u0146a atteic\u0101s no darba, soci\u0101lajiem medijiem un notieko\u0161o sl\u0113pa pat no \u0123imenes. &#8220;Dom\u0101ju \u2013 k\u0101 modele var b\u016bt bez matiem? K\u0101 k\u0101ds var vi\u0146u uzskat\u012bt par skaistu?&#8221; atceras M\u0113rija. <\/p>\n<p>Laikam ejot, vi\u0146a saprata, ka vairs nev\u0113las dz\u012bvot bail\u0113s. Neskatoties uz \u0101rsta br\u012bdin\u0101jumiem nogaid\u012bt, M\u0113rija atgriez\u0101s konkursu pasaul\u0113 \u2013 s\u0101kum\u0101 piedal\u012bj\u0101s &#8220;Mis Teksasas&#8221; konkurs\u0101, kur ieguva otro vietu, bet dr\u012bz p\u0113c tam pieteic\u0101s &#8220;Mis Nevada&#8221;. &#8220;Es v\u0113l nebiju gatava run\u0101t par savu alop\u0113ciju, jo zin\u0101ju, ka s\u0101ktu raud\u0101t,&#8221; vi\u0146a st\u0101sta. &#8220;Bet es grib\u0113ju par\u0101d\u012bt, ka esmu stipra.&#8221; <\/p>\n<p class=\"m-0\">Seko &#8220;Delfi&#8221; ar\u012b  <a target=\"_blank\" href=\"https:\/\/www.instagram.com\/delfi.lv\/\" rel=\"nofollow noopener\">Instagram<\/a>  un <a target=\"_blank\" href=\"https:\/\/www.youtube.com\/channel\/UCw5foWtcJvAbUm64rv7jwUQ\" rel=\"nofollow noopener\">YouTube<\/a>  profil\u0101 \u2013 pievienojies, lai uzzin\u0101tu svar\u012bg\u0101ko un interesant\u0101ko pirmais!<\/p>\n<p>Publik\u0101cijas saturs vai t\u0101s jebk\u0101da apjoma da\u013ca ir aizsarg\u0101ts autorties\u012bbu objekts Autorties\u012bbu likuma izpratn\u0113, un t\u0101 izmanto\u0161ana bez izdev\u0113ja at\u013caujas ir aizliegta. Vair\u0101k lasi  <a target=\"_blank\" href=\"https:\/\/www.delfi.lv\/noteikumi#autortiesibas\" rel=\"nofollow noopener\">\u0161eit<\/a><script async src=\"\/\/www.instagram.com\/embed.js\"><\/script><\/p>\n","protected":false},"excerpt":{"rendered":"Tre\u0161dienas, 22. oktobra, vakar\u0101 Reno, Nevadas \u0161tat\u0101, notika \u0161\u012b gada &#8220;Mis ASV&#8221; konkursa viena no atlases k\u0101rt\u0101m. K\u0101das&hellip;\n","protected":false},"author":2,"featured_media":29518,"comment_status":"","ping_status":"","sticky":false,"template":"","format":"standard","meta":{"footnotes":""},"categories":[19],"tags":[292,89,90,35,39,38,36,37,34,40,9039,182,2434],"class_list":{"0":"post-29517","1":"post","2":"type-post","3":"status-publish","4":"format-standard","5":"has-post-thumbnail","7":"category-izklaide","8":"tag-asv","9":"tag-entertainment","10":"tag-izklaide","11":"tag-latvia","12":"tag-latvian","13":"tag-latviesu","14":"tag-latviesu-valoda","15":"tag-latviesuvaloda","16":"tag-latvija","17":"tag-lv","18":"tag-mati","19":"tag-modele","20":"tag-skaistums"},"share_on_mastodon":{"url":"https:\/\/pubeurope.com\/@lv\/115425808350374821","error":""},"_links":{"self":[{"href":"https:\/\/www.europesays.com\/lv\/wp-json\/wp\/v2\/posts\/29517","targetHints":{"allow":["GET"]}}],"collection":[{"href":"https:\/\/www.europesays.com\/lv\/wp-json\/wp\/v2\/posts"}],"about":[{"href":"https:\/\/www.europesays.com\/lv\/wp-json\/wp\/v2\/types\/post"}],"author":[{"embeddable":true,"href":"https:\/\/www.europesays.com\/lv\/wp-json\/wp\/v2\/users\/2"}],"replies":[{"embeddable":true,"href":"https:\/\/www.europesays.com\/lv\/wp-json\/wp\/v2\/comments?post=29517"}],"version-history":[{"count":0,"href":"https:\/\/www.europesays.com\/lv\/wp-json\/wp\/v2\/posts\/29517\/revisions"}],"wp:featuredmedia":[{"embeddable":true,"href":"https:\/\/www.europesays.com\/lv\/wp-json\/wp\/v2\/media\/29518"}],"wp:attachment":[{"href":"https:\/\/www.europesays.com\/lv\/wp-json\/wp\/v2\/media?parent=29517"}],"wp:term":[{"taxonomy":"category","embeddable":true,"href":"https:\/\/www.europesays.com\/lv\/wp-json\/wp\/v2\/categories?post=29517"},{"taxonomy":"post_tag","embeddable":true,"href":"https:\/\/www.europesays.com\/lv\/wp-json\/wp\/v2\/tags?post=29517"}],"curies":[{"name":"wp","href":"https:\/\/api.w.org\/{rel}","templated":true}]}}