{"id":29531,"date":"2025-10-23T22:49:08","date_gmt":"2025-10-23T22:49:08","guid":{"rendered":"https:\/\/www.europesays.com\/lv\/29531\/"},"modified":"2025-10-23T22:49:08","modified_gmt":"2025-10-23T22:49:08","slug":"diona-noliedz-skirsanos-no-ivara-krasta-tas-ir-parpratums-lente-lv","status":"publish","type":"post","link":"https:\/\/www.europesays.com\/lv\/29531\/","title":{"rendered":"Diona noliedz \u0161\u0137ir\u0161anos no Ivara Krasta: &#8220;Tas ir p\u0101rpratums!&#8221;\u00a0\u2014\u00a0Lente.lv"},"content":{"rendered":"<p>Diona noliedz \u0161\u0137ir\u0161anos no Ivara Krasta: &#8220;Tas ir p\u0101rpratums!&#8221;<\/p>\n<p>Nesenie mediju virpu\u013ci un baumas par dzied\u0101t\u0101jas Dionas Liepi\u0146as un aktiera Ivara Krasta attiec\u012bbu izir\u0161anu ir izr\u0101d\u012bju\u0161\u0101s vien pla\u0161s p\u0101rpratums. Diona pati ir skaidri un gai\u0161i paudusi, ka ar Ivaru joproj\u0101m ir kop\u0101, noliedzot jebk\u0101das \u0161\u0137ir\u0161an\u0101s runas. Tas n\u0101cis k\u0101 atspirdzin\u0101jums p\u0113c nesen izskan\u0113ju\u0161\u0101s inform\u0101cijas, kas liecin\u0101ja par p\u0101ra attiec\u012bbu kr\u012bzi un iesp\u0113jamu atvad\u012b\u0161anos. \u0160ie notikumi sakr\u012bt ar Dionas jaun\u0101 albuma &#8220;M\u0101ko\u0146os&#8221; izn\u0101k\u0161anu, kur\u0101 da\u013ca dziesmu po\u0113tisk\u0101 veid\u0101 pau\u017e \u0161\u0137ir\u0161an\u0101s saj\u016btas un ilgas p\u0113c m\u012b\u013cot\u0101.<\/p>\n<p>Albuma &#8220;M\u0101ko\u0146os&#8221; atspulgs un realit\u0101te<\/p>\n<p>Dionas otrais studijas albums &#8220;M\u0101ko\u0146os&#8221;, kas izdots 2025. gada 10. oktobr\u012b, ir vi\u0146as l\u012bdz \u0161im emocion\u0101li atkl\u0101t\u0101kais darbs. Album\u0101 dzied\u0101t\u0101ja dzi\u013ci iedzi\u013cin\u0101s sav\u0101 zemapzi\u0146\u0101, mekl\u0113jot atbildes uz eksistenci\u0101liem jaut\u0101jumiem par savu vietu pasaul\u0113. &#8220;M\u0101ko\u0146os&#8221; ir k\u0101 dz\u012bves spogulis, kur\u0101 Diona atspogu\u013co gan s\u0101pes un dziedin\u0101\u0161anu, gan sabrukumu un atg\u016b\u0161anos. Da\u017eas dziesmas patiesi pau\u017e ilgas p\u0113c m\u012blest\u012bbas un atspogu\u013co \u0161\u0137ir\u0161an\u0101s saj\u016btas, radot iespaidu, ka tas ir balst\u012bts uz person\u012bgiem p\u0101rdz\u012bvojumiem. Tom\u0113r, k\u0101 izr\u0101d\u0101s, \u0161\u012bs emocion\u0101l\u0101s dzi\u013cumos mekl\u0113t\u0101s t\u0113mas ir m\u0101kslinieciskas izpausmes, nevis tie\u0161s atspogu\u013cojums attiec\u012bbu statusam.<\/p>\n<p>Diona sarun\u0101 ar \u017eurn\u0101lu &#8220;Priv\u0101t\u0101 Dz\u012bve&#8221; uzsv\u0113rusi, ka viss ir k\u0101rt\u012bb\u0101 ar attiec\u012bb\u0101m ar Ivaru Krastu. \u0160ie izteikumi ir \u012bpa\u0161i svar\u012bgi, jo tie non\u0101k pretrun\u0101 ar iepriek\u0161\u0113jo inform\u0101ciju, kas v\u0113st\u012bja par p\u0101ra attiec\u012bbu kr\u012bzi un iesp\u0113jamu \u0161\u0137ir\u0161anos. Lai gan albums paver durvis uz dzi\u013c\u0101m personisk\u0101m p\u0101rdom\u0101m un da\u017ek\u0101rt pat \u0161\u0137ir\u0161an\u0101s saj\u016bt\u0101m, tas nek\u0101d\u0101 zi\u0146\u0101 nenoz\u012bm\u0113, ka p\u0101ris ir iz\u0161\u0137\u012bries.<\/p>\n<p>Attiec\u012bbu l\u012bklo\u010di un mediju uzman\u012bba<\/p>\n<p>Dionas un Ivara Krasta attiec\u012bbas vienm\u0113r biju\u0161as mediju uzman\u012bbas centr\u0101, \u012bpa\u0161i d\u0113\u013c iev\u0113rojam\u0101s vecuma starp\u012bbas \u2013 Ivars ir par 22 gadiem vec\u0101ks par Dionu. Vi\u0146u m\u012blas st\u0101sts aizs\u0101k\u0101s pirms aptuveni diviem gadiem, un k\u0101 p\u0101ris vi\u0146i publiski pirmoreiz par\u0101d\u012bj\u0101s 2023. gada \u201cZelta Mikrofona\u201d ball\u012bt\u0113. Diona toreiz pat pauda cer\u012bbu uz laul\u012bb\u0101m, ta\u010du l\u012bdz k\u0101z\u0101m netika. Attiec\u012bbas piedz\u012bvoju\u0161as da\u017e\u0101dus posmus, tostarp ar\u012b runas par dz\u012bvo\u0161anu &#8220;katram sav\u0101 telp\u0101&#8221; un person\u012bg\u0101s izaugsmes koncentr\u0113\u0161anos.<\/p>\n<p>Jau 2025. gada s\u0101kum\u0101 par\u0101d\u012bj\u0101s pirm\u0101s baumas par p\u0101ra \u0161\u0137ir\u0161anos, ko apstiprin\u0101ja ar\u012b iepriek\u0161\u0113j\u0101 inform\u0101cija par dz\u012bvo\u0161anu &#8220;katram sav\u0101 telp\u0101&#8221;. Pat izskan\u0113ja zi\u0146as, ka p\u0101ris ir pie\u0146\u0113mis l\u0113mumu doties katrs savu ce\u013cu. Lai gan Dionas jaunais albums &#8220;M\u0101ko\u0146os&#8221; da\u013c\u0113ji pau\u017e \u0161\u0137ir\u0161an\u0101s saj\u016btas, vi\u0146a tagad stingri noliedz, ka vi\u0146u attiec\u012bbas b\u016btu nosl\u0113gu\u0161\u0101s. Tas liecina par Dionas sp\u0113ju m\u0101kslinieciski izpaust da\u017e\u0101das emocijas un situ\u0101cijas, ne vienm\u0113r t\u0101s tie\u0161i atspogu\u013cojot re\u0101laj\u0101 dz\u012bv\u0113.<\/p>\n<p>Dionas rado\u0161ais ce\u013c\u0161 un n\u0101kotnes perspekt\u012bvas<\/p>\n<p>Diona Liepi\u0146a akt\u012bvi turpina savu muzik\u0101lo karjeru, un albums &#8220;M\u0101ko\u0146os&#8221; ir noz\u012bm\u012bgs solis vi\u0146as rado\u0161aj\u0101 att\u012bst\u012bb\u0101. Album\u0101 atkl\u0101jas vi\u0146as muzik\u0101lais briedums, iek\u0161\u0113j\u0101 br\u012bv\u012bba un v\u0113lme run\u0101t par svar\u012bg\u0101m t\u0113m\u0101m. Dzied\u0101t\u0101ja ir apvienojusi gan jau dzird\u0113tas dziesmas, gan jaunas kompoz\u012bcijas, radot darbu, kas ir gan personisks, gan univers\u0101ls.<\/p>\n<p>Neskatoties uz nesenaj\u0101m baum\u0101m un albuma emocion\u0101lo pies\u0101tin\u0101jumu, Diona ar p\u0101rliec\u012bbu noliedz \u0161\u0137ir\u0161anos no Ivara Krasta. Vi\u0146as sp\u0113ja izpaust dzi\u013cas emocijas caur m\u016bziku, vienlaikus saglab\u0101jot stabilas attiec\u012bbas, ir apliecin\u0101jums vi\u0146as m\u0101kslinieciskajai briedumam un person\u012bgajai stipr\u012bbai. Turpm\u0101kais attiec\u012bbu att\u012bst\u012bbas virziens un rado\u0161ais ce\u013c\u0161 sol\u0101s b\u016bt interesants un pilns p\u0101rsteigumu.<\/p>\n","protected":false},"excerpt":{"rendered":"Diona noliedz \u0161\u0137ir\u0161anos no Ivara Krasta: &#8220;Tas ir p\u0101rpratums!&#8221; Nesenie mediju virpu\u013ci un baumas par dzied\u0101t\u0101jas Dionas Liepi\u0146as&hellip;\n","protected":false},"author":2,"featured_media":29532,"comment_status":"","ping_status":"","sticky":false,"template":"","format":"standard","meta":{"footnotes":""},"categories":[19],"tags":[262,6267,89,6701,90,35,39,38,36,37,34,40,9046,3434],"class_list":{"0":"post-29531","1":"post","2":"type-post","3":"status-publish","4":"format-standard","5":"has-post-thumbnail","7":"category-izklaide","8":"tag-attiecibas","9":"tag-diona","10":"tag-entertainment","11":"tag-ivars-krasts","12":"tag-izklaide","13":"tag-latvia","14":"tag-latvian","15":"tag-latviesu","16":"tag-latviesu-valoda","17":"tag-latviesuvaloda","18":"tag-latvija","19":"tag-lv","20":"tag-parpratums","21":"tag-skirsanas"},"share_on_mastodon":{"url":"https:\/\/pubeurope.com\/@lv\/115425926396930424","error":""},"_links":{"self":[{"href":"https:\/\/www.europesays.com\/lv\/wp-json\/wp\/v2\/posts\/29531","targetHints":{"allow":["GET"]}}],"collection":[{"href":"https:\/\/www.europesays.com\/lv\/wp-json\/wp\/v2\/posts"}],"about":[{"href":"https:\/\/www.europesays.com\/lv\/wp-json\/wp\/v2\/types\/post"}],"author":[{"embeddable":true,"href":"https:\/\/www.europesays.com\/lv\/wp-json\/wp\/v2\/users\/2"}],"replies":[{"embeddable":true,"href":"https:\/\/www.europesays.com\/lv\/wp-json\/wp\/v2\/comments?post=29531"}],"version-history":[{"count":0,"href":"https:\/\/www.europesays.com\/lv\/wp-json\/wp\/v2\/posts\/29531\/revisions"}],"wp:featuredmedia":[{"embeddable":true,"href":"https:\/\/www.europesays.com\/lv\/wp-json\/wp\/v2\/media\/29532"}],"wp:attachment":[{"href":"https:\/\/www.europesays.com\/lv\/wp-json\/wp\/v2\/media?parent=29531"}],"wp:term":[{"taxonomy":"category","embeddable":true,"href":"https:\/\/www.europesays.com\/lv\/wp-json\/wp\/v2\/categories?post=29531"},{"taxonomy":"post_tag","embeddable":true,"href":"https:\/\/www.europesays.com\/lv\/wp-json\/wp\/v2\/tags?post=29531"}],"curies":[{"name":"wp","href":"https:\/\/api.w.org\/{rel}","templated":true}]}}